{"id":135549,"date":"2024-11-21T14:12:17","date_gmt":"2024-11-21T17:12:17","guid":{"rendered":"https:\/\/www.aarquiteta.com.br\/blog\/varanda-pequena-2\/"},"modified":"2024-11-21T14:12:17","modified_gmt":"2024-11-21T17:12:17","slug":"varanda-pequena-2","status":"publish","type":"post","link":"https:\/\/www.aarquiteta.com.br\/blog\/varanda-pequena-2\/","title":{"rendered":"10 Fotos Inspira\u00e7\u00f5es para Decorar Varandas Pequenas"},"content":{"rendered":"<p><body><\/p>\n<p>Transforme sua varanda pequena em um espa\u00e7o incr\u00edvel com nossas inspira\u00e7\u00f5es e ideias de decora\u00e7\u00e3o. Descubra como otimizar cada metro quadrado e criar um ambiente aconchegante e funcional, seja para relaxar ou receber amigos.<\/p>\n<h2>Principais Pontos a Serem Abordados<\/h2>\n<ul>\n<li><b>Uso de Mobili\u00e1rio Multifuncional:<\/b> Escolher m\u00f3veis que otimizam o espa\u00e7o e servem a mais de uma fun\u00e7\u00e3o, garantindo praticidade e estilo.<\/li>\n<li><b>Verde na Varanda:<\/b> Adicionar plantas traz frescor e vida, tornando o ambiente mais harmonioso e agrad\u00e1vel.<\/li>\n<li><b>Ilumina\u00e7\u00e3o Estrat\u00e9gica:<\/b> Usar diferentes tipos de luz para criar atmosferas acolhedoras durante a noite.<\/li>\n<li><b>Cortinas para Conforto:<\/b> Utilizar cortinas e telas n\u00e3o s\u00f3 para privacidade, mas tamb\u00e9m como elementos decorativos.<\/li>\n<li><b>Paleta de Cores:<\/b> Escolher as cores certas pode ampliar a sensa\u00e7\u00e3o de espa\u00e7o e acolhimento na sua varanda.<\/li>\n<li><b>Detalhes que Impactam:<\/b> Pequenos acess\u00f3rios decorativos que trazem personalidade e charme ao espa\u00e7o.<\/li>\n<\/ul>\n<h2>Introdu\u00e7\u00e3o<\/h2>\n<p>As varandas pequenas podem parecer um desafio na hora de decorar, mas com as ideias corretas, elas t\u00eam o potencial de se tornar um verdadeiro ref\u00fagio. Neste artigo, vou compartilhar diversas maneiras de otimizar sua varanda, tornando-a um lugar mais convidativo e funcional para aproveitar a vida ao ar livre.<\/p>\n<h2>1. Usando Mobili\u00e1rio Multifuncional<\/h2>\n<h3>Por que escolher m\u00f3veis multifuncionais?<\/h3>\n<figure style=\"width: 1024px\" class=\"wp-caption aligncenter\"><img decoding=\"async\" src=\"https:\/\/www.aarquiteta.com.br\/blog\/wp-content\/uploads\/2024\/11\/varanda-pequena-2-730x913.jpg\" alt=\"Varanda pequena decorada com almofadas coloridas e detalhes acolhedores.\" title=\"\"><figcaption class=\"wp-caption-text\">Varanda pequena decorada com almofadas coloridas e detalhes acolhedores.<\/figcaption><\/figure>\n<p><b>M\u00f3veis multifuncionais<\/b> s\u00e3o verdadeiros aliados em varandas pequenas! Eles ocupam menos espa\u00e7o e servem a mais de uma finalidade. Por exemplo, um banco que tamb\u00e9m \u00e9 um ba\u00fa de armazenamento pode ajudar a manter sua varanda organizada. Al\u00e9m disso, mesas que se dobram ou extens\u00edveis oferecem flexibilidade para receber amigos. Quando planejando, pense em como cada pe\u00e7a pode ser \u00fatil em diferentes ocasi\u00f5es, fazendo dessa dualidade um trunfo no seu projeto.<\/p>\n<h2>2. Adicionando Plantas e Vegeta\u00e7\u00e3o<\/h2>\n<h3>Benef\u00edcios das plantas em varandas pequenas<\/h3>\n<figure style=\"width: 1024px\" class=\"wp-caption aligncenter\"><img decoding=\"async\" src=\"https:\/\/www.aarquiteta.com.br\/blog\/wp-content\/uploads\/2024\/11\/varanda-pequena01.jpg\" alt=\"65 Fotos Inspira\u00e7\u00f5es para Decorar Varandas Pequenas\" width=\"1024\" height=\"1024\" title=\"\"><figcaption class=\"wp-caption-text\">65 Fotos Inspira\u00e7\u00f5es para Decorar Varandas Pequenas<\/figcaption><\/figure>\n<p><b>Plantas<\/b> s\u00e3o mais do que simples elementos decorativos; elas trazem vida e frescor ao ambiente. Utilize vasos em diferentes alturas para criar um efeito visual interessante e, caso o espa\u00e7o permita, considere instalar uma pequena prateleira suspensa. Assim, voc\u00ea pode cultivar ervas, flores ou at\u00e9 mesmo pequenos vegetais, aproveitando ao m\u00e1ximo a luz natural. Imagine relaxar em um espa\u00e7o que cheira a natureza \u2014 \u00e9 pura magia!<\/p>\n<h2>3. Ilumina\u00e7\u00e3o Criativa<\/h2>\n<h3>Tipos de ilumina\u00e7\u00e3o para criar um ambiente acolhedor<\/h3>\n<figure style=\"width: 1024px\" class=\"wp-caption aligncenter\"><img decoding=\"async\" src=\"https:\/\/www.aarquiteta.com.br\/blog\/wp-content\/uploads\/2024\/11\/varanda-pequena-00.png\" alt=\"Varanda pequena com decora\u00e7\u00e3o encantadora com estilo moderno.\" title=\"\"><figcaption class=\"wp-caption-text\">Varanda pequena com decora\u00e7\u00e3o encantadora com estilo moderno.<\/figcaption><\/figure>\n<p>A <b>ilumina\u00e7\u00e3o<\/b> \u00e9 um fator crucial para a atmosfera da sua varanda. Optar por luzes pendentes, lanternas de mesa ou fitas de LED pode transformar o ambiente ao entardecer. Tente criar uma mistura de ilumina\u00e7\u00e3o direta e indireta para um resultado aconchegante e intimista. Pense em como a luz pode destacar as plantas e os m\u00f3veis, tornando sua varanda um local perfeito para relaxar e socializar.<\/p>\n<h2>4. Cortinas e Telas para Privacidade<\/h2>\n<h3>Como utilizar cortinas de forma eficaz<\/h3>\n<figure style=\"width: 1024px\" class=\"wp-caption aligncenter\"><img decoding=\"async\" src=\"https:\/\/www.aarquiteta.com.br\/blog\/wp-content\/uploads\/2024\/11\/varanda-pequena02.jpg\" alt=\"65 Fotos Inspira\u00e7\u00f5es para Decorar Varandas Pequenas\" width=\"1024\" height=\"1024\" title=\"\"><figcaption class=\"wp-caption-text\">65 Fotos Inspira\u00e7\u00f5es para Decorar Varandas Pequenas<\/figcaption><\/figure>\n<p><b>Cortinas<\/b> s\u00e3o muito mais do que prote\u00e7\u00e3o solar. Elas oferecem privacidade e podem adicionar um toque de eleg\u00e2ncia ao seu espa\u00e7o. Escolha tecidos leves e fluidos que flutuem com a brisa, criando uma sensa\u00e7\u00e3o de leveza e liberdade. Em espa\u00e7os menores, optando por cortinas em tons neutros ou claros, pode ajudar a ampliar visualmente o espa\u00e7o. O legal \u00e9 que elas podem ser abertas ou fechadas conforme a sua necessidade, permitindo total controle sobre a luminosidade.<\/p>\n<h2>5. Colorindo o Espa\u00e7o<\/h2>\n<h3>Escolhendo a paleta de cores apropriada<\/h3>\n<figure style=\"width: 1024px\" class=\"wp-caption aligncenter\"><img decoding=\"async\" src=\"https:\/\/www.aarquiteta.com.br\/blog\/wp-content\/uploads\/2024\/11\/varandas-e-sacadas-destaque-286x160.jpg\" alt=\"Varanda pequena com um toque sofisticado e minimalista.\" title=\"\"><figcaption class=\"wp-caption-text\">Varanda pequena com um toque sofisticado e minimalista.<\/figcaption><\/figure>\n<p>As cores t\u00eam um grande impacto no nosso bem-estar. Ao escolher a <b>paleta de cores<\/b> para a varanda, pense em como essas escolhas influenciam a sensa\u00e7\u00e3o de espa\u00e7o e conforto. Tons claros ajudam a aumentar a luminosidade e a sensa\u00e7\u00e3o de amplitude, enquanto cores mais escuras conferem profundidade e eleg\u00e2ncia. Combine as cores dos m\u00f3veis, acess\u00f3rios e at\u00e9 das flores para que tudo converse entre si, resultando em um ambiente visualmente harm\u00f4nico e agrad\u00e1vel.<\/p>\n<h2>6. Detalhes que Fazem a Diferen\u00e7a<\/h2>\n<h3>Adicionando toques pessoais<\/h3>\n<figure style=\"width: 1024px\" class=\"wp-caption aligncenter\"><img decoding=\"async\" src=\"https:\/\/www.aarquiteta.com.br\/blog\/wp-content\/uploads\/2024\/11\/varanda-pequena03.jpg\" alt=\"65 Fotos Inspira\u00e7\u00f5es para Decorar Varandas Pequenas\" width=\"1024\" height=\"1024\" title=\"\"><figcaption class=\"wp-caption-text\">65 Fotos Inspira\u00e7\u00f5es para Decorar Varandas Pequenas<\/figcaption><\/figure>\n<p>Os <b>detalhes<\/b> s\u00e3o o que trazem personalidade a qualquer espa\u00e7o! Utilize almofadas, tapetes e quadros decorativos para deixar a sua varanda com a sua cara. Pense na escolha de objetos que tragam boas mem\u00f3rias ou que voc\u00ea considere acolhedores. Cada pe\u00e7a pode contar uma hist\u00f3ria e fazer voc\u00ea se sentir mais em casa. Um porta-retrato com fotos de momentos especiais pode ser o toque final que falta para tornar o ambiente ainda mais especial.<\/p>\n<h2>Conclus\u00e3o<\/h2>\n<p>A decora\u00e7\u00e3o de varandas pequenas n\u00e3o tem que ser uma tarefa \u00e1rdua ou limitante. Com um pouquinho de <b>criatividade<\/b> e as dicas certas, seu espa\u00e7o pode ser transformado em um verdadeiro o\u00e1sis. Lembre-se de que cada cent\u00edmetro conta e que a uni\u00e3o de funcionalidade e est\u00e9tica \u00e9 a chave para um ambiente harmonioso. Comece a planejar sua varanda hoje mesmo e descubra como aproveitar ao m\u00e1ximo cada cantinho desse espa\u00e7o t\u00e3o especial!<\/p>\n<p><\/body><br \/>\n<figure style=\"width: 1024px\" class=\"wp-caption aligncenter\"><img decoding=\"async\" src=\"https:\/\/www.aarquiteta.com.br\/blog\/wp-content\/uploads\/2024\/11\/varanda-gourmet-000-286x160.jpg\" alt=\"Varanda pequena com elementos r\u00fasticos e aconchegantes.\" title=\"\"><figcaption class=\"wp-caption-text\">Varanda pequena com elementos r\u00fasticos e aconchegantes.<\/figcaption><\/figure>\n<figure style=\"width: 1024px\" class=\"wp-caption aligncenter\"><img decoding=\"async\" src=\"https:\/\/www.aarquiteta.com.br\/blog\/wp-content\/uploads\/2024\/11\/varanda-pequena4.jpg\" alt=\"65 Fotos Inspira\u00e7\u00f5es para Decorar Varandas Pequenas\" width=\"1024\" height=\"1024\" title=\"\"><figcaption class=\"wp-caption-text\">65 Fotos Inspira\u00e7\u00f5es para Decorar Varandas Pequenas<\/figcaption><\/figure>\n<figure style=\"width: 1024px\" class=\"wp-caption aligncenter\"><img decoding=\"async\" src=\"https:\/\/www.aarquiteta.com.br\/blog\/wp-content\/uploads\/2024\/11\/varanda-com-churrasqueira-286x160.jpg\" alt=\"Varanda gourmet bem equipada para momentos de confraterniza\u00e7\u00e3o.\" title=\"\"><figcaption class=\"wp-caption-text\">Varanda gourmet bem equipada para momentos de confraterniza\u00e7\u00e3o.<\/figcaption><\/figure>\n<h3>Para se aprofundar mais sobre o tema, veja a minha recomenda\u00e7\u00e3o sobre o tema deste artigo no v\u00eddeo a seguir abaixo:<\/h3>\n<p><iframe title=\"YouTube video player\" src=\"https:\/\/www.youtube.com\/embed\/txxhA2lT5_M\" width=\"560\" height=\"315\" frameborder=\"0\" allowfullscreen=\"allowfullscreen\"><\/iframe><\/p>\n<figure style=\"width: 1024px\" class=\"wp-caption aligncenter\"><img decoding=\"async\" src=\"https:\/\/www.aarquiteta.com.br\/blog\/wp-content\/uploads\/2024\/11\/varanda-pequena-1.jpg\" alt=\"Varanda pequena com m\u00f3veis que maximizam o espa\u00e7o sem perder o estilo.\" title=\"\"><figcaption class=\"wp-caption-text\">Varanda pequena com m\u00f3veis que maximizam o espa\u00e7o sem perder o estilo.<\/figcaption><\/figure>\n","protected":false},"excerpt":{"rendered":"<p>Veja 65 fotos encantadoras de varandas pequenas e dicas para decor\u00e1-las de forma criativa e pr\u00e1tica.<\/p>\n","protected":false},"author":102,"featured_media":135542,"comment_status":"closed","ping_status":"closed","sticky":false,"template":"","format":"standard","meta":{"footnotes":""},"categories":[1484],"tags":[],"class_list":["post-135549","post","type-post","status-publish","format-standard","has-post-thumbnail","category-decoracao"],"_wp_attached_file":null,"_wp_attachment_metadata":null,"_wp_attachment_context":null,"_wp_attachment_is_custom_header":null,"geo_longitude":null,"geo_public":null,"geo_latitude":null,"_publicize_done_external":null,"_wpas_done_3897181":null,"publicize_twitter_user":null,"_wpas_done_3897175":null,"_wpas_skip_3897181":null,"_wpas_skip_3897175":null,"_wpas_skip_3924723":null,"_wpas_mess":null,"_wpas_done_3924723":null,"wps_subtitle":"","_links":{"self":[{"href":"https:\/\/www.aarquiteta.com.br\/blog\/wp-json\/wp\/v2\/posts\/135549","targetHints":{"allow":["GET"]}}],"collection":[{"href":"https:\/\/www.aarquiteta.com.br\/blog\/wp-json\/wp\/v2\/posts"}],"about":[{"href":"https:\/\/www.aarquiteta.com.br\/blog\/wp-json\/wp\/v2\/types\/post"}],"author":[{"embeddable":true,"href":"https:\/\/www.aarquiteta.com.br\/blog\/wp-json\/wp\/v2\/users\/102"}],"replies":[{"embeddable":true,"href":"https:\/\/www.aarquiteta.com.br\/blog\/wp-json\/wp\/v2\/comments?post=135549"}],"version-history":[{"count":0,"href":"https:\/\/www.aarquiteta.com.br\/blog\/wp-json\/wp\/v2\/posts\/135549\/revisions"}],"wp:featuredmedia":[{"embeddable":true,"href":"https:\/\/www.aarquiteta.com.br\/blog\/wp-json\/wp\/v2\/media\/135542"}],"wp:attachment":[{"href":"https:\/\/www.aarquiteta.com.br\/blog\/wp-json\/wp\/v2\/media?parent=135549"}],"wp:term":[{"taxonomy":"category","embeddable":true,"href":"https:\/\/www.aarquiteta.com.br\/blog\/wp-json\/wp\/v2\/categories?post=135549"},{"taxonomy":"post_tag","embeddable":true,"href":"https:\/\/www.aarquiteta.com.br\/blog\/wp-json\/wp\/v2\/tags?post=135549"}],"curies":[{"name":"wp","href":"https:\/\/api.w.org\/{rel}","templated":true}]}}