{"id":135517,"date":"2024-11-21T09:21:06","date_gmt":"2024-11-21T12:21:06","guid":{"rendered":"https:\/\/www.aarquiteta.com.br\/blog\/mesa-laqueada\/"},"modified":"2024-11-21T09:21:06","modified_gmt":"2024-11-21T12:21:06","slug":"mesa-laqueada","status":"publish","type":"post","link":"https:\/\/www.aarquiteta.com.br\/blog\/mesa-laqueada\/","title":{"rendered":"O que \u00e9 mesa laqueada e 10 inspira\u00e7\u00f5es para o seu lar"},"content":{"rendered":"<p><body><\/p>\n<p>Mesas laqueadas s\u00e3o a combina\u00e7\u00e3o perfeita entre est\u00e9tica e funcionalidade, adequadas para qualquer ambiente e estilo de decora\u00e7\u00e3o. Neste guia, vou compartilhar dicas valiosas sobre compra, cuidado e montagem, para que voc\u00ea possa aproveitar ao m\u00e1ximo esse m\u00f3vel incr\u00edvel.<\/p>\n<h2>Introdu\u00e7\u00e3o<\/h2>\n<p>As mesas laqueadas t\u00eam se destacado em muitas casas por sua beleza e durabilidade. Aqui, exploraremos suas principais caracter\u00edsticas e o que as torna uma escolha popular no universo da decora\u00e7\u00e3o.<\/p>\n<h2>1. O que s\u00e3o mesas laqueadas?<\/h2>\n<p>Quando falamos de mesas laqueadas, nos referimos a pe\u00e7as de mobili\u00e1rio que passaram por um processo de laquea\u00e7\u00e3o, onde uma camada de acabamentos \u00e9 aplicada para dar brilho e prote\u00e7\u00e3o. Essa t\u00e9cnica utiliza tintas espec\u00edficas que garantem <b>um resultado visual sofisticado<\/b> e um toque final elegante.<\/p>\n<h2>2. Vantagens das mesas laqueadas<\/h2>\n<h3>2.1 Est\u00e9tica<\/h3>\n<figure style=\"width: 1024px\" class=\"wp-caption aligncenter\"><img decoding=\"async\" src=\"https:\/\/www.aarquiteta.com.br\/blog\/wp-content\/uploads\/2024\/11\/mesa-laqueada-2-730x913.jpg\" alt=\"Mesa laqueada elegante em ambiente decorado.\" title=\"\"><figcaption class=\"wp-caption-text\">Mesa laqueada elegante em ambiente decorado.<\/figcaption><\/figure>\n<p>O <b>acabamento brilhante<\/b> das mesas laqueadas proporciona um visual contempor\u00e2neo, que pode real\u00e7ar a decora\u00e7\u00e3o de qualquer c\u00f4modo. Elas s\u00e3o dispon\u00edveis em uma ampla gama de cores, permitindo que voc\u00ea encontre a nuance ideal que se encaixa no seu estilo.<\/p>\n<h3>2.2 Durabilidade<\/h3>\n<figure style=\"width: 1024px\" class=\"wp-caption aligncenter\"><img decoding=\"async\" src=\"https:\/\/www.aarquiteta.com.br\/blog\/wp-content\/uploads\/2024\/11\/mesa-laqueada01.jpg\" alt=\"O que \u00e9 mesa laqueada e 25 inspira\u00e7\u00f5es para o seu lar\" width=\"1024\" height=\"1024\" title=\"\"><figcaption class=\"wp-caption-text\">O que \u00e9 mesa laqueada e 25 inspira\u00e7\u00f5es para o seu lar<\/figcaption><\/figure>\n<p>Um dos maiores atrativos das mesas laqueadas \u00e9 a sua <b>resist\u00eancia<\/b>. A laquea\u00e7\u00e3o n\u00e3o s\u00f3 embeleza, mas tamb\u00e9m cria uma barreira contra a umidade e arranh\u00f5es, tornando-as ideais para lares movimentados, uma verdadeira prote\u00e7\u00e3o para o seu investimento.<\/p>\n<h2>3. Dicas na hora de comprar uma mesa laqueada<\/h2>\n<p>Antes de fazer sua compra, \u00e9 essencial considerar alguns pontos. Verifique a <b>qualidade da laquea\u00e7\u00e3o<\/b>: mesas bem laqueadas t\u00eam um acabamento uniforme e sem falhas. Al\u00e9m disso, sempre veja o peso e a estrutura para garantir que a mesa seja robusta o suficiente para suas necessidades.<\/p>\n<h2>4. Montagem de mesas laqueadas: passo a passo<\/h2>\n<p>Montar uma mesa laqueada pode parecer uma tarefa f\u00e1cil, mas requer aten\u00e7\u00e3o. Recomendo assistir a v\u00eddeos como o da <a href=\"https:\/\/youtube.com\/weQJUswFIWQ\" target=\"_blank\" rel=\"noopener\">Luan Dourado<\/a>, onde ele providencia um tutorial \u00fatil. Ele vai mostrar tudo, desde os acess\u00f3rios necess\u00e1rios at\u00e9 os passos finais, tornando o processo muito mais f\u00e1cil.<\/p>\n<h2>5. Cuidados e manuten\u00e7\u00e3o<\/h2>\n<p>Cuidar de uma mesa laqueada \u00e9 essencial para que ela mantenha sua beleza por muito tempo. Utilize <b>produtos de limpeza espec\u00edficos<\/b> e evite abrasivos que possam danificar o acabamento. Uma limpeza simples e frequente j\u00e1 faz maravilhas para preservar a apar\u00eancia do m\u00f3vel.<\/p>\n<h2>6. Inspira\u00e7\u00f5es para decora\u00e7\u00e3o<\/h2>\n<p>As mesas laqueadas s\u00e3o incrivelmente vers\u00e1teis. Poder ga <b>integr\u00e1-las<\/b> em diferentes ambientes, do minimalista ao boho, \u00e9 uma das suas maiores qualidades. Uma mesa branca, por exemplo, pode parecer moderna em uma sala de estar contempor\u00e2nea, enquanto uma mesa laqueada em madeira escura pode trazer calor a um ambiente cl\u00e1ssico.<\/p>\n<h3>6.1 Mesas laqueadas na sala de jantar<\/h3>\n<figure style=\"width: 1024px\" class=\"wp-caption aligncenter\"><img decoding=\"async\" src=\"https:\/\/www.aarquiteta.com.br\/blog\/wp-content\/uploads\/2024\/11\/mesa-laqueada-0.jpg\" alt=\"Mesa laqueada com laca, com acabamento liso e moderno.\" title=\"\"><figcaption class=\"wp-caption-text\">Mesa laqueada com laca, com acabamento liso e moderno.<\/figcaption><\/figure>\n<p>Imagine uma mesa laqueada, rodeada por cadeiras alinhadas, criando um espa\u00e7o para os momentos mais importantes com a fam\u00edlia. A luz refletindo em seu acabamento faz com que as refei\u00e7\u00f5es sejam ainda mais especiais.<\/p>\n<h3>6.2 Mesas laqueadas como mesas de caf\u00e9<\/h3>\n<figure style=\"width: 1024px\" class=\"wp-caption aligncenter\"><img decoding=\"async\" src=\"https:\/\/www.aarquiteta.com.br\/blog\/wp-content\/uploads\/2024\/11\/mesa-laqueada02.jpg\" alt=\"O que \u00e9 mesa laqueada e 25 inspira\u00e7\u00f5es para o seu lar\" width=\"1024\" height=\"1024\" title=\"\"><figcaption class=\"wp-caption-text\">O que \u00e9 mesa laqueada e 25 inspira\u00e7\u00f5es para o seu lar<\/figcaption><\/figure>\n<p>Uma mesa de caf\u00e9 laqueada \u00e9 o ponto focal perfeito para sua sala de estar. Com livros e decora\u00e7\u00f5es sobre ela, se torna um <b>s\u00edmbolo de estilo e aconchego<\/b>, tornando-se um lugar onde voc\u00ea pode relaxar e receber amigos.<\/p>\n<h3>6.3 Mesas laqueadas em ambientes de trabalho<\/h3>\n<figure style=\"width: 1024px\" class=\"wp-caption aligncenter\"><img decoding=\"async\" src=\"https:\/\/www.aarquiteta.com.br\/blog\/wp-content\/uploads\/2024\/11\/mesa-de-parede-00-286x160.jpg\" alt=\"Mesa de parede com design funcional.\" title=\"\"><figcaption class=\"wp-caption-text\">Mesa de parede com design funcional.<\/figcaption><\/figure>\n<p>Se voc\u00ea est\u00e1 criando um home office, uma mesa laqueada pode dar um toque de <b>profissionalismo<\/b> ao seu espa\u00e7o. Al\u00e9m de servir como m\u00f3vel funcional, ainda \u00e9 uma pe\u00e7a que agrega valor est\u00e9tico ao ambiente.<\/p>\n<h2>Conclus\u00e3o<\/h2>\n<p>Optar por mesas laqueadas \u00e9 uma escolha inteligente para quem deseja agregar beleza e funcionalidade \u00e0 sua casa. Com as informa\u00e7\u00f5es e dicas que compartilhei, voc\u00ea est\u00e1 mais do que preparado para fazer uma compra consciente e, claro, para cuidar do seu m\u00f3vel como ele merece. Afinal, cada mesa laqueada conta uma hist\u00f3ria \u00fanica em seu lar.<\/p>\n<p><\/body><br \/>\n<figure style=\"width: 1024px\" class=\"wp-caption aligncenter\"><img decoding=\"async\" src=\"https:\/\/www.aarquiteta.com.br\/blog\/wp-content\/uploads\/2024\/11\/mesa-laqueada03.jpg\" alt=\"O que \u00e9 mesa laqueada e 25 inspira\u00e7\u00f5es para o seu lar\" width=\"1024\" height=\"1024\" title=\"\"><figcaption class=\"wp-caption-text\">O que \u00e9 mesa laqueada e 25 inspira\u00e7\u00f5es para o seu lar<\/figcaption><\/figure>\n<figure style=\"width: 1024px\" class=\"wp-caption aligncenter\"><img decoding=\"async\" src=\"https:\/\/www.aarquiteta.com.br\/blog\/wp-content\/uploads\/2024\/11\/mesa-de-pallet-0000-286x160.png\" alt=\"Mesa de pallet de estilo sustent\u00e1vel.\" title=\"\"><figcaption class=\"wp-caption-text\">Mesa de pallet de estilo sustent\u00e1vel.<\/figcaption><\/figure>\n<figure style=\"width: 1024px\" class=\"wp-caption aligncenter\"><img decoding=\"async\" src=\"https:\/\/www.aarquiteta.com.br\/blog\/wp-content\/uploads\/2024\/11\/mesa-laqueada4.jpg\" alt=\"O que \u00e9 mesa laqueada e 25 inspira\u00e7\u00f5es para o seu lar\" width=\"1024\" height=\"1024\" title=\"\"><figcaption class=\"wp-caption-text\">O que \u00e9 mesa laqueada e 25 inspira\u00e7\u00f5es para o seu lar<\/figcaption><\/figure>\n<figure style=\"width: 1024px\" class=\"wp-caption aligncenter\"><img decoding=\"async\" src=\"https:\/\/www.aarquiteta.com.br\/blog\/wp-content\/uploads\/2024\/11\/mesa-lateral-capa-286x160.jpg\" alt=\"Mesa lateral com uso criativo na decora\u00e7\u00e3o.\" title=\"\"><figcaption class=\"wp-caption-text\">Mesa lateral com uso criativo na decora\u00e7\u00e3o.<\/figcaption><\/figure>\n<h3>Para se aprofundar mais sobre o tema, veja a minha recomenda\u00e7\u00e3o sobre o tema deste artigo no v\u00eddeo a seguir abaixo:<\/h3>\n<p><iframe title=\"YouTube video player\" src=\"https:\/\/www.youtube.com\/embed\/1VGfShz51yE\" width=\"560\" height=\"315\" frameborder=\"0\" allowfullscreen=\"allowfullscreen\"><\/iframe><\/p>\n<figure style=\"width: 1024px\" class=\"wp-caption aligncenter\"><img decoding=\"async\" src=\"https:\/\/www.aarquiteta.com.br\/blog\/wp-content\/uploads\/2024\/11\/mesa-laqueada-1-730x913.jpg\" alt=\"Mesa laqueada de jantar destacando eleg\u00e2ncia.\" title=\"\"><figcaption class=\"wp-caption-text\">Mesa laqueada de jantar destacando eleg\u00e2ncia.<\/figcaption><\/figure>\n","protected":false},"excerpt":{"rendered":"<p>Descubra o que \u00e9 mesa laqueada e inspire-se com 25 ideias criativas para decorar sua casa com eleg\u00e2ncia.<\/p>\n","protected":false},"author":102,"featured_media":135510,"comment_status":"closed","ping_status":"closed","sticky":false,"template":"","format":"standard","meta":{"footnotes":""},"categories":[1484],"tags":[],"class_list":["post-135517","post","type-post","status-publish","format-standard","has-post-thumbnail","category-decoracao"],"_wp_attached_file":null,"_wp_attachment_metadata":null,"_wp_attachment_context":null,"_wp_attachment_is_custom_header":null,"geo_longitude":null,"geo_public":null,"geo_latitude":null,"_publicize_done_external":null,"_wpas_done_3897181":null,"publicize_twitter_user":null,"_wpas_done_3897175":null,"_wpas_skip_3897181":null,"_wpas_skip_3897175":null,"_wpas_skip_3924723":null,"_wpas_mess":null,"_wpas_done_3924723":null,"wps_subtitle":"","_links":{"self":[{"href":"https:\/\/www.aarquiteta.com.br\/blog\/wp-json\/wp\/v2\/posts\/135517","targetHints":{"allow":["GET"]}}],"collection":[{"href":"https:\/\/www.aarquiteta.com.br\/blog\/wp-json\/wp\/v2\/posts"}],"about":[{"href":"https:\/\/www.aarquiteta.com.br\/blog\/wp-json\/wp\/v2\/types\/post"}],"author":[{"embeddable":true,"href":"https:\/\/www.aarquiteta.com.br\/blog\/wp-json\/wp\/v2\/users\/102"}],"replies":[{"embeddable":true,"href":"https:\/\/www.aarquiteta.com.br\/blog\/wp-json\/wp\/v2\/comments?post=135517"}],"version-history":[{"count":0,"href":"https:\/\/www.aarquiteta.com.br\/blog\/wp-json\/wp\/v2\/posts\/135517\/revisions"}],"wp:featuredmedia":[{"embeddable":true,"href":"https:\/\/www.aarquiteta.com.br\/blog\/wp-json\/wp\/v2\/media\/135510"}],"wp:attachment":[{"href":"https:\/\/www.aarquiteta.com.br\/blog\/wp-json\/wp\/v2\/media?parent=135517"}],"wp:term":[{"taxonomy":"category","embeddable":true,"href":"https:\/\/www.aarquiteta.com.br\/blog\/wp-json\/wp\/v2\/categories?post=135517"},{"taxonomy":"post_tag","embeddable":true,"href":"https:\/\/www.aarquiteta.com.br\/blog\/wp-json\/wp\/v2\/tags?post=135517"}],"curies":[{"name":"wp","href":"https:\/\/api.w.org\/{rel}","templated":true}]}}