{"id":135432,"date":"2024-11-19T17:57:24","date_gmt":"2024-11-19T20:57:24","guid":{"rendered":"https:\/\/www.aarquiteta.com.br\/blog\/vidro-canelado-2\/"},"modified":"2024-11-19T17:57:24","modified_gmt":"2024-11-19T20:57:24","slug":"vidro-canelado-2","status":"publish","type":"post","link":"https:\/\/www.aarquiteta.com.br\/blog\/vidro-canelado-2\/","title":{"rendered":"Vidro Canelado: 60 Ideias para um Ar Retr\u00f4 na Decora\u00e7\u00e3o"},"content":{"rendered":"<p><body><\/p>\n<p>O <b>vidro canelado<\/b>, com seu toque de nostalgia e modernidade, n\u00e3o \u00e9 apenas um item decorativo, mas uma solu\u00e7\u00e3o inteligente que aporta privacidade e charme a qualquer ambiente. Neste artigo, vou compartilhar como us\u00e1-lo de forma criativa em sua casa!<\/p>\n<h2>Introdu\u00e7\u00e3o<\/h2>\n<p>Neste artigo, vamos aprofundar no <b>vidro canelado<\/b>, suas vantagens, os diversos tipos dispon\u00edveis e muitas maneiras criativas de us\u00e1-lo na decora\u00e7\u00e3o da sua casa, do banheiro \u00e0 sala de estar, unindo funcionalidade e beleza.<\/p>\n<h2>O que \u00e9 o vidro canelado?<\/h2>\n<p>O <b>vidro canelado<\/b> \u00e9 um tipo de vidro que possui uma textura ondulada em sua superf\u00edcie. Ele n\u00e3o \u00e9 apenas um material; \u00e9 um verdadeiro \u00edcone de estilo que carrega uma hist\u00f3ria rica, sendo muito utilizado no passado e ressurgindo com for\u00e7a na <b>decora\u00e7\u00e3o contempor\u00e2nea<\/b>.<\/p>\n<h2>Vantagens do vidro canelado<\/h2>\n<h3>1. Privacidade e ilumina\u00e7\u00e3o<\/h3>\n<figure style=\"width: 1024px\" class=\"wp-caption aligncenter\"><img decoding=\"async\" src=\"https:\/\/www.aarquiteta.com.br\/blog\/wp-content\/uploads\/2024\/11\/vidro-canelado01.jpg\" alt=\"Vidro Canelado: 60 Ideias para um Ar Retr\u00f4 na Decora\u00e7\u00e3o\" width=\"1024\" height=\"1024\" title=\"\"><figcaption class=\"wp-caption-text\">Vidro Canelado: 60 Ideias para um Ar Retr\u00f4 na Decora\u00e7\u00e3o<\/figcaption><\/figure>\n<p>Um dos grandes trunfos do vidro canelado \u00e9 que ele permite a entrada de luz natural, mas mantendo a <b>privacidade<\/b> do ambiente. Isso significa que voc\u00ea pode desfrutar de espa\u00e7os bem iluminados sem se preocupar com olhares curiosos! \u00c9 como ter um outdoor de luz no seu lar.<\/p>\n<h3>2. Versatilidade decorativa<\/h3>\n<figure style=\"width: 1024px\" class=\"wp-caption aligncenter\"><img decoding=\"async\" src=\"https:\/\/www.aarquiteta.com.br\/blog\/wp-content\/uploads\/2024\/11\/2_porta-francesa-0-286x160.jpg\" alt=\"Porta francesa: 40 modelos cheios de charme para a sua casa\" title=\"\"><figcaption class=\"wp-caption-text\">Porta francesa: 40 modelos cheios de charme para a sua casa<\/figcaption><\/figure>\n<p>O <b>vidro canelado<\/b> \u00e9 extremamente vers\u00e1til. Voc\u00ea pode utiliz\u00e1-lo em janelas, portas, ou at\u00e9 mesmo em m\u00f3veis como estantes e divis\u00f3rias. Ele se adapta a diversos estilos, seja no mais r\u00fastico ou no mais moderno. Um verdadeiro camale\u00e3o da decora\u00e7\u00e3o!<\/p>\n<h3>3. Estilo e est\u00e9tica<\/h3>\n<figure style=\"width: 1024px\" class=\"wp-caption aligncenter\"><img decoding=\"async\" src=\"https:\/\/www.aarquiteta.com.br\/blog\/wp-content\/uploads\/2024\/11\/vidro-canelado-000.jpg\" alt=\"Foto de vidro canelado\" title=\"\"><figcaption class=\"wp-caption-text\">Foto de vidro canelado<\/figcaption><\/figure>\n<p>Visualmente, o vidro canelado \u00e9 um show \u00e0 parte. Seu design <b>exclusivo<\/b> complementa desde ambientes mais cl\u00e1ssicos at\u00e9 os mais arrojados. Ele traz uma est\u00e9tica retr\u00f4 encantadora que pode ser o toque final em qualquer projeto de interiores.<\/p>\n<h2>Tipos de vidro canelado<\/h2>\n<p>Existem diferentes tipos de vidro canelado, dispon\u00edveis em cores como incolor, fum\u00ea e bronze. Cada varia\u00e7\u00e3o pode pegar um papel diferente na sua casa, dando um <b>toque especial<\/b> \u00e0 decora\u00e7\u00e3o. O importante \u00e9 escolher um que se alinhe com a sua vis\u00e3o de espa\u00e7o.<\/p>\n<h2>Como usar vidro canelado na decora\u00e7\u00e3o<\/h2>\n<h3>1. Janelas e portas<\/h3>\n<figure style=\"width: 1024px\" class=\"wp-caption aligncenter\"><img decoding=\"async\" src=\"https:\/\/www.aarquiteta.com.br\/blog\/wp-content\/uploads\/2024\/11\/vidro-canelado02.jpg\" alt=\"Vidro Canelado: 60 Ideias para um Ar Retr\u00f4 na Decora\u00e7\u00e3o\" width=\"1024\" height=\"1024\" title=\"\"><figcaption class=\"wp-caption-text\">Vidro Canelado: 60 Ideias para um Ar Retr\u00f4 na Decora\u00e7\u00e3o<\/figcaption><\/figure>\n<p>O uso do vidro canelado em janelas e portas \u00e9 uma solu\u00e7\u00e3o que n\u00e3o s\u00f3 embeleza, mas tamb\u00e9m agrega funcionalidade. Imagine abrir uma porta e ser recebido por um jogo de luzes que se entrela\u00e7am, criando um <b>brilho \u00fanico<\/b> no ambiente!<\/p>\n<h3>2. Divis\u00f3rias internas<\/h3>\n<figure style=\"width: 1024px\" class=\"wp-caption aligncenter\"><img decoding=\"async\" src=\"https:\/\/www.aarquiteta.com.br\/blog\/wp-content\/uploads\/2024\/11\/vidro-canelado-001-730x449.jpg\" alt=\"Vidro canelado: 60 ideias para um ar retr\u00f4 na decora\u00e7\u00e3o\" title=\"\"><figcaption class=\"wp-caption-text\">Vidro canelado: 60 ideias para um ar retr\u00f4 na decora\u00e7\u00e3o<\/figcaption><\/figure>\n<p>Ao separar ambientes, o vidro canelado pode ser uma \u00f3tima op\u00e7\u00e3o. Ele permite que os espa\u00e7os respirem e fluam de maneira <b>elegante<\/b>, sem perder a privacidade. Pode ser o divisor ideal para um home office, sem fazer voc\u00ea sentir que est\u00e1 em um cub\u00edculo.<\/p>\n<h3>3. Mobili\u00e1rio<\/h3>\n<figure style=\"width: 1024px\" class=\"wp-caption aligncenter\"><img decoding=\"async\" src=\"https:\/\/www.aarquiteta.com.br\/blog\/wp-content\/uploads\/2024\/11\/vidro-canelado03.jpg\" alt=\"Vidro Canelado: 60 Ideias para um Ar Retr\u00f4 na Decora\u00e7\u00e3o\" width=\"1024\" height=\"1024\" title=\"\"><figcaption class=\"wp-caption-text\">Vidro Canelado: 60 Ideias para um Ar Retr\u00f4 na Decora\u00e7\u00e3o<\/figcaption><\/figure>\n<p>Incorporar o <b>vidro canelado<\/b> em m\u00f3veis \u00e9 uma tend\u00eancia que veio pra ficar! Desde arm\u00e1rios at\u00e9 estantes, essa materialidade traz n\u00e3o apenas beleza, mas uma funcionalidade \u00fanica. Imagine um m\u00f3vel que \u00e9 t\u00e3o bonito que voc\u00ea se pergunta: &#8220;onde eu estava com a cabe\u00e7a ao n\u00e3o usar isso antes?&#8221;<\/p>\n<h3>4. Na cozinha: charme e praticidade<\/h3>\n<figure style=\"width: 1024px\" class=\"wp-caption aligncenter\"><img decoding=\"async\" src=\"https:\/\/www.aarquiteta.com.br\/blog\/wp-content\/uploads\/2024\/11\/2_vidro-jateado-00.jpg\" alt=\"Foto de vidro jateado\" title=\"\"><figcaption class=\"wp-caption-text\">Foto de vidro jateado<\/figcaption><\/figure>\n<p>Ah, a cozinha! Um espa\u00e7o que merece toda a aten\u00e7\u00e3o. O vidro canelado pode ser uma excelente escolha para separar a \u00e1rea da lavanderia ou mesmo em arm\u00e1rios. Ele n\u00e3o s\u00f3 organiza como tamb\u00e9m <b>enriquece o visual<\/b> do ambiente.<\/p>\n<h3>5. Banheiros com eleg\u00e2ncia<\/h3>\n<figure style=\"width: 1024px\" class=\"wp-caption aligncenter\"><img decoding=\"async\" src=\"https:\/\/www.aarquiteta.com.br\/blog\/wp-content\/uploads\/2024\/11\/vidro-canelado4.jpg\" alt=\"Vidro Canelado: 60 Ideias para um Ar Retr\u00f4 na Decora\u00e7\u00e3o\" width=\"1024\" height=\"1024\" title=\"\"><figcaption class=\"wp-caption-text\">Vidro Canelado: 60 Ideias para um Ar Retr\u00f4 na Decora\u00e7\u00e3o<\/figcaption><\/figure>\n<p>No banheiro, o vidro canelado pode servir como uma \u00f3tima op\u00e7\u00e3o para camuflar \u00e1reas e, ao mesmo tempo, garantir a passagem de luz. Aqui, a praticidade se junta ao estilo, trazendo um toque de frescor ao espa\u00e7o sem abertura de janelas, por exemplo.<\/p>\n<h3>6. A magia do contraste<\/h3>\n<figure style=\"width: 1024px\" class=\"wp-caption aligncenter\"><img decoding=\"async\" src=\"https:\/\/www.aarquiteta.com.br\/blog\/wp-content\/uploads\/2024\/11\/2_divisoria-de-vidro-1-286x160.png\" alt=\"Divis\u00f3ria de vidro: um item essencial para organizar os ambientes\" title=\"\"><figcaption class=\"wp-caption-text\">Divis\u00f3ria de vidro: um item essencial para organizar os ambientes<\/figcaption><\/figure>\n<p>Uma das coisas mais fascinantes sobre o vidro canelado \u00e9 como ele <b>contrasta<\/b> com outros materiais. O uso dele combinado a madeira ou metal pode criar um visual deslumbrante e cheio de personalidade nos seus ambientes.<\/p>\n<h3>7. Solu\u00e7\u00e3o para espa\u00e7os pequenos<\/h3>\n<p><iframe title=\"YouTube video player\" src=\"https:\/\/www.youtube.com\/embed\/\" width=\"560\" height=\"315\" frameborder=\"0\" allowfullscreen=\"allowfullscreen\"><\/iframe><\/p>\n<p>Para quem vive em apartamentos ou casas menores, o vidro canelado \u00e9 uma solu\u00e7\u00e3o perfeita! Ele pode fazer com que os ambientes pare\u00e7am <b>maiores e mais abertos<\/b>, sem comprometer a funcionalidade ou a privacidade. \u00c9 como abrir uma janela na sua casa.<\/p>\n<h3>8. Toques decorativos<\/h3>\n<p>Existem muitos pequenos detalhes decorativos onde o vidro canelado pode brilhar. Em objetos decorativos, prateleiras ou mesmo em pequenos quadros. Essa materialidade pode ser o <b>detalhe que faz toda a diferen\u00e7a<\/b> no seu espa\u00e7o!<\/p>\n<h3>9. A serenidade do dia a dia<\/h3>\n<figure style=\"width: 1024px\" class=\"wp-caption aligncenter\"><img decoding=\"async\" src=\"https:\/\/www.aarquiteta.com.br\/blog\/wp-content\/uploads\/2024\/11\/vidro-canelado-1-730x913.jpg\" alt=\"Foto de vidro canelado\" title=\"\"><figcaption class=\"wp-caption-text\">Foto de vidro canelado<\/figcaption><\/figure>\n<p>O simples ato de permitir que a luz passe atrav\u00e9s do vidro canelado cria uma sensa\u00e7\u00e3o de serenidade. \u00c9 como um lembrete de que a natureza, mesmo em ambientes fechados, sempre pode brincar com a luz e criar ambientes encantadores.<\/p>\n<h3>10. Toque retr\u00f4 em ambientes contempor\u00e2neos<\/h3>\n<p>Por \u00faltimo, o vidro canelado \u00e9 o que chamamos de &#8220;curinga&#8221; na decora\u00e7\u00e3o. Pode adicionar rapidamente um <b>toque retr\u00f4<\/b> em ambientes modernos, fazendo-os fluir e ecleticamente se transformando sem perder a ess\u00eancia original.<\/p>\n<h2>Conclus\u00e3o<\/h2>\n<p>O <b>vidro canelado<\/b> \u00e9 uma solu\u00e7\u00e3o decorativa que vai muito al\u00e9m de sua fun\u00e7\u00e3o f\u00edsica. Ele oferece uma harmonia entre estilo e funcionalidade, capaz de transformar qualquer espa\u00e7o em um lugar acolhedor e cheio de personalidade. Se voc\u00ea est\u00e1 buscando uma maneira de trazer leveza e charme \u00e0 sua casa, o vidro canelado com certeza deve estar na sua lista de op\u00e7\u00f5es!<\/p>\n<p><\/body><\/p>\n","protected":false},"excerpt":{"rendered":"<p>Descubra 60 ideias criativas para usar o vidro canelado na decora\u00e7\u00e3o da sua casa, mesclando charme retro e modernidade.<\/p>\n","protected":false},"author":102,"featured_media":135428,"comment_status":"closed","ping_status":"closed","sticky":false,"template":"","format":"standard","meta":{"footnotes":""},"categories":[1507,249],"tags":[],"class_list":["post-135432","post","type-post","status-publish","format-standard","has-post-thumbnail","category-arquitetura","category-engenharia-e-construcao-civil"],"_wp_attached_file":null,"_wp_attachment_metadata":null,"_wp_attachment_context":null,"_wp_attachment_is_custom_header":null,"geo_longitude":null,"geo_public":null,"geo_latitude":null,"_publicize_done_external":null,"_wpas_done_3897181":null,"publicize_twitter_user":null,"_wpas_done_3897175":null,"_wpas_skip_3897181":null,"_wpas_skip_3897175":null,"_wpas_skip_3924723":null,"_wpas_mess":null,"_wpas_done_3924723":null,"wps_subtitle":"","_links":{"self":[{"href":"https:\/\/www.aarquiteta.com.br\/blog\/wp-json\/wp\/v2\/posts\/135432","targetHints":{"allow":["GET"]}}],"collection":[{"href":"https:\/\/www.aarquiteta.com.br\/blog\/wp-json\/wp\/v2\/posts"}],"about":[{"href":"https:\/\/www.aarquiteta.com.br\/blog\/wp-json\/wp\/v2\/types\/post"}],"author":[{"embeddable":true,"href":"https:\/\/www.aarquiteta.com.br\/blog\/wp-json\/wp\/v2\/users\/102"}],"replies":[{"embeddable":true,"href":"https:\/\/www.aarquiteta.com.br\/blog\/wp-json\/wp\/v2\/comments?post=135432"}],"version-history":[{"count":0,"href":"https:\/\/www.aarquiteta.com.br\/blog\/wp-json\/wp\/v2\/posts\/135432\/revisions"}],"wp:featuredmedia":[{"embeddable":true,"href":"https:\/\/www.aarquiteta.com.br\/blog\/wp-json\/wp\/v2\/media\/135428"}],"wp:attachment":[{"href":"https:\/\/www.aarquiteta.com.br\/blog\/wp-json\/wp\/v2\/media?parent=135432"}],"wp:term":[{"taxonomy":"category","embeddable":true,"href":"https:\/\/www.aarquiteta.com.br\/blog\/wp-json\/wp\/v2\/categories?post=135432"},{"taxonomy":"post_tag","embeddable":true,"href":"https:\/\/www.aarquiteta.com.br\/blog\/wp-json\/wp\/v2\/tags?post=135432"}],"curies":[{"name":"wp","href":"https:\/\/api.w.org\/{rel}","templated":true}]}}