{"id":135375,"date":"2024-11-19T11:23:28","date_gmt":"2024-11-19T14:23:28","guid":{"rendered":"https:\/\/www.aarquiteta.com.br\/blog\/objetos-de-decoracao-letra-a\/"},"modified":"2024-11-19T11:33:51","modified_gmt":"2024-11-19T14:33:51","slug":"objetos-de-decoracao-letra-a","status":"publish","type":"post","link":"https:\/\/www.aarquiteta.com.br\/blog\/objetos-de-decoracao-letra-a\/","title":{"rendered":"5 Objetos de Decora\u00e7\u00e3o que Come\u00e7am com a Letra &#8220;A&#8221; e S\u00e3o Indispens\u00e1veis em Sua Casa"},"content":{"rendered":"<p>Descubra 5 objetos de decora\u00e7\u00e3o que come\u00e7am com a letra &#8220;A&#8221; e que s\u00e3o essenciais para transformar sua casa em um espa\u00e7o acolhedor e estiloso.<\/p><h2>Destaques principais<\/h2><ul><li><b>Abajur:<\/b> A ilumina\u00e7\u00e3o \u00e9 fundamental para criar ambientes aconchegantes e o abajur \u00e9 uma pe\u00e7a chave para isso.<\/li><li><b>Almofadas:<\/b> Elas trazem conforto e cor, permitindo que voc\u00ea brinque com texturas e estilos na sua decora\u00e7\u00e3o.<\/li><li><b>Arte na <a href=\"https:\/\/www.aarquiteta.com.br\/blog\/?s=PAREDE\">Parede<\/a>:<\/b> Adicionar arte ao ambiente \u00e9 uma forma de expressar sua personalidade e dar vida ao espa\u00e7o.<\/li><\/ul><h2>1. Abajur: Ilumina\u00e7\u00e3o e Estilo<\/h2><p>O <b>abajur<\/b> \u00e9 mais do que uma fonte de luz; ele \u00e9 um elemento decorativo que pode transformar completamente a atmosfera de um ambiente. Ao escolher um abajur, considere o estilo da sua casa e a fun\u00e7\u00e3o que ele ir\u00e1 desempenhar. Um abajur bem posicionado pode criar um canto de leitura perfeito ou destacar uma <a href=\"https:\/\/www.aarquiteta.com.br\/blog\/cursos-de-arquitetura-e-decoracao\/curso-de-gerenciamento-de-obras\">obra<\/a> de arte.<\/p><h3>1.1 Tipos de Abajur<\/h3><p><img decoding=\"async\" class=\"alignnone size-full wp-image-118334\" src=\"https:\/\/www.aarquiteta.com.br\/blog\/wp-content\/uploads\/2024\/07\/abajour-de-pe-1.jpg\" alt=\"\" width=\"550\" height=\"825\" title=\"\"><\/p><p>Existem diversos tipos de abajures, como os de mesa, de p\u00e9 e de parede. Cada um deles tem suas caracter\u00edsticas e pode ser utilizado em diferentes ambientes. Por exemplo, um abajur de p\u00e9 pode ser ideal para a sala de estar, enquanto um de mesa \u00e9 perfeito para o <a href=\"https:\/\/www.aarquiteta.com.br\/blog\/?s=quarto\">quarto<\/a>.<\/p><h3>1.2 Como Escolher o Abajur Ideal<\/h3><p>Na hora de escolher o abajur, pense na <b>intensidade da luz<\/b> que voc\u00ea deseja e no estilo que mais combina com a sua decora\u00e7\u00e3o. Abajures com luz amarelada criam um ambiente mais acolhedor, enquanto os de luz branca s\u00e3o mais indicados para \u00e1reas de trabalho.<\/p><h2>2. Almofadas: Conforto e Cores<\/h2><p>As <b>almofadas<\/b> s\u00e3o acess\u00f3rios vers\u00e1teis que podem mudar a cara de um <a href=\"https:\/\/www.aarquiteta.com.br\/blog\/?s=SOFA\">sof\u00e1<\/a> ou cama. Elas trazem conforto e podem ser usadas para adicionar cor e textura ao ambiente. Al\u00e9m disso, s\u00e3o uma forma f\u00e1cil e econ\u00f4mica de atualizar a decora\u00e7\u00e3o.<\/p><h3>2.1 Estilos de Almofadas<\/h3><p><img decoding=\"async\" class=\"alignnone size-full wp-image-125983\" src=\"https:\/\/www.aarquiteta.com.br\/blog\/wp-content\/uploads\/2024\/08\/dicas-de-decoracao-para-casa-com-varias-almofadas-na-varanda-Foto-Marilia-Veiga.webp\" alt=\"\" width=\"900\" height=\"598\" title=\"\"><\/p><p>Voc\u00ea pode encontrar almofadas em diversos estilos, desde as mais cl\u00e1ssicas at\u00e9 as mais modernas. Escolher almofadas com estampas ou texturas diferentes pode criar um efeito visual interessante e din\u00e2mico.<\/p><h3>2.2 Dicas de Combina\u00e7\u00e3o<\/h3><figure style=\"width: 1024px\" class=\"wp-caption aligncenter\"><img decoding=\"async\" src=\"https:\/\/www.aarquiteta.com.br\/blog\/wp-content\/uploads\/2024\/11\/objetos-de-decoracao-letra-A01.jpg\" alt=\"5 Objetos de Decora\u00e7\u00e3o que Come\u00e7am com a Letra \" width=\"1024\" height=\"1024\" title=\"\"><figcaption class=\"wp-caption-text\">5 Objetos de Decora\u00e7\u00e3o que Come\u00e7am com a Letra &#8220;A&#8221; e S\u00e3o Indispens\u00e1veis em Sua Casa<\/figcaption><\/figure><p>Uma dica \u00e9 misturar almofadas de diferentes tamanhos e formatos. Isso cria um visual mais <b>despojado<\/b> e acolhedor. N\u00e3o tenha medo de ousar nas combina\u00e7\u00f5es de <a href=\"https:\/\/www.aarquiteta.com.br\/blog\/?s=CORES\">cores<\/a> e padr\u00f5es!<\/p><h2>3. Arte na Parede: Personalidade ao Ambiente<\/h2><p><img decoding=\"async\" class=\"alignnone size-full wp-image-134681\" src=\"https:\/\/www.aarquiteta.com.br\/blog\/wp-content\/uploads\/2024\/11\/parede-azul-2-730x913.jpg\" alt=\"\" width=\"730\" height=\"913\" title=\"\"><\/p><p>Adicionar <b>arte na parede<\/b> \u00e9 uma maneira incr\u00edvel de expressar sua personalidade e dar vida ao espa\u00e7o. A arte pode ser uma pintura, uma fotografia ou at\u00e9 mesmo uma cole\u00e7\u00e3o de quadros.<\/p><h3>3.1 Tipos de Arte para Decorar<\/h3><p style=\"text-align: center;\">[amazon table=&#8221;88247&#8243;][amazon table=&#8221;83104&#8243;][amazon table=&#8221;83104&#8243;][amazon table=&#8221;82945&#8243;][amazon table=&#8221;88827&#8243;]<p>Existem muitos tipos de arte que voc\u00ea pode usar na decora\u00e7\u00e3o. Desde obras de artistas renomados at\u00e9 pe\u00e7as de arte popular, o importante \u00e9 escolher algo que ressoe com voc\u00ea.<\/p><h3>3.2 Como Dispor as Pe\u00e7as<\/h3><h3>Assista agora a minha recomenda\u00e7\u00e3o de video abaixo sobre o tema que estamos tratando neste artigo:<\/h3><div class=\"youtube-embed\" data-video_id=\"EswLBsU6cik\"><iframe title=\"Coisas da casa em Ingl\u00eas - Ingl\u00eas Minuto - Objetos da casa em Ingl\u00eas\" width=\"696\" height=\"392\" src=\"https:\/\/www.youtube.com\/embed\/EswLBsU6cik?feature=oembed&#038;enablejsapi=1\" frameborder=\"0\" allow=\"accelerometer; autoplay; clipboard-write; encrypted-media; gyroscope; picture-in-picture; web-share\" referrerpolicy=\"strict-origin-when-cross-origin\" allowfullscreen><\/iframe><\/div><p>Na hora de dispor as pe\u00e7as, pense na <b>harmonia<\/b> do ambiente. Uma boa dica \u00e9 criar uma galeria de arte em uma parede, misturando diferentes tamanhos e estilos de quadros.<\/p><h2>4. Arranjos de Flores: Vida e Frescor<\/h2><figure id=\"attachment_106952\" aria-describedby=\"caption-attachment-106952\" style=\"width: 1024px\" class=\"wp-caption alignnone\"><img decoding=\"async\" class=\"size-full wp-image-106952\" src=\"https:\/\/www.aarquiteta.com.br\/blog\/wp-content\/uploads\/2024\/02\/como-fazer-arranjos-com-flores-secas01.jpg\" alt=\"como fazer arranjos com flores secas\" width=\"1024\" height=\"1024\" title=\"\" srcset=\"https:\/\/www.aarquiteta.com.br\/blog\/wp-content\/uploads\/2024\/02\/como-fazer-arranjos-com-flores-secas01.jpg 1024w, https:\/\/www.aarquiteta.com.br\/blog\/wp-content\/uploads\/2024\/02\/como-fazer-arranjos-com-flores-secas01-696x696.jpg 696w, https:\/\/www.aarquiteta.com.br\/blog\/wp-content\/uploads\/2024\/02\/como-fazer-arranjos-com-flores-secas01-96x96.jpg 96w, https:\/\/www.aarquiteta.com.br\/blog\/wp-content\/uploads\/2024\/02\/como-fazer-arranjos-com-flores-secas01-150x150.jpg 150w\" sizes=\"(max-width: 1024px) 100vw, 1024px\" \/><figcaption id=\"caption-attachment-106952\" class=\"wp-caption-text\">como fazer arranjos com flores secas<\/figcaption><\/figure><p>Os <b>arranjos de flores<\/b> trazem um toque de frescor e vida para qualquer ambiente. Eles s\u00e3o perfeitos para alegrar a casa e podem ser usados em diversas ocasi\u00f5es.<\/p><h3>4.1 Tipos de Arranjos<\/h3><p>Voc\u00ea pode optar por arranjos de flores naturais ou artificiais. As flores naturais trazem um aroma agrad\u00e1vel, enquanto as artificiais s\u00e3o mais pr\u00e1ticas e duram mais.<\/p><h3>4.2 Cuidados com as Flores<\/h3><p>Se voc\u00ea escolher flores naturais, lembre-se de cuidar delas adequadamente. Troque a \u00e1gua regularmente e mantenha as flores em um local com luz indireta para que durem mais.<\/p><h2>5. Acess\u00f3rios de Mesa: Detalhes que Encantam<\/h2><p><img decoding=\"async\" class=\"alignnone size-full wp-image-78071\" src=\"https:\/\/www.aarquiteta.com.br\/blog\/wp-content\/uploads\/2023\/04\/Mesa-de-Centro-na-Decoracao-da-Sala-Ideias-e-Dicas-para-um-Ambiente-Aconchegante-Estilos-e-Tendencias.jpg\" alt=\"Mesa de Centro na Decora\u00e7\u00e3o da Sala Ideias e Dicas para um Ambiente Aconchegante Estilos e Tend\u00eancias\" width=\"780\" height=\"500\" title=\"\" srcset=\"https:\/\/www.aarquiteta.com.br\/blog\/wp-content\/uploads\/2023\/04\/Mesa-de-Centro-na-Decoracao-da-Sala-Ideias-e-Dicas-para-um-Ambiente-Aconchegante-Estilos-e-Tendencias.jpg 780w, https:\/\/www.aarquiteta.com.br\/blog\/wp-content\/uploads\/2023\/04\/Mesa-de-Centro-na-Decoracao-da-Sala-Ideias-e-Dicas-para-um-Ambiente-Aconchegante-Estilos-e-Tendencias-696x446.jpg 696w, https:\/\/www.aarquiteta.com.br\/blog\/wp-content\/uploads\/2023\/04\/Mesa-de-Centro-na-Decoracao-da-Sala-Ideias-e-Dicas-para-um-Ambiente-Aconchegante-Estilos-e-Tendencias-150x96.jpg 150w\" sizes=\"(max-width: 780px) 100vw, 780px\" \/><\/p><p>Os <b>acess\u00f3rios de mesa<\/b> s\u00e3o pequenos detalhes que podem fazer uma grande diferen\u00e7a na decora\u00e7\u00e3o. Eles incluem itens como sousplats, velas e centros de mesa.<\/p><h3>5.1 Tipos de Acess\u00f3rios<\/h3><p>Existem muitos tipos de acess\u00f3rios que voc\u00ea pode usar. Desde velas arom\u00e1ticas at\u00e9 objetos de cer\u00e2mica, cada um deles pode adicionar um toque especial \u00e0 sua mesa.<\/p><h3>5.2 Como Usar na Decora\u00e7\u00e3o<\/h3><p>Uma dica \u00e9 criar composi\u00e7\u00f5es com diferentes acess\u00f3rios. Misturar texturas e alturas pode criar um visual interessante e convidativo.<\/p><figure id=\"attachment_95554\" aria-describedby=\"caption-attachment-95554\" style=\"width: 1024px\" class=\"wp-caption alignnone\"><img decoding=\"async\" class=\"size-full wp-image-95554\" src=\"https:\/\/www.aarquiteta.com.br\/blog\/wp-content\/uploads\/2023\/10\/decoracao-mesa-de-centro-sala-03.jpg\" alt=\"&quot;Sugest\u00f5es para criar uma decora\u00e7\u00e3o de mesa de centro perfeita na sala&quot;\" width=\"1024\" height=\"1024\" title=\"\" srcset=\"https:\/\/www.aarquiteta.com.br\/blog\/wp-content\/uploads\/2023\/10\/decoracao-mesa-de-centro-sala-03.jpg 1024w, https:\/\/www.aarquiteta.com.br\/blog\/wp-content\/uploads\/2023\/10\/decoracao-mesa-de-centro-sala-03-696x696.jpg 696w, https:\/\/www.aarquiteta.com.br\/blog\/wp-content\/uploads\/2023\/10\/decoracao-mesa-de-centro-sala-03-96x96.jpg 96w, https:\/\/www.aarquiteta.com.br\/blog\/wp-content\/uploads\/2023\/10\/decoracao-mesa-de-centro-sala-03-150x150.jpg 150w\" sizes=\"(max-width: 1024px) 100vw, 1024px\" \/><figcaption id=\"caption-attachment-95554\" class=\"wp-caption-text\">&#8220;Sugest\u00f5es para criar uma decora\u00e7\u00e3o de mesa de centro perfeita na sala&#8221;<\/figcaption><\/figure><h2>Conclus\u00e3o: A Import\u00e2ncia da Decora\u00e7\u00e3o<\/h2><p>A decora\u00e7\u00e3o \u00e9 uma forma de expressar quem somos e como nos sentimos em rela\u00e7\u00e3o ao nosso espa\u00e7o. Ao escolher objetos como abajures, almofadas, arte, arranjos de flores e acess\u00f3rios de mesa, voc\u00ea pode transformar sua casa em um verdadeiro lar. Lembre-se de que cada detalhe conta e que a decora\u00e7\u00e3o deve refletir sua personalidade e estilo de vida. Ent\u00e3o, que tal come\u00e7ar a transformar sua casa hoje mesmo?<\/p>","protected":false},"excerpt":{"rendered":"<p>Conhe\u00e7a 5 objetos de decora\u00e7\u00e3o que come\u00e7am com a letra A insispens\u00e1veis na sua casa.<\/p>\n","protected":false},"author":102,"featured_media":135371,"comment_status":"closed","ping_status":"closed","sticky":false,"template":"","format":"standard","meta":{"footnotes":""},"categories":[1484,971,18792,18794],"tags":[],"class_list":["post-135375","post","type-post","status-publish","format-standard","has-post-thumbnail","category-decoracao","category-design-de-interiores","category-decoracao-de-apartamento","category-projetos-de-decoracao-de-casas"],"_wp_attached_file":null,"_wp_attachment_metadata":null,"_wp_attachment_context":null,"_wp_attachment_is_custom_header":null,"geo_longitude":null,"geo_public":null,"geo_latitude":null,"_publicize_done_external":null,"_wpas_done_3897181":null,"publicize_twitter_user":null,"_wpas_done_3897175":null,"_wpas_skip_3897181":null,"_wpas_skip_3897175":null,"_wpas_skip_3924723":null,"_wpas_mess":null,"_wpas_done_3924723":null,"wps_subtitle":"","_links":{"self":[{"href":"https:\/\/www.aarquiteta.com.br\/blog\/wp-json\/wp\/v2\/posts\/135375","targetHints":{"allow":["GET"]}}],"collection":[{"href":"https:\/\/www.aarquiteta.com.br\/blog\/wp-json\/wp\/v2\/posts"}],"about":[{"href":"https:\/\/www.aarquiteta.com.br\/blog\/wp-json\/wp\/v2\/types\/post"}],"author":[{"embeddable":true,"href":"https:\/\/www.aarquiteta.com.br\/blog\/wp-json\/wp\/v2\/users\/102"}],"replies":[{"embeddable":true,"href":"https:\/\/www.aarquiteta.com.br\/blog\/wp-json\/wp\/v2\/comments?post=135375"}],"version-history":[{"count":0,"href":"https:\/\/www.aarquiteta.com.br\/blog\/wp-json\/wp\/v2\/posts\/135375\/revisions"}],"wp:featuredmedia":[{"embeddable":true,"href":"https:\/\/www.aarquiteta.com.br\/blog\/wp-json\/wp\/v2\/media\/135371"}],"wp:attachment":[{"href":"https:\/\/www.aarquiteta.com.br\/blog\/wp-json\/wp\/v2\/media?parent=135375"}],"wp:term":[{"taxonomy":"category","embeddable":true,"href":"https:\/\/www.aarquiteta.com.br\/blog\/wp-json\/wp\/v2\/categories?post=135375"},{"taxonomy":"post_tag","embeddable":true,"href":"https:\/\/www.aarquiteta.com.br\/blog\/wp-json\/wp\/v2\/tags?post=135375"}],"curies":[{"name":"wp","href":"https:\/\/api.w.org\/{rel}","templated":true}]}}