{"id":135287,"date":"2024-11-18T12:43:09","date_gmt":"2024-11-18T15:43:09","guid":{"rendered":"https:\/\/www.aarquiteta.com.br\/blog\/rosa-millenial\/"},"modified":"2024-11-18T12:43:09","modified_gmt":"2024-11-18T15:43:09","slug":"rosa-millenial","status":"publish","type":"post","link":"https:\/\/www.aarquiteta.com.br\/blog\/rosa-millenial\/","title":{"rendered":"Dicas essenciais para tornar sua casa mais pr\u00e1tica e aconchegante 10"},"content":{"rendered":"<p><body><\/p>\n<p>Se voc\u00ea busca transformar seu lar em um espa\u00e7o acolhedor e cheio de estilo, chegou ao lugar certo! Neste artigo, vou compartilhar dicas valiosas de decora\u00e7\u00e3o e organiza\u00e7\u00e3o que v\u00e3o deixar sua casa irresist\u00edvel.<\/p>\n<h2>Principais Dicas para um Lar Aconchegante<\/h2>\n<ul>\n<li><b>Cores Quentes<\/b> criam um ambiente acolhedor e convidativo.<\/li>\n<li><b>Ilumina\u00e7\u00e3o Aconchegante<\/b> \u00e9 vital para moldar a atmosfera do espa\u00e7o.<\/li>\n<li><b>Adicionar Plantas<\/b> traz vida e frescor para o ambiente.<\/li>\n<li><b>Texturas e Tecidos<\/b> confort\u00e1veis aumentam o aconchego.<\/li>\n<li><b>Organiza\u00e7\u00e3o<\/b> eficiente refletida no conforto e bem-estar.<\/li>\n<li><b>Pessoalizar seu Espa\u00e7o<\/b> com itens que carregam significado.<\/li>\n<\/ul>\n<h2>Introdu\u00e7\u00e3o<\/h2>\n<p>O nosso lar deve ser um lugar onde podemos nos sentir verdadeiramente \u00e0 vontade. Um espa\u00e7o aconchegante \u00e9 fundamental para o nosso bem-estar, e a boa not\u00edcia \u00e9 que pequenas mudan\u00e7as podem fazer uma grande diferen\u00e7a. Abaixo, apresento dicas pr\u00e1ticas que, com um toque de criatividade, podem transformar qualquer ambiente.<\/p>\n<h2>1. Utilize Cores Quentes<\/h2>\n<p>Nada como <b>cores quentes<\/b> pra deixar o ambiente mais acolhedor, n\u00e9? Pense em tons como o terracota, o amarelo queimado e o verde oliva. Essas cores n\u00e3o s\u00f3 aquecem os espa\u00e7os, mas tamb\u00e9m criam uma sensa\u00e7\u00e3o de proximidade e conforto. Se voc\u00ea tem pe\u00e7as em tons neutros, uma parede colorida pode ser a dose de \u00e2nimo que seu c\u00f4modo precisava!<\/p>\n<h2>2. Ilumina\u00e7\u00e3o Aconchegante<\/h2>\n<p>A ilumina\u00e7\u00e3o \u00e9 um dos elementos mais importantes na decora\u00e7\u00e3o. Uma <b>ilumina\u00e7\u00e3o aconchegante<\/b> \u00e9 capaz de transformar o clima de qualquer ambiente. Opte por l\u00e2mpadas de luz amarela, abajures estrat\u00e9gicos e, se poss\u00edvel, dimmers para ajustar a intensidade da luz. Uma sala bem iluminada faz voc\u00ea se sentir em casa. Vamos iluminar o caminho do aconchego!<\/p>\n<h2>3. Adicione Plantas<\/h2>\n<p>Trazer um pouco da natureza para dentro de casa \u00e9 uma excelente maneira de alcan\u00e7ar um espa\u00e7o mais aconchegante. As <b>plantas<\/b> n\u00e3o s\u00f3 purificam o ar, mas tamb\u00e9m tornam o ambiente mais vivo e alegre. Escolha esp\u00e9cies que se adaptem bem \u00e0s condi\u00e7\u00f5es do seu espa\u00e7o e experimente misturar diferentes tamanhos e formatos para criar um visual atraente.<\/p>\n<h2>4. Texturas e Tecidos Confort\u00e1veis<\/h2>\n<p>E se eu te disser que as <b>texturas<\/b> fazem toda a diferen\u00e7a na sensa\u00e7\u00e3o de aconchego? Um tapete macio, almofadas felpudas e mantas envolventes podem transformar uma sala em um verdadeiro ref\u00fagio. Aposte em tecidos agrad\u00e1veis ao toque que convidam ao relaxamento. A sensa\u00e7\u00e3o de aconchego \u00e9 quase um abra\u00e7o em forma de decora\u00e7\u00e3o!<\/p>\n<h3>4.1. Almofadas e Mantas<\/h3>\n<figure style=\"width: 1024px\" class=\"wp-caption aligncenter\"><img decoding=\"async\" src=\"https:\/\/www.aarquiteta.com.br\/blog\/wp-content\/uploads\/2024\/11\/liquidificador-turbo-power-l-99-0-590x400.png\" alt=\"Liquidificador Turbo Power L-99 da Mondial, um aparelho essencial para a cozinha.\" title=\"\"><figcaption class=\"wp-caption-text\">Liquidificador Turbo Power L-99 da Mondial, um aparelho essencial para a cozinha.<\/figcaption><\/figure>\n<p>As <b>almofadas<\/b> e mantas n\u00e3o s\u00e3o apenas adornos, mas sim elementos fundamentais de conforto. Posicione almofadas de diferentes tamanhos e formatos no sof\u00e1 e jogue uma manta suave, pronto! Seu espa\u00e7o ficou mais convidativo. N\u00e3o se esque\u00e7a de escolher cores e estampas que complementam sua paleta de cores.<\/p>\n<h3>4.2. Cortinas e Tapetes<\/h3>\n<figure style=\"width: 1024px\" class=\"wp-caption aligncenter\"><img decoding=\"async\" src=\"https:\/\/www.aarquiteta.com.br\/blog\/wp-content\/uploads\/2024\/11\/rosa-millenial01.jpg\" alt=\"Dicas essenciais para tornar sua casa mais pr\u00e1tica e aconchegante\" width=\"1024\" height=\"1024\" title=\"\"><figcaption class=\"wp-caption-text\">Dicas essenciais para tornar sua casa mais pr\u00e1tica e aconchegante<\/figcaption><\/figure>\n<p><b>Cortinas<\/b> e tapetes t\u00eam um papel crucial na sensa\u00e7\u00e3o geral do ambiente. Cortinas leves permitem a entrada de luz natural, mas tamb\u00e9m oferecem privacidade. Optar por tapetes que definem \u00e1reas pode ajudar a criar zonas de conforto. Uma pe\u00e7a de tapete bem escolhida faz o seu espa\u00e7o parecer mais coeso e harmonioso.<\/p>\n<h2>5. Organiza\u00e7\u00e3o Eficiente<\/h2>\n<p>Um espa\u00e7o <b>organizado<\/b> \u00e9 sin\u00f4nimo de conforto. Ao manter a desordem longe, voc\u00ea reflete um ambiente mais tranquilo e acolhedor. Invista em solu\u00e7\u00f5es de armazenamento criativas e f\u00e1ceis de usar. Caixas decorativas ou prateleiras abertas n\u00e3o s\u00f3 funcionam como armazenamento, mas tamb\u00e9m como pe\u00e7as decorativas.<\/p>\n<h2>6. Pessoalize Seu Espa\u00e7o<\/h2>\n<p>Tornar o ambiente \u00fanico \u00e9 um passo importante. <b>Personalizar o seu espa\u00e7o<\/b> com fotos, lembran\u00e7as e objetos que contam a sua hist\u00f3ria d\u00e1 um toque de autenticidade ao lar. Considere criar um mural com fotos de fam\u00edlia ou expor obras de arte que voc\u00ea aprecia. Assim, voc\u00ea torna a casa verdadeiramente sua.<\/p>\n<h2>Conclus\u00e3o<\/h2>\n<p>Transformar uma casa em um lar aconchegante e cheio de personalidade \u00e9 mais simples do que parece. <b>Seguindo essas dicas<\/b>, voc\u00ea pode n\u00e3o apenas embelezar os espa\u00e7os, mas tamb\u00e9m criar um eu \u00e0 vontade que promove relaxamento e felicidade. \u00c0s vezes, a mudan\u00e7a certa est\u00e1 em pequenos detalhes. \u00c9 hora de fazer do seu lar um verdadeiro ref\u00fagio, onde cada visita se transforma em um abra\u00e7o caloroso.<\/p>\n<p><\/body><br \/>\n<figure style=\"width: 1024px\" class=\"wp-caption aligncenter\"><img decoding=\"async\" src=\"https:\/\/www.aarquiteta.com.br\/blog\/wp-content\/uploads\/2024\/11\/aspirador-de-po-turbo-cycle-590x400.png\" alt=\"Aspirador de p\u00f3 Turbo Cycle da Mondial, ideal para facilitar a limpeza da casa.\" title=\"\"><figcaption class=\"wp-caption-text\">Aspirador de p\u00f3 Turbo Cycle da Mondial, ideal para facilitar a limpeza da casa.<\/figcaption><\/figure>\n<figure style=\"width: 1024px\" class=\"wp-caption aligncenter\"><img decoding=\"async\" src=\"https:\/\/www.aarquiteta.com.br\/blog\/wp-content\/uploads\/2024\/11\/rosa-millenial02.jpg\" alt=\"Dicas essenciais para tornar sua casa mais pr\u00e1tica e aconchegante\" width=\"1024\" height=\"1024\" title=\"\"><figcaption class=\"wp-caption-text\">Dicas essenciais para tornar sua casa mais pr\u00e1tica e aconchegante<\/figcaption><\/figure>\n<figure style=\"width: 1024px\" class=\"wp-caption aligncenter\"><img decoding=\"async\" src=\"https:\/\/www.aarquiteta.com.br\/blog\/wp-content\/uploads\/2024\/11\/air-fryer-forno-oven-12L-590x400.png\" alt=\"Air fryer Mondial Forno Oven de 12L, uma fritadeira 2 em 1 para sua cozinha.\" title=\"\"><figcaption class=\"wp-caption-text\">Air fryer Mondial Forno Oven de 12L, uma fritadeira 2 em 1 para sua cozinha.<\/figcaption><\/figure>\n<figure style=\"width: 1024px\" class=\"wp-caption aligncenter\"><img decoding=\"async\" src=\"https:\/\/www.aarquiteta.com.br\/blog\/wp-content\/uploads\/2024\/11\/rosa-millenial03.jpg\" alt=\"Dicas essenciais para tornar sua casa mais pr\u00e1tica e aconchegante\" width=\"1024\" height=\"1024\" title=\"\"><figcaption class=\"wp-caption-text\">Dicas essenciais para tornar sua casa mais pr\u00e1tica e aconchegante<\/figcaption><\/figure>\n<figure style=\"width: 1024px\" class=\"wp-caption aligncenter\"><img decoding=\"async\" src=\"https:\/\/www.aarquiteta.com.br\/blog\/wp-content\/uploads\/2024\/11\/casa-marcio-garcia-0000-590x400.png\" alt=\"Casa de M\u00e1rcio Garcia, conhecida mans\u00e3o \u00e0 venda, um projeto arquitet\u00f4nico de destaque no Brasil.\" title=\"\"><figcaption class=\"wp-caption-text\">Casa de M\u00e1rcio Garcia, conhecida mans\u00e3o \u00e0 venda, um projeto arquitet\u00f4nico de destaque no Brasil.<\/figcaption><\/figure>\n<figure style=\"width: 1024px\" class=\"wp-caption aligncenter\"><img decoding=\"async\" src=\"https:\/\/www.aarquiteta.com.br\/blog\/wp-content\/uploads\/2024\/11\/rosa-millenial4.jpg\" alt=\"Dicas essenciais para tornar sua casa mais pr\u00e1tica e aconchegante\" width=\"1024\" height=\"1024\" title=\"\"><figcaption class=\"wp-caption-text\">Dicas essenciais para tornar sua casa mais pr\u00e1tica e aconchegante<\/figcaption><\/figure>\n<figure style=\"width: 1024px\" class=\"wp-caption aligncenter\"><img decoding=\"async\" src=\"https:\/\/www.aarquiteta.com.br\/blog\/wp-content\/uploads\/2024\/11\/plantas-para-refrescar-a-casa-0-590x400.png\" alt=\"Plantas que ajudam a refrescar a casa e amenizar o calor.\" title=\"\"><figcaption class=\"wp-caption-text\">Plantas que ajudam a refrescar a casa e amenizar o calor.<\/figcaption><\/figure>\n<h3>Para se aprofundar mais sobre o tema, veja a minha recomenda\u00e7\u00e3o sobre o tema deste artigo no v\u00eddeo a seguir abaixo:<\/h3>\n<p><iframe title=\"YouTube video player\" src=\"https:\/\/www.youtube.com\/embed\/oNMNK5t_SX0\" width=\"560\" height=\"315\" frameborder=\"0\" allowfullscreen=\"allowfullscreen\"><\/iframe><\/p>\n<figure style=\"width: 1024px\" class=\"wp-caption aligncenter\"><img decoding=\"async\" src=\"https:\/\/www.aarquiteta.com.br\/blog\/wp-content\/uploads\/2024\/11\/robo-aspirador-mondial-fast-clean-advanced-2-2-590x400.png\" alt=\"Rob\u00f4 aspirador Mondial Fast Clean Advanced, uma solu\u00e7\u00e3o para limpeza sem esfor\u00e7o.\" title=\"\"><figcaption class=\"wp-caption-text\">Rob\u00f4 aspirador Mondial Fast Clean Advanced, uma solu\u00e7\u00e3o para limpeza sem esfor\u00e7o.<\/figcaption><\/figure>\n","protected":false},"excerpt":{"rendered":"<p>Descubra como deixar sua casa mais pr\u00e1tica e aconchegante com dicas de decora\u00e7\u00e3o, organiza\u00e7\u00e3o e tecnologia.<\/p>\n","protected":false},"author":102,"featured_media":135280,"comment_status":"closed","ping_status":"closed","sticky":false,"template":"","format":"standard","meta":{"footnotes":""},"categories":[1484],"tags":[],"class_list":["post-135287","post","type-post","status-publish","format-standard","has-post-thumbnail","category-decoracao"],"_wp_attached_file":null,"_wp_attachment_metadata":null,"_wp_attachment_context":null,"_wp_attachment_is_custom_header":null,"geo_longitude":null,"geo_public":null,"geo_latitude":null,"_publicize_done_external":null,"_wpas_done_3897181":null,"publicize_twitter_user":null,"_wpas_done_3897175":null,"_wpas_skip_3897181":null,"_wpas_skip_3897175":null,"_wpas_skip_3924723":null,"_wpas_mess":null,"_wpas_done_3924723":null,"wps_subtitle":"","_links":{"self":[{"href":"https:\/\/www.aarquiteta.com.br\/blog\/wp-json\/wp\/v2\/posts\/135287","targetHints":{"allow":["GET"]}}],"collection":[{"href":"https:\/\/www.aarquiteta.com.br\/blog\/wp-json\/wp\/v2\/posts"}],"about":[{"href":"https:\/\/www.aarquiteta.com.br\/blog\/wp-json\/wp\/v2\/types\/post"}],"author":[{"embeddable":true,"href":"https:\/\/www.aarquiteta.com.br\/blog\/wp-json\/wp\/v2\/users\/102"}],"replies":[{"embeddable":true,"href":"https:\/\/www.aarquiteta.com.br\/blog\/wp-json\/wp\/v2\/comments?post=135287"}],"version-history":[{"count":0,"href":"https:\/\/www.aarquiteta.com.br\/blog\/wp-json\/wp\/v2\/posts\/135287\/revisions"}],"wp:featuredmedia":[{"embeddable":true,"href":"https:\/\/www.aarquiteta.com.br\/blog\/wp-json\/wp\/v2\/media\/135280"}],"wp:attachment":[{"href":"https:\/\/www.aarquiteta.com.br\/blog\/wp-json\/wp\/v2\/media?parent=135287"}],"wp:term":[{"taxonomy":"category","embeddable":true,"href":"https:\/\/www.aarquiteta.com.br\/blog\/wp-json\/wp\/v2\/categories?post=135287"},{"taxonomy":"post_tag","embeddable":true,"href":"https:\/\/www.aarquiteta.com.br\/blog\/wp-json\/wp\/v2\/tags?post=135287"}],"curies":[{"name":"wp","href":"https:\/\/api.w.org\/{rel}","templated":true}]}}