{"id":135200,"date":"2025-03-20T11:30:01","date_gmt":"2025-03-20T14:30:01","guid":{"rendered":"https:\/\/www.aarquiteta.com.br\/blog\/porcelanato-marrom\/"},"modified":"2025-03-19T12:22:49","modified_gmt":"2025-03-19T15:22:49","slug":"porcelanato-marrom","status":"publish","type":"post","link":"https:\/\/www.aarquiteta.com.br\/blog\/porcelanato-marrom\/","title":{"rendered":"Porcelanato marrom: ideias e inspira\u00e7\u00f5es de decora\u00e7\u00e3o"},"content":{"rendered":"<p>O <a href=\"https:\/\/www.aarquiteta.com.br\/blog\/?s=PORCELANATO\">porcelanato<\/a> marrom \u00e9 uma op\u00e7\u00e3o poderosa para personalizar ambientes que exalam aconchego e requinte. Sua versatilidade transforma qualquer espa\u00e7o, unindo beleza e funcionalidade sem esfor\u00e7o.<\/p><h2>Introdu\u00e7\u00e3o<\/h2><p>Neste artigo, vou mergulhar no fascinante mundo do <b>porcelanato marrom<\/b>, desvendando seu significado na decora\u00e7\u00e3o e mostrando como ele pode fazer a diferen\u00e7a na cria\u00e7\u00e3o de ambientes harmoniosos e acolhedores.<\/p><h2>Qual \u00e9 o Significado do Marrom na Decora\u00e7\u00e3o?<\/h2><p>O marrom, por sua ess\u00eancia terrosa, est\u00e1 diretamente ligado \u00e0 natureza e \u00e0 sustentabilidade. Ao escolher essa cor, voc\u00ea n\u00e3o s\u00f3 remete \u00e0 argila e \u00e0 <a href=\"https:\/\/www.aarquiteta.com.br\/blog\/?s=MADEIRA\">madeira<\/a>, como tamb\u00e9m evoca sensa\u00e7\u00f5es como <b>conforto<\/b> e <b>seguran\u00e7a<\/b>.<\/p><h2>Quais S\u00e3o os Tons de Marrom Mais Usados?<\/h2><h3>Marrom Acinzentado<\/h3><figure style=\"width: 1024px\" class=\"wp-caption aligncenter\"><img decoding=\"async\" src=\"https:\/\/www.aarquiteta.com.br\/blog\/wp-content\/uploads\/2024\/11\/porcelanato-marrom-01.jpg\" alt=\"Porcelanato marrom: significado e inspira\u00e7\u00f5es de decora\u00e7\u00e3o\" width=\"1024\" height=\"1024\" title=\"\"><figcaption class=\"wp-caption-text\">Porcelanato marrom: significado e inspira\u00e7\u00f5es de decora\u00e7\u00e3o<\/figcaption><\/figure><p>O marrom acinzentado oferece uma vibe mais <b>clean<\/b> e \u00e9 ideal para aqueles que preferem ambientes modernos. Ele se encaixa bem com <a href=\"https:\/\/www.aarquiteta.com.br\/blog\/?s=CORES\">cores<\/a> vivas, proporcionando um equil\u00edbrio charmoso e contempor\u00e2neo.<\/p><h3>Marrom Escuro<\/h3><p><img decoding=\"async\" src=\"https:\/\/www.aarquiteta.com.br\/blog\/wp-content\/uploads\/2024\/11\/porcelanatomarromtipos-4-1200x745.jpg\" alt=\"Versatilidade do porcelanato marrom permite o uso at\u00e9 em bancadas (Projeto: Portobello)\" title=\"\"><\/p><p>Quem nunca ficou com medo de usar o marrom escuro, achando que ele poderia pesar no ambiente? Pois \u00e9! Com as <b>combina\u00e7\u00f5es certas<\/b> e boa <a href=\"https:\/\/www.aarquiteta.com.br\/blog\/?s=ILUMINA%C3%87%C3%83O\">ilumina\u00e7\u00e3o<\/a>, ele pode ser um aliado na decora\u00e7\u00e3o.<\/p><h3>Marrom Claro<\/h3><p><img decoding=\"async\" src=\"https:\/\/www.aarquiteta.com.br\/blog\/wp-content\/uploads\/2024\/11\/porcelanatomarrom-4-1200x848.jpg\" alt=\"Porcelanato marrom leva aconchego e sofistica\u00e7\u00e3o \u00e0 decora\u00e7\u00e3o (Projeto: Portobello)\" title=\"\"><\/p><p>O porcelanato marrom claro \u00e9 o verdadeiro her\u00f3i dos espa\u00e7os menores, criando uma sensa\u00e7\u00e3o de amplitude e leveza. Ele \u00e9 perfeito para <b>ambientes minimalistas<\/b>, pois traz tranquilidade ao olhar.<\/p><h2>Com Quais Cores o Marrom Combina?<\/h2><p>Quando falamos em harmonia de cores, o marrom \u00e9 <b>incrivelmente vers\u00e1til<\/b>. Ele casa bem com tons claros, como o branco e off-white, e at\u00e9 com verdes que remetem \u00e0 natureza, promovendo um ambiente fresco e agrad\u00e1vel.<\/p><h2>Quais S\u00e3o os Principais Tipos de Porcelanato Marrom?<\/h2><p>Existem diversas op\u00e7\u00f5es de porcelanato marrom dispon\u00edveis no mercado, cada um com suas particularidades. Temos desde <b>revestimentos que imitam madeira<\/b> at\u00e9 os que replicam a sofistica\u00e7\u00e3o do m\u00e1rmore, todos ideais para criar composi\u00e7\u00f5es de bom gosto.<\/p><h2>Como Usar o Porcelanato Marrom na Decora\u00e7\u00e3o?<\/h2><h3>Com Cores Vivas e Brilhantes<\/h3><figure style=\"width: 1024px\" class=\"wp-caption aligncenter\"><img decoding=\"async\" src=\"https:\/\/www.aarquiteta.com.br\/blog\/wp-content\/uploads\/2024\/11\/porcelanato-marrom-02.jpg\" alt=\"Porcelanato marrom: significado e inspira\u00e7\u00f5es de decora\u00e7\u00e3o\" width=\"1024\" height=\"1024\" title=\"\"><figcaption class=\"wp-caption-text\">Porcelanato marrom: significado e inspira\u00e7\u00f5es de decora\u00e7\u00e3o<\/figcaption><\/figure><p>Usar o porcelanato marrom como base permite a liberdade de brincar com cores vibrantes. Ele <b>neutraliza<\/b> e suaviza tons mais chamativos, criando um contraste interessante e contempor\u00e2neo.<\/p><h3>Marrom em Diferentes Pontos Gera Harmonia<\/h3><p><img decoding=\"async\" src=\"https:\/\/www.aarquiteta.com.br\/blog\/wp-content\/uploads\/2024\/11\/porcelanatomarromsignificadodacor-4-1200x889.jpg\" alt=\"Marrom ajuda a levar conforto para os ambientes (Projeto: Portobello)\" title=\"\"><\/p><p>Um truque para criar harmonia \u00e9 usar o marrom em diferentes elementos decorativos. Desde m\u00f3veis a <a href=\"https:\/\/www.aarquiteta.com.br\/blog\/?s=TAPETE\">tapetes<\/a>, o marrom amalgama tudo, formando uma unidade visual que \u00e9 puro charme. Assim, conseguimos um <b>efeito acolhedor<\/b>.<\/p><h3>Porcelanato Marrom na Fachada<\/h3><figure style=\"width: 1024px\" class=\"wp-caption aligncenter\"><img decoding=\"async\" src=\"https:\/\/www.aarquiteta.com.br\/blog\/wp-content\/uploads\/2024\/11\/porcelanato-marrom-03.jpg\" alt=\"Porcelanato marrom: significado e inspira\u00e7\u00f5es de decora\u00e7\u00e3o\" width=\"1024\" height=\"1024\" title=\"\"><figcaption class=\"wp-caption-text\">Porcelanato marrom: significado e inspira\u00e7\u00f5es de decora\u00e7\u00e3o<\/figcaption><\/figure><p>Nossa fachada \u00e9 nosso cart\u00e3o de visitas, n\u00e3o \u00e9 mesmo? Usar porcelanato marrom na \u00e1rea externa n\u00e3o s\u00f3 embeleza, mas tamb\u00e9m oferece <b>durabilidade<\/b> e um toque moderno, garantindo que a primeira impress\u00e3o seja a melhor poss\u00edvel.<\/p><figure style=\"width: 1024px\" class=\"wp-caption aligncenter\"><img decoding=\"async\" src=\"https:\/\/www.aarquiteta.com.br\/blog\/wp-content\/uploads\/2024\/11\/porcelanato-marrom-4.jpg\" alt=\"Porcelanato marrom: significado e inspira\u00e7\u00f5es de decora\u00e7\u00e3o\" width=\"1024\" height=\"1024\" title=\"\"><figcaption class=\"wp-caption-text\">Porcelanato marrom: significado e inspira\u00e7\u00f5es de decora\u00e7\u00e3o<\/figcaption><\/figure><div class=\"mceTemp\"><\/div><h2>Conclus\u00e3o<\/h2><p>O porcelanato marrom se destaca como uma tend\u00eancia capaz de aliar <b>beleza e aconchego<\/b> em qualquer ambiente. Ao integrar essa cor no seu projeto, voc\u00ea n\u00e3o s\u00f3 traz sofistica\u00e7\u00e3o, mas tamb\u00e9m calor e conforto, criando espa\u00e7os que s\u00e3o verdadeiros ref\u00fagios.<\/p>","protected":false},"excerpt":{"rendered":"<p>Descubra o significado do porcelanato marrom na decora\u00e7\u00e3o e explore inspira\u00e7\u00f5es incr\u00edveis para ambientes aconchegantes.<\/p>\n","protected":false},"author":102,"featured_media":135189,"comment_status":"closed","ping_status":"closed","sticky":false,"template":"","format":"standard","meta":{"footnotes":""},"categories":[35375,971,19206],"tags":[],"class_list":["post-135200","post","type-post","status-publish","format-standard","has-post-thumbnail","category-acabamentos","category-design-de-interiores","category-revestimentos"],"_wp_attached_file":null,"_wp_attachment_metadata":null,"_wp_attachment_context":null,"_wp_attachment_is_custom_header":null,"geo_longitude":null,"geo_public":null,"geo_latitude":null,"_publicize_done_external":null,"_wpas_done_3897181":null,"publicize_twitter_user":null,"_wpas_done_3897175":null,"_wpas_skip_3897181":null,"_wpas_skip_3897175":null,"_wpas_skip_3924723":null,"_wpas_mess":null,"_wpas_done_3924723":null,"wps_subtitle":"","_links":{"self":[{"href":"https:\/\/www.aarquiteta.com.br\/blog\/wp-json\/wp\/v2\/posts\/135200","targetHints":{"allow":["GET"]}}],"collection":[{"href":"https:\/\/www.aarquiteta.com.br\/blog\/wp-json\/wp\/v2\/posts"}],"about":[{"href":"https:\/\/www.aarquiteta.com.br\/blog\/wp-json\/wp\/v2\/types\/post"}],"author":[{"embeddable":true,"href":"https:\/\/www.aarquiteta.com.br\/blog\/wp-json\/wp\/v2\/users\/102"}],"replies":[{"embeddable":true,"href":"https:\/\/www.aarquiteta.com.br\/blog\/wp-json\/wp\/v2\/comments?post=135200"}],"version-history":[{"count":0,"href":"https:\/\/www.aarquiteta.com.br\/blog\/wp-json\/wp\/v2\/posts\/135200\/revisions"}],"wp:featuredmedia":[{"embeddable":true,"href":"https:\/\/www.aarquiteta.com.br\/blog\/wp-json\/wp\/v2\/media\/135189"}],"wp:attachment":[{"href":"https:\/\/www.aarquiteta.com.br\/blog\/wp-json\/wp\/v2\/media?parent=135200"}],"wp:term":[{"taxonomy":"category","embeddable":true,"href":"https:\/\/www.aarquiteta.com.br\/blog\/wp-json\/wp\/v2\/categories?post=135200"},{"taxonomy":"post_tag","embeddable":true,"href":"https:\/\/www.aarquiteta.com.br\/blog\/wp-json\/wp\/v2\/tags?post=135200"}],"curies":[{"name":"wp","href":"https:\/\/api.w.org\/{rel}","templated":true}]}}