{"id":135174,"date":"2024-11-16T21:22:56","date_gmt":"2024-11-17T00:22:56","guid":{"rendered":"https:\/\/www.aarquiteta.com.br\/blog\/prateleiras-canto-decorativas-6-formas-aproveitar-espacos-quarto\/"},"modified":"2024-11-16T21:22:56","modified_gmt":"2024-11-17T00:22:56","slug":"prateleiras-canto-decorativas-6-formas-aproveitar-espacos-quarto","status":"publish","type":"post","link":"https:\/\/www.aarquiteta.com.br\/blog\/prateleiras-canto-decorativas-6-formas-aproveitar-espacos-quarto\/","title":{"rendered":"Prateleiras de Canto Decorativas: 6 Formas de Aproveitar Espa\u00e7os no Quarto"},"content":{"rendered":"<p>As prateleiras de canto decorativas s\u00e3o uma solu\u00e7\u00e3o inteligente para otimizar espa\u00e7os no quarto, proporcionando armazenamento e estilo. Descubra como utiliz\u00e1-las de forma criativa e funcional!<\/p>\n<h2>Destaques principais<\/h2>\n<ul>\n<li><b>Prateleiras de Canto:<\/b> Entenda o que s\u00e3o e como podem transformar seu espa\u00e7o.<\/li>\n<li><b>Vantagens:<\/b> Descubra os benef\u00edcios de usar prateleiras de canto no seu quarto.<\/li>\n<li><b>Decora\u00e7\u00e3o:<\/b> Explore ideias criativas para decorar com prateleiras de canto.<\/li>\n<\/ul>\n<h2>1. Prateleiras de Canto: O que S\u00e3o e Como Funcionam<\/h2>\n<p>As <b>prateleiras de canto<\/b> s\u00e3o estruturas projetadas para se encaixar nos cantos de um ambiente, otimizando o espa\u00e7o e oferecendo uma solu\u00e7\u00e3o pr\u00e1tica para armazenamento. Elas podem ser feitas de diversos materiais, como madeira, metal ou vidro, e s\u00e3o ideais para quem busca funcionalidade sem abrir m\u00e3o da est\u00e9tica. Ao utilizar essas prateleiras, voc\u00ea pode transformar um canto vazio em um local de destaque no seu quarto.<\/p>\n<h2>2. Vantagens de Usar Prateleiras de Canto no Quarto<\/h2>\n<p>As prateleiras de canto oferecem uma s\u00e9rie de <b>vantagens<\/b> que v\u00e3o al\u00e9m da simples funcionalidade. Aqui est\u00e3o algumas delas:<\/p>\n<ul>\n<li><b>Otimiza\u00e7\u00e3o de Espa\u00e7o:<\/b> Elas aproveitam \u00e1reas que muitas vezes ficam esquecidas.<\/li>\n<li><b>Estilo:<\/b> Podem ser um elemento decorativo que traz personalidade ao ambiente.<\/li>\n<li><b>Versatilidade:<\/b> Servem para armazenar livros, plantas, objetos decorativos e muito mais.<\/li>\n<\/ul>\n<h2>3. Ideias de Decora\u00e7\u00e3o com Prateleiras de Canto<\/h2>\n<p>Decorar com prateleiras de canto \u00e9 uma forma de expressar sua <b>criatividade<\/b>. Aqui est\u00e3o algumas ideias:<\/p>\n<h3>3.1. Exposi\u00e7\u00e3o de Livros e Revistas<\/h3>\n<figure style=\"width: 1024px\" class=\"wp-caption aligncenter\"><img decoding=\"async\" src=\"https:\/\/www.aarquiteta.com.br\/blog\/wp-content\/uploads\/2024\/11\/prateleiras-canto-decorativas-6-formas-aproveitar-espacos-quarto04.jpg\" alt=\"Prateleiras de Canto Decorativas: 6 Formas de Aproveitar Espa\u00e7os no Quarto\" width=\"1024\" height=\"1024\" title=\"\"><figcaption class=\"wp-caption-text\">Prateleiras de Canto Decorativas: 6 Formas de Aproveitar Espa\u00e7os no Quarto<\/figcaption><\/figure>\n<p>Uma prateleira de canto pode ser o lugar perfeito para exibir sua cole\u00e7\u00e3o de <b>livros<\/b> e revistas. Organize-os por cor ou tamanho para um visual mais harmonioso.<\/p>\n<h3>3.2. Plantas e Elementos Naturais<\/h3>\n<figure style=\"width: 1024px\" class=\"wp-caption aligncenter\"><img decoding=\"async\" src=\"https:\/\/www.aarquiteta.com.br\/blog\/wp-content\/uploads\/2024\/11\/prateleiras-canto-decorativas-6-formas-aproveitar-espacos-quarto03.jpg\" alt=\"Prateleiras de Canto Decorativas: 6 Formas de Aproveitar Espa\u00e7os no Quarto\" width=\"1024\" height=\"1024\" title=\"\"><figcaption class=\"wp-caption-text\">Prateleiras de Canto Decorativas: 6 Formas de Aproveitar Espa\u00e7os no Quarto<\/figcaption><\/figure>\n<p>Adicionar <b>plantas<\/b> \u00e0s prateleiras de canto traz vida ao ambiente. Escolha esp\u00e9cies que se adaptam bem \u00e0 luz do seu quarto.<\/p>\n<h3>3.3. Objetos de Decora\u00e7\u00e3o e Lembran\u00e7as<\/h3>\n<figure style=\"width: 1024px\" class=\"wp-caption aligncenter\"><img decoding=\"async\" src=\"https:\/\/www.aarquiteta.com.br\/blog\/wp-content\/uploads\/2024\/11\/prateleiras-canto-decorativas-6-formas-aproveitar-espacos-quarto02.jpg\" alt=\"Prateleiras de Canto Decorativas: 6 Formas de Aproveitar Espa\u00e7os no Quarto\" width=\"1024\" height=\"1024\" title=\"\"><figcaption class=\"wp-caption-text\">Prateleiras de Canto Decorativas: 6 Formas de Aproveitar Espa\u00e7os no Quarto<\/figcaption><\/figure>\n<p>Use as prateleiras para exibir <b>lembran\u00e7as<\/b> de viagens ou objetos decorativos que tenham significado para voc\u00ea. Isso personaliza ainda mais o espa\u00e7o.<\/p>\n<h2>4. Como Escolher a Prateleira de Canto Ideal<\/h2>\n<p>Escolher a prateleira de canto certa envolve considerar alguns fatores importantes:<\/p>\n<h3>4.1. Materiais e Estilos<\/h3>\n<figure style=\"width: 1024px\" class=\"wp-caption aligncenter\"><img decoding=\"async\" src=\"https:\/\/www.aarquiteta.com.br\/blog\/wp-content\/uploads\/2024\/11\/prateleiras-canto-decorativas-6-formas-aproveitar-espacos-quarto01.jpg\" alt=\"Prateleiras de Canto Decorativas: 6 Formas de Aproveitar Espa\u00e7os no Quarto\" width=\"1024\" height=\"1024\" title=\"\"><figcaption class=\"wp-caption-text\">Prateleiras de Canto Decorativas: 6 Formas de Aproveitar Espa\u00e7os no Quarto<\/figcaption><\/figure>\n<p>As prateleiras podem ser feitas de diferentes <b>materiais<\/b>, como madeira, metal ou vidro. Escolha um que combine com a decora\u00e7\u00e3o do seu quarto.<\/p>\n<h3>4.2. Tamanho e Dimens\u00f5es<\/h3>\n<p style=\"text-align: center;\">[amazon table=&#8221;82943&#8243;]\n<p>\u00c9 fundamental medir o espa\u00e7o dispon\u00edvel e escolher uma prateleira que se encaixe perfeitamente, sem sobrecarregar o ambiente.<\/p>\n<h2>5. Dicas de Montagem e Instala\u00e7\u00e3o<\/h2>\n<p>Montar prateleiras de canto pode parecer desafiador, mas com algumas <b>dicas<\/b>, voc\u00ea pode fazer isso facilmente:<\/p>\n<ul>\n<li>Use ferramentas adequadas, como furadeira e n\u00edvel.<\/li>\n<li>Certifique-se de que a prateleira esteja bem fixada na parede.<\/li>\n<li>Considere a altura ideal para facilitar o acesso.<\/li>\n<\/ul>\n<h2>6. Manuten\u00e7\u00e3o e Cuidados com Prateleiras de Canto<\/h2>\n<p>Para que suas prateleiras de canto permane\u00e7am bonitas e funcionais, \u00e9 importante realizar uma <b>manuten\u00e7\u00e3o<\/b> regular. Limpe-as com um pano \u00famido e evite produtos qu\u00edmicos agressivos que possam danificar o material.<\/p>\n<h2>Conclus\u00e3o<\/h2>\n<p>As prateleiras de canto decorativas s\u00e3o uma excelente maneira de otimizar espa\u00e7os no quarto, oferecendo tanto funcionalidade quanto estilo. Ao escolher a prateleira ideal e decor\u00e1-la de forma criativa, voc\u00ea pode transformar um canto vazio em um espa\u00e7o cheio de personalidade. N\u00e3o hesite em explorar as diversas possibilidades que essas prateleiras oferecem e aproveite ao m\u00e1ximo cada metro quadrado do seu ambiente!<\/p>\n<h3>Assista agora a minha recomenda\u00e7\u00e3o de video abaixo sobre o tema que estamos tratando neste artigo: <\/h3>\n<p><div class=\"youtube-embed\" data-video_id=\"5Hp9zPzqfwQ\"><iframe title=\"Ideia para otimizar o espa\u00e7o de um quarto pequeno!\" width=\"696\" height=\"392\" src=\"https:\/\/www.youtube.com\/embed\/5Hp9zPzqfwQ?feature=oembed&#038;enablejsapi=1\" frameborder=\"0\" allow=\"accelerometer; autoplay; clipboard-write; encrypted-media; gyroscope; picture-in-picture; web-share\" referrerpolicy=\"strict-origin-when-cross-origin\" allowfullscreen><\/iframe><\/div><\/p>\n","protected":false},"excerpt":{"rendered":"<p>Aproveite espa\u00e7os no quarto com 6 formas de usar prateleiras de canto decorativas funcionais e elegantes.<\/p>\n","protected":false},"author":102,"featured_media":135171,"comment_status":"closed","ping_status":"closed","sticky":false,"template":"","format":"standard","meta":{"footnotes":""},"categories":[1484,971,18792,18794],"tags":[],"class_list":["post-135174","post","type-post","status-publish","format-standard","has-post-thumbnail","category-decoracao","category-design-de-interiores","category-decoracao-de-apartamento","category-projetos-de-decoracao-de-casas"],"_wp_attached_file":null,"_wp_attachment_metadata":null,"_wp_attachment_context":null,"_wp_attachment_is_custom_header":null,"geo_longitude":null,"geo_public":null,"geo_latitude":null,"_publicize_done_external":null,"_wpas_done_3897181":null,"publicize_twitter_user":null,"_wpas_done_3897175":null,"_wpas_skip_3897181":null,"_wpas_skip_3897175":null,"_wpas_skip_3924723":null,"_wpas_mess":null,"_wpas_done_3924723":null,"wps_subtitle":"","_links":{"self":[{"href":"https:\/\/www.aarquiteta.com.br\/blog\/wp-json\/wp\/v2\/posts\/135174","targetHints":{"allow":["GET"]}}],"collection":[{"href":"https:\/\/www.aarquiteta.com.br\/blog\/wp-json\/wp\/v2\/posts"}],"about":[{"href":"https:\/\/www.aarquiteta.com.br\/blog\/wp-json\/wp\/v2\/types\/post"}],"author":[{"embeddable":true,"href":"https:\/\/www.aarquiteta.com.br\/blog\/wp-json\/wp\/v2\/users\/102"}],"replies":[{"embeddable":true,"href":"https:\/\/www.aarquiteta.com.br\/blog\/wp-json\/wp\/v2\/comments?post=135174"}],"version-history":[{"count":0,"href":"https:\/\/www.aarquiteta.com.br\/blog\/wp-json\/wp\/v2\/posts\/135174\/revisions"}],"wp:featuredmedia":[{"embeddable":true,"href":"https:\/\/www.aarquiteta.com.br\/blog\/wp-json\/wp\/v2\/media\/135171"}],"wp:attachment":[{"href":"https:\/\/www.aarquiteta.com.br\/blog\/wp-json\/wp\/v2\/media?parent=135174"}],"wp:term":[{"taxonomy":"category","embeddable":true,"href":"https:\/\/www.aarquiteta.com.br\/blog\/wp-json\/wp\/v2\/categories?post=135174"},{"taxonomy":"post_tag","embeddable":true,"href":"https:\/\/www.aarquiteta.com.br\/blog\/wp-json\/wp\/v2\/tags?post=135174"}],"curies":[{"name":"wp","href":"https:\/\/api.w.org\/{rel}","templated":true}]}}