{"id":135061,"date":"2024-11-15T17:52:37","date_gmt":"2024-11-15T20:52:37","guid":{"rendered":"https:\/\/www.aarquiteta.com.br\/blog\/mesa-para-sacada-2\/"},"modified":"2024-11-15T17:52:37","modified_gmt":"2024-11-15T20:52:37","slug":"mesa-para-sacada-2","status":"publish","type":"post","link":"https:\/\/www.aarquiteta.com.br\/blog\/mesa-para-sacada-2\/","title":{"rendered":"10 Fotos Lindas de Mesa para Sacada que V\u00e3o Decorar o Seu Espa\u00e7o"},"content":{"rendered":"<p><body><\/p>\n<p>Escolher a mesa certa para sua sacada pode parecer uma tarefa simples, mas fazer a escolha errada pode afetar o conforto e a funcionalidade do espa\u00e7o. Vamos explorar dicas essenciais e inspiradoras para tornar sua sacada aconchegante e convidativa.<\/p>\n<h2>1. A Import\u00e2ncia da Escolha da Mesa<\/h2>\n<p><b>Entender por que a mesa \u00e9 um item fundamental na decora\u00e7\u00e3o da sua sacada<\/b> \u00e9 o primeiro passo. Ela n\u00e3o apenas serve como um espa\u00e7o para refei\u00e7\u00f5es e confraterniza\u00e7\u00f5es, mas transforma a sacada em um local de relaxamento. Uma mesa bem escolhida pode se tornar o cora\u00e7\u00e3o desse ambiente, ideal para momentos de descontra\u00e7\u00e3o com amigos e fam\u00edlia.<\/p>\n<h2>2. Avaliando o Espa\u00e7o Dispon\u00edvel<\/h2>\n<p><b>A primeira regra para escolher a mesa perfeita \u00e9 avaliar o espa\u00e7o dispon\u00edvel.<\/b> Antes de qualquer decis\u00e3o, pegue a fita m\u00e9trica e anote as dimens\u00f5es da sua sacada. Isso far\u00e1 toda a diferen\u00e7a na hora de selecionar o tamanho e o formato da mesa.<\/p>\n<h3>2.1. O Papel da Mesa Compacta<\/h3>\n<figure style=\"width: 1024px\" class=\"wp-caption aligncenter\"><img decoding=\"async\" src=\"https:\/\/www.aarquiteta.com.br\/blog\/wp-content\/uploads\/2024\/11\/mesa-para-sacada-20-730x913.jpg\" alt=\"mesa para sacada 20\" title=\"\"><figcaption class=\"wp-caption-text\">mesa para sacada 20<\/figcaption><\/figure>\n<p>Se a sua sacada \u00e9 mais apertada, <b>opte por mesas menores.<\/b> Essas mesas compactas n\u00e3o s\u00f3 ocupam menos espa\u00e7o, mas tamb\u00e9m oferecem mais liberdade de circula\u00e7\u00e3o. Assim, voc\u00ea garante um ambiente acolhedor sem se sentir preso.<\/p>\n<h3>2.2. Mesas Maiores e suas Propostas<\/h3>\n<figure style=\"width: 1024px\" class=\"wp-caption aligncenter\"><img decoding=\"async\" src=\"https:\/\/www.aarquiteta.com.br\/blog\/wp-content\/uploads\/2024\/11\/mesa-para-sacada01.jpg\" alt=\"20 Fotos Lindas de Mesa para Sacada que V\u00e3o Decorar o Seu Espa\u00e7o\" width=\"1024\" height=\"1024\" title=\"\"><figcaption class=\"wp-caption-text\">20 Fotos Lindas de Mesa para Sacada que V\u00e3o Decorar o Seu Espa\u00e7o<\/figcaption><\/figure>\n<p>Por outro lado, se voc\u00ea tem uma sacada maior, <b>mesas maiores podem ser uma op\u00e7\u00e3o interessante.<\/b> Elas permitem socializar de maneira mais confort\u00e1vel, j\u00e1 que acomodam mais pessoas, ideal para um almo\u00e7o de domingo ou um happy hour ao ar livre.<\/p>\n<h2>3. Estilos de Mesa para Sacada<\/h2>\n<p><b>Escolher o estilo da mesa certa pode demarcar o tom da sua sacada.<\/b> Desde mesas modernas minimalistas at\u00e9 aquelas com um ar mais r\u00fastico, o estilo da mesa pode dialogar harmoniosamente com o restante da decora\u00e7\u00e3o, criando um ambiente coeso.<\/p>\n<h3>3.1. Mesas de Madeira e seus Charms<\/h3>\n<figure style=\"width: 1024px\" class=\"wp-caption aligncenter\"><img decoding=\"async\" src=\"https:\/\/www.aarquiteta.com.br\/blog\/wp-content\/uploads\/2024\/11\/mesa-para-sacada-0.jpg\" alt=\"mesa para sacada 0\" title=\"\"><figcaption class=\"wp-caption-text\">mesa para sacada 0<\/figcaption><\/figure>\n<p>Mesas de madeira de demoli\u00e7\u00e3o s\u00e3o uma escolha incr\u00edvel. <b>N\u00e3o s\u00f3 trazem um charme r\u00fastico<\/b>, mas tamb\u00e9m contam uma hist\u00f3ria. Infelizmente, a compra n\u00e3o \u00e9 o \u00fanico desafio \u2014 voc\u00ea tamb\u00e9m precisa cuidar da mesa, garantindo que ela dure por muitos jantares e risadas.<\/p>\n<h3>3.2. Versatilidade das Mesas de Vidro<\/h3>\n<figure style=\"width: 1024px\" class=\"wp-caption aligncenter\"><img decoding=\"async\" src=\"https:\/\/www.aarquiteta.com.br\/blog\/wp-content\/uploads\/2024\/11\/mesa-para-sacada02.jpg\" alt=\"20 Fotos Lindas de Mesa para Sacada que V\u00e3o Decorar o Seu Espa\u00e7o\" width=\"1024\" height=\"1024\" title=\"\"><figcaption class=\"wp-caption-text\">20 Fotos Lindas de Mesa para Sacada que V\u00e3o Decorar o Seu Espa\u00e7o<\/figcaption><\/figure>\n<p>As mesas de vidro s\u00e3o sin\u00f4nimo de sofistica\u00e7\u00e3o. <b>Elas criam uma sensa\u00e7\u00e3o de amplitude e modernidade.<\/b> Com um visual leve, s\u00e3o perfeitas para sacadas que precisam parecer mais amplas, al\u00e9m de serem super f\u00e1ceis de limpar. Quem n\u00e3o gosta de uma m\u00e3ozinha na hora da faxina?<\/p>\n<h2>4. Funcionalidade: Mesas Dobr\u00e1veis e Altas<\/h2>\n<p>Mesas dobr\u00e1veis s\u00e3o uma \u00f3tima aposta, especialmente em \u00e1reas menores. <b>Elas oferecem flexibilidade e economia de espa\u00e7o.<\/b> J\u00e1 as mesas altas s\u00e3o ideais para sacadas gourmet, proporcionando um espa\u00e7o especial para petiscos e bebidas.<\/p>\n<h2>5. Decora\u00e7\u00e3o e Acess\u00f3rios<\/h2>\n<p><b>Agora que voc\u00ea escolheu a mesa, \u00e9 hora de embelezar esse espa\u00e7o.<\/b> A decora\u00e7\u00e3o \u00e9 o que trar\u00e1 vida e personalidade \u00e0 sua sacada. Pense em plantas, almofadas e outros artigos que complementem sua mesa, tornando-a ainda mais convidativa.<\/p>\n<h3>5.1. A Import\u00e2ncia das Plantas<\/h3>\n<figure style=\"width: 1024px\" class=\"wp-caption aligncenter\"><img decoding=\"async\" src=\"https:\/\/www.aarquiteta.com.br\/blog\/wp-content\/uploads\/2024\/11\/mesa-para-sacada-1-730x730.jpg\" alt=\"mesa para sacada 1\" title=\"\"><figcaption class=\"wp-caption-text\">mesa para sacada 1<\/figcaption><\/figure>\n<p>As plantas s\u00e3o o toque essencial que transforma qualquer espa\u00e7o. <b>Elas trazem frescor e uma pitada de vida ao ambiente.<\/b> Um vaso de suculentas ou folhagens pode fazer sua mesa se destacar e criar um cen\u00e1rio perfeito para aquele caf\u00e9 da manh\u00e3 de domingo.<\/p>\n<h2>6. A Mesa e o Conforto do Ambiente<\/h2>\n<p>Agora que temos a mesa e a decora\u00e7\u00e3o, <b>n\u00e3o podemos esquecer do conforto.<\/b> A escolha da mesa impacta diretamente na sua experi\u00eancia ao aproveitar o espa\u00e7o. Considere o material e a altura das cadeiras, pois a combina\u00e7\u00e3o certa pode transformar sua sacada em um verdadeiro o\u00e1sis de relaxamento.<\/p>\n<h2>Conclus\u00e3o<\/h2>\n<p>Portanto, minha dica final \u00e9: <b>seja cuidadoso na escolha da mesa para sua sacada<\/b>. Analise o espa\u00e7o, defina seu estilo e n\u00e3o esque\u00e7a do conforto. Do simples caf\u00e9 da manh\u00e3 at\u00e9 as festas de fam\u00edlia, uma mesa bem escolhida se tornar\u00e1 o ponto de encontro ideal para todos os momentos bons da vida.<\/p>\n<p><\/body><br \/>\n<figure style=\"width: 1024px\" class=\"wp-caption aligncenter\"><img decoding=\"async\" src=\"https:\/\/www.aarquiteta.com.br\/blog\/wp-content\/uploads\/2024\/11\/mesa-para-sacada03.jpg\" alt=\"20 Fotos Lindas de Mesa para Sacada que V\u00e3o Decorar o Seu Espa\u00e7o\" width=\"1024\" height=\"1024\" title=\"\"><figcaption class=\"wp-caption-text\">20 Fotos Lindas de Mesa para Sacada que V\u00e3o Decorar o Seu Espa\u00e7o<\/figcaption><\/figure>\n<figure style=\"width: 1024px\" class=\"wp-caption aligncenter\"><img decoding=\"async\" src=\"https:\/\/www.aarquiteta.com.br\/blog\/wp-content\/uploads\/2024\/11\/mesa-para-sacada-2-730x913.jpg\" alt=\"mesa para sacada 2\" title=\"\"><figcaption class=\"wp-caption-text\">mesa para sacada 2<\/figcaption><\/figure>\n<figure style=\"width: 1024px\" class=\"wp-caption aligncenter\"><img decoding=\"async\" src=\"https:\/\/www.aarquiteta.com.br\/blog\/wp-content\/uploads\/2024\/11\/mesa-para-sacada4.jpg\" alt=\"20 Fotos Lindas de Mesa para Sacada que V\u00e3o Decorar o Seu Espa\u00e7o\" width=\"1024\" height=\"1024\" title=\"\"><figcaption class=\"wp-caption-text\">20 Fotos Lindas de Mesa para Sacada que V\u00e3o Decorar o Seu Espa\u00e7o<\/figcaption><\/figure>\n<figure style=\"width: 1024px\" class=\"wp-caption aligncenter\"><img decoding=\"async\" src=\"https:\/\/www.aarquiteta.com.br\/blog\/wp-content\/uploads\/2024\/11\/mesa-para-sacada-18-730x730.jpg\" alt=\"mesa para sacada 18\" title=\"\"><figcaption class=\"wp-caption-text\">mesa para sacada 18<\/figcaption><\/figure>\n<h3>Para se aprofundar mais sobre o tema, veja a minha recomenda\u00e7\u00e3o sobre o tema deste artigo no v\u00eddeo a seguir abaixo:<\/h3>\n<p><iframe title=\"YouTube video player\" src=\"https:\/\/www.youtube.com\/embed\/\" width=\"560\" height=\"315\" frameborder=\"0\" allowfullscreen=\"allowfullscreen\"><\/iframe><\/p>\n<figure style=\"width: 1024px\" class=\"wp-caption aligncenter\"><img decoding=\"async\" src=\"https:\/\/www.aarquiteta.com.br\/blog\/wp-content\/uploads\/2024\/11\/mesa-para-sacada-21-730x730.jpg\" alt=\"mesa para sacada 21\" title=\"\"><figcaption class=\"wp-caption-text\">mesa para sacada 21<\/figcaption><\/figure>\n","protected":false},"excerpt":{"rendered":"<p>Confira 20 fotos incr\u00edveis de mesas para sacada que v\u00e3o transformar seu espa\u00e7o! Ideias pr\u00e1ticas e estilosas para decorar.<\/p>\n","protected":false},"author":102,"featured_media":135054,"comment_status":"closed","ping_status":"closed","sticky":false,"template":"","format":"standard","meta":{"footnotes":""},"categories":[1484],"tags":[],"class_list":["post-135061","post","type-post","status-publish","format-standard","has-post-thumbnail","category-decoracao"],"_wp_attached_file":null,"_wp_attachment_metadata":null,"_wp_attachment_context":null,"_wp_attachment_is_custom_header":null,"geo_longitude":null,"geo_public":null,"geo_latitude":null,"_publicize_done_external":null,"_wpas_done_3897181":null,"publicize_twitter_user":null,"_wpas_done_3897175":null,"_wpas_skip_3897181":null,"_wpas_skip_3897175":null,"_wpas_skip_3924723":null,"_wpas_mess":null,"_wpas_done_3924723":null,"wps_subtitle":"","_links":{"self":[{"href":"https:\/\/www.aarquiteta.com.br\/blog\/wp-json\/wp\/v2\/posts\/135061","targetHints":{"allow":["GET"]}}],"collection":[{"href":"https:\/\/www.aarquiteta.com.br\/blog\/wp-json\/wp\/v2\/posts"}],"about":[{"href":"https:\/\/www.aarquiteta.com.br\/blog\/wp-json\/wp\/v2\/types\/post"}],"author":[{"embeddable":true,"href":"https:\/\/www.aarquiteta.com.br\/blog\/wp-json\/wp\/v2\/users\/102"}],"replies":[{"embeddable":true,"href":"https:\/\/www.aarquiteta.com.br\/blog\/wp-json\/wp\/v2\/comments?post=135061"}],"version-history":[{"count":0,"href":"https:\/\/www.aarquiteta.com.br\/blog\/wp-json\/wp\/v2\/posts\/135061\/revisions"}],"wp:featuredmedia":[{"embeddable":true,"href":"https:\/\/www.aarquiteta.com.br\/blog\/wp-json\/wp\/v2\/media\/135054"}],"wp:attachment":[{"href":"https:\/\/www.aarquiteta.com.br\/blog\/wp-json\/wp\/v2\/media?parent=135061"}],"wp:term":[{"taxonomy":"category","embeddable":true,"href":"https:\/\/www.aarquiteta.com.br\/blog\/wp-json\/wp\/v2\/categories?post=135061"},{"taxonomy":"post_tag","embeddable":true,"href":"https:\/\/www.aarquiteta.com.br\/blog\/wp-json\/wp\/v2\/tags?post=135061"}],"curies":[{"name":"wp","href":"https:\/\/api.w.org\/{rel}","templated":true}]}}