{"id":135021,"date":"2024-11-15T10:05:49","date_gmt":"2024-11-15T13:05:49","guid":{"rendered":"https:\/\/www.aarquiteta.com.br\/blog\/balanco-para-jardim\/"},"modified":"2024-11-15T10:05:49","modified_gmt":"2024-11-15T13:05:49","slug":"balanco-para-jardim","status":"publish","type":"post","link":"https:\/\/www.aarquiteta.com.br\/blog\/balanco-para-jardim\/","title":{"rendered":"10 Ideias de Balan\u00e7o para Jardim"},"content":{"rendered":"<p><body><\/p>\n<p>Transforme seu jardim em um espa\u00e7o aconchegante e divertido com um balan\u00e7o, ideal para relaxar e aproveitar momentos ao ar livre com toda a fam\u00edlia.<\/p>\n<h2>Principais T\u00f3picos Abordados<\/h2>\n<ul>\n<li><b>Tipos de Balan\u00e7os:<\/b> Descubra as op\u00e7\u00f5es ideais para o seu espa\u00e7o, desde madeira at\u00e9 ferro.<\/li>\n<li><b>Decora\u00e7\u00e3o:<\/b> Como escolher cores e estilos que harmonizam com o ambiente externo.<\/li>\n<li><b>Espa\u00e7os Ideais:<\/b> Locais perfeitos para instala\u00e7\u00e3o do seu balan\u00e7o e maximiza\u00e7\u00e3o do conforto.<\/li>\n<li><b>Benef\u00edcios:<\/b> As vantagens de ter um balan\u00e7o no jardim, desde o relaxamento at\u00e9 a intera\u00e7\u00e3o familiar.<\/li>\n<li><b>Compra:<\/b> Onde encontrar o balan\u00e7o perfeito para completar sua decora\u00e7\u00e3o externa.<\/li>\n<\/ul>\n<h2>Introdu\u00e7\u00e3o<\/h2>\n<p>O balan\u00e7o para jardim \u00e9 uma excelente adi\u00e7\u00e3o que n\u00e3o s\u00f3 embeleza o espa\u00e7o externo, mas tamb\u00e9m proporciona conforto e divers\u00e3o, tornando o contato com a natureza ainda mais especial.<\/p>\n<h2>Tipos de Balan\u00e7os para Jardim<\/h2>\n<h3>1. Balan\u00e7os de Madeira<\/h3>\n<figure style=\"width: 1024px\" class=\"wp-caption aligncenter\"><img decoding=\"async\" src=\"https:\/\/www.aarquiteta.com.br\/blog\/wp-content\/uploads\/2024\/11\/balanco-para-jardim-2-730x913.jpg\" alt=\"H\u00e1 pe\u00e7as cheias de estilo\" title=\"\"><figcaption class=\"wp-caption-text\">H\u00e1 pe\u00e7as cheias de estilo<\/figcaption><\/figure>\n<p>Vamos come\u00e7ar com os <b>balan\u00e7os de madeira<\/b>, que trazem uma versatilidade impressionante. Eles se adaptam a diferentes estilos de jardins, adicionando um toque de eleg\u00e2ncia e aconchego. Escolher uma madeira de qualidade garante durabilidade, e ainda podemos dar aquele detalhe especial com uma pintura ou um verniz que valorize a beleza natural do material.<\/p>\n<h3>2. Balan\u00e7os de Ferro<\/h3>\n<figure style=\"width: 1024px\" class=\"wp-caption aligncenter\"><img decoding=\"async\" src=\"https:\/\/www.aarquiteta.com.br\/blog\/wp-content\/uploads\/2024\/11\/balanco-para-jardim01.jpg\" alt=\"50 Ideias de Balan\u00e7o para Jardim\" width=\"1024\" height=\"1024\" title=\"\"><figcaption class=\"wp-caption-text\">50 Ideias de Balan\u00e7o para Jardim<\/figcaption><\/figure>\n<p>Os <b>balan\u00e7os de ferro<\/b> s\u00e3o ideais para quem busca um estilo mais rom\u00e2ntico e visualmente impactante. A leveza nas formas e as curvas delicadas fazem com que esses balan\u00e7os se destaquem em qualquer ambiente, conectando-se perfeitamente \u00e0 natureza ao redor. Sem contar a resist\u00eancia, que garante longevidade ao item.<\/p>\n<h3>3. Balan\u00e7os de Vime<\/h3>\n<figure style=\"width: 1024px\" class=\"wp-caption aligncenter\"><img decoding=\"async\" src=\"https:\/\/www.aarquiteta.com.br\/blog\/wp-content\/uploads\/2024\/11\/balanco-para-jardim-00.jpg\" alt=\"50 ideias divertidas e aconchegantes de balan\u00e7o para jardim\" title=\"\"><figcaption class=\"wp-caption-text\">50 ideias divertidas e aconchegantes de balan\u00e7o para jardim<\/figcaption><\/figure>\n<p>Uma op\u00e7\u00e3o que nunca sai de moda \u00e9 o <b>balan\u00e7o de vime<\/b>. Ele traz uma aura r\u00fastica e, ao mesmo tempo, aconchegante ao espa\u00e7o. O vime, em suas cores naturais, fica incr\u00edvel ao ar livre, al\u00e9m de ser super confort\u00e1vel para sentar e relaxar ao longo das tardes ensolaradas.<\/p>\n<h3>4. Balan\u00e7os Suspensos<\/h3>\n<figure style=\"width: 1024px\" class=\"wp-caption aligncenter\"><img decoding=\"async\" src=\"https:\/\/www.aarquiteta.com.br\/blog\/wp-content\/uploads\/2024\/11\/balanco-para-jardim02.jpg\" alt=\"50 Ideias de Balan\u00e7o para Jardim\" width=\"1024\" height=\"1024\" title=\"\"><figcaption class=\"wp-caption-text\">50 Ideias de Balan\u00e7o para Jardim<\/figcaption><\/figure>\n<p>Se voc\u00ea \u00e9 dos mais ousados, os <b>balan\u00e7os suspensos<\/b> s\u00e3o a op\u00e7\u00e3o perfeita. Eles oferecem uma experi\u00eancia \u00fanica, permitindo at\u00e9 flutuar sobre a \u00e1gua em um ambiente de piscina. A sensa\u00e7\u00e3o de liberdade \u00e9 incompar\u00e1vel, e ainda d\u00e1 um toque modernoso ao espa\u00e7o.<\/p>\n<h2>Decora\u00e7\u00e3o e Estilo<\/h2>\n<h3>1. Cores e Materiais<\/h3>\n<figure style=\"width: 1024px\" class=\"wp-caption aligncenter\"><img decoding=\"async\" src=\"https:\/\/www.aarquiteta.com.br\/blog\/wp-content\/uploads\/2024\/11\/decoracao-de-varanda-00-286x160.jpg\" alt=\"Foto de decora\u00e7\u00e3o de varanda\" title=\"\"><figcaption class=\"wp-caption-text\">Foto de decora\u00e7\u00e3o de varanda<\/figcaption><\/figure>\n<p>Na hora de decorar, a escolha das <b>cores e materiais<\/b> \u00e9 essencial. Cores suaves e neutras podem se harmonizar com um jardim floral, enquanto tons vibrantes podem se destacar e trazer alegria ao ambiente. Mais do que combinar, o segredo \u00e9 criar uma atmosfera que transmita a sua personalidade.<\/p>\n<h3>2. Combina\u00e7\u00f5es com Mobili\u00e1rio Externo<\/h3>\n<figure style=\"width: 1024px\" class=\"wp-caption aligncenter\"><img decoding=\"async\" src=\"https:\/\/www.aarquiteta.com.br\/blog\/wp-content\/uploads\/2024\/11\/balanco-para-jardim03.jpg\" alt=\"50 Ideias de Balan\u00e7o para Jardim\" width=\"1024\" height=\"1024\" title=\"\"><figcaption class=\"wp-caption-text\">50 Ideias de Balan\u00e7o para Jardim<\/figcaption><\/figure>\n<p>Ao adicionar um balan\u00e7o, considerar as <b>combina\u00e7\u00f5es com o mobili\u00e1rio externo<\/b> \u00e9 fundamental. A dica \u00e9 escolher pe\u00e7as que dialoguem umas com as outras, criando um espa\u00e7o coeso e convidativo. Pense em mesas, cadeiras e at\u00e9 almofadas que complementem seu balan\u00e7o, transformando assim o seu jardim num verdadeiro o\u00e1sis de bem-estar.<\/p>\n<h2>Espa\u00e7os Ideais para Instala\u00e7\u00e3o<\/h2>\n<h3>1. Jardim de Inverno<\/h3>\n<figure style=\"width: 1024px\" class=\"wp-caption aligncenter\"><img decoding=\"async\" src=\"https:\/\/www.aarquiteta.com.br\/blog\/wp-content\/uploads\/2024\/11\/area-de-lazer-pequena-0-286x160.jpg\" alt=\"Ilumina\u00e7\u00e3o de jardim: conhe\u00e7a os tipos e encante-se com 35 fotos\" title=\"\"><figcaption class=\"wp-caption-text\">Ilumina\u00e7\u00e3o de jardim: conhe\u00e7a os tipos e encante-se com 35 fotos<\/figcaption><\/figure>\n<p>Um <b>jardim de inverno<\/b> \u00e9 um lugar perfeito para instalar um balan\u00e7o. Com um toque de natureza adjacente, ele proporciona um ambiente relaxante e acolhedor, ideal para um momento de leitura ou descanso com uma x\u00edcara de ch\u00e1.<\/p>\n<h3>2. Ao Lado de Piscinas<\/h3>\n<figure style=\"width: 1024px\" class=\"wp-caption aligncenter\"><img decoding=\"async\" src=\"https:\/\/www.aarquiteta.com.br\/blog\/wp-content\/uploads\/2024\/11\/balanco-para-jardim4.jpg\" alt=\"50 Ideias de Balan\u00e7o para Jardim\" width=\"1024\" height=\"1024\" title=\"\"><figcaption class=\"wp-caption-text\">50 Ideias de Balan\u00e7o para Jardim<\/figcaption><\/figure>\n<p>Os milysekos, que amam o ver\u00e3o, devem considerar a instala\u00e7\u00e3o de um balan\u00e7o <b>perto da piscina<\/b>. Al\u00e9m da proximidade da \u00e1gua refrescante, \u00e9 um espa\u00e7o ideal para reunir amigos, contando com uma sombra que quebra o calor.<\/p>\n<h3>3. Sob \u00c1rvores<\/h3>\n<figure style=\"width: 1024px\" class=\"wp-caption aligncenter\"><img decoding=\"async\" src=\"https:\/\/www.aarquiteta.com.br\/blog\/wp-content\/uploads\/2024\/11\/iluminacao-de-jardim-1-286x160.jpg\" alt=\"O balan\u00e7o para jardim traz mais aconchego\" title=\"\"><figcaption class=\"wp-caption-text\">O balan\u00e7o para jardim traz mais aconchego<\/figcaption><\/figure>\n<p>Quantas vezes voc\u00ea n\u00e3o desejou um espa\u00e7o sob a <b>sombra de uma \u00e1rvore<\/b>? \u00c9, sem d\u00favida, um dos locais mais charmosos para um balan\u00e7o, garantindo frescor e um uso equilibrado do espa\u00e7o verde.<\/p>\n<h2>Benef\u00edcios do Uso de Balan\u00e7os para Jardim<\/h2>\n<h3>1. Relaxamento e Conex\u00e3o com a Natureza<\/h3>\n<h3>Para se aprofundar mais sobre o tema, veja a minha recomenda\u00e7\u00e3o sobre o tema deste artigo no v\u00eddeo a seguir abaixo:<\/h3>\n<p><iframe title=\"YouTube video player\" src=\"https:\/\/www.youtube.com\/embed\/\" width=\"560\" height=\"315\" frameborder=\"0\" allowfullscreen=\"allowfullscreen\"><\/iframe><\/p>\n<p>Nada como sentar-se num balan\u00e7o e sentir a <b>brisa fresca<\/b> passando. Essa \u00e9 uma forma simples de relaxar e se conectar com a natureza. \u00c9 um convite ao sil\u00eancio e \u00e0 reflex\u00e3o, proporcionando momentos de paz de esp\u00edrito.<\/p>\n<h3>2. Est\u00edmulo \u00e0 Intera\u00e7\u00e3o Familiar<\/h3>\n<figure style=\"width: 1024px\" class=\"wp-caption aligncenter\"><img decoding=\"async\" src=\"https:\/\/www.aarquiteta.com.br\/blog\/wp-content\/uploads\/2024\/11\/balanco-para-jardim-1-730x729.jpg\" alt=\"E esbanja descontra\u00e7\u00e3o na decora\u00e7\u00e3o\" title=\"\"><figcaption class=\"wp-caption-text\">E esbanja descontra\u00e7\u00e3o na decora\u00e7\u00e3o<\/figcaption><\/figure>\n<p>Um balan\u00e7o se transforma em um espa\u00e7o que <b>estimula a intera\u00e7\u00e3o familiar<\/b>. \u00c9 nesse espa\u00e7o que hist\u00f3rias s\u00e3o contadas, risadas s\u00e3o compartilhadas e mem\u00f3rias inesquec\u00edveis s\u00e3o criadas. N\u00e3o \u00e9 s\u00f3 um m\u00f3vel, \u00e9 um lugar de sociabilidade.<\/p>\n<h2>Onde Comprar Balan\u00e7os para Jardim<\/h2>\n<p>Se voc\u00ea decidiu adicionar um balan\u00e7o ao seu jardim, <b>considerar lojas de m\u00f3veis de exterior<\/b> e plataformas online \u00e9 uma \u00f3tima ideia. Muitas op\u00e7\u00f5es garantem qualidade e variedade, e o melhor: voc\u00ea pode comparar pre\u00e7os sem sair de casa. Tire um tempinho para pesquisar, e encontre o balan\u00e7o que mais combina com seu estilo e necessidades.<\/p>\n<h2>Conclus\u00e3o<\/h2>\n<p>Adicionar um balan\u00e7o ao seu jardim pode <b>transformar o ambiente<\/b>, trazendo n\u00e3o apenas beleza, mas tamb\u00e9m conforto e divers\u00e3o. Ao escolher o modelo que mais combina com seu estilo, voc\u00ea garante momentos de alegria e relaxamento. Ent\u00e3o, aproveite ao m\u00e1ximo seu espa\u00e7o externo, e deixe a vida fluir enquanto voc\u00ea balan\u00e7a!<\/p>\n<p><\/body><\/p>\n","protected":false},"excerpt":{"rendered":"<p>Inspire-se com 50 ideias criativas e aconchegantes de balan\u00e7os para jardim e transforme seu espa\u00e7o ao ar livre.<\/p>\n","protected":false},"author":102,"featured_media":135014,"comment_status":"closed","ping_status":"closed","sticky":false,"template":"","format":"standard","meta":{"footnotes":""},"categories":[1484],"tags":[],"class_list":["post-135021","post","type-post","status-publish","format-standard","has-post-thumbnail","category-decoracao"],"_wp_attached_file":null,"_wp_attachment_metadata":null,"_wp_attachment_context":null,"_wp_attachment_is_custom_header":null,"geo_longitude":null,"geo_public":null,"geo_latitude":null,"_publicize_done_external":null,"_wpas_done_3897181":null,"publicize_twitter_user":null,"_wpas_done_3897175":null,"_wpas_skip_3897181":null,"_wpas_skip_3897175":null,"_wpas_skip_3924723":null,"_wpas_mess":null,"_wpas_done_3924723":null,"wps_subtitle":"","_links":{"self":[{"href":"https:\/\/www.aarquiteta.com.br\/blog\/wp-json\/wp\/v2\/posts\/135021","targetHints":{"allow":["GET"]}}],"collection":[{"href":"https:\/\/www.aarquiteta.com.br\/blog\/wp-json\/wp\/v2\/posts"}],"about":[{"href":"https:\/\/www.aarquiteta.com.br\/blog\/wp-json\/wp\/v2\/types\/post"}],"author":[{"embeddable":true,"href":"https:\/\/www.aarquiteta.com.br\/blog\/wp-json\/wp\/v2\/users\/102"}],"replies":[{"embeddable":true,"href":"https:\/\/www.aarquiteta.com.br\/blog\/wp-json\/wp\/v2\/comments?post=135021"}],"version-history":[{"count":0,"href":"https:\/\/www.aarquiteta.com.br\/blog\/wp-json\/wp\/v2\/posts\/135021\/revisions"}],"wp:featuredmedia":[{"embeddable":true,"href":"https:\/\/www.aarquiteta.com.br\/blog\/wp-json\/wp\/v2\/media\/135014"}],"wp:attachment":[{"href":"https:\/\/www.aarquiteta.com.br\/blog\/wp-json\/wp\/v2\/media?parent=135021"}],"wp:term":[{"taxonomy":"category","embeddable":true,"href":"https:\/\/www.aarquiteta.com.br\/blog\/wp-json\/wp\/v2\/categories?post=135021"},{"taxonomy":"post_tag","embeddable":true,"href":"https:\/\/www.aarquiteta.com.br\/blog\/wp-json\/wp\/v2\/tags?post=135021"}],"curies":[{"name":"wp","href":"https:\/\/api.w.org\/{rel}","templated":true}]}}