{"id":134848,"date":"2024-11-13T09:02:27","date_gmt":"2024-11-13T12:02:27","guid":{"rendered":"https:\/\/www.aarquiteta.com.br\/blog\/madeira-plastica\/"},"modified":"2024-11-13T09:02:27","modified_gmt":"2024-11-13T12:02:27","slug":"madeira-plastica","status":"publish","type":"post","link":"https:\/\/www.aarquiteta.com.br\/blog\/madeira-plastica\/","title":{"rendered":"O que \u00e9 madeira pl\u00e1stica e como incluir no seu projeto sustent\u00e1vel"},"content":{"rendered":"<p><body><\/p>\n<p><b>A madeira pl\u00e1stica \u00e9 uma alternativa sustent\u00e1vel que combina a est\u00e9tica da madeira tradicional com a durabilidade dos pl\u00e1sticos reciclados.<\/b> Se voc\u00ea busca uma op\u00e7\u00e3o ecol\u00f3gica para seu projeto, este material deve estar na sua lista!<\/p>\n<h2>O que \u00e9 madeira pl\u00e1stica?<\/h2>\n<p>Quando comecei a me aprofundar nesse universo, percebi que <b> madeira pl\u00e1stica \u00e9 resultado de um processo inovador<\/b> que junta fibras naturais com pl\u00e1sticos reciclados. Basicamente, ela busca trazer o melhor dos dois mundos: a beleza da madeira com a resist\u00eancia quase indestrut\u00edvel do pl\u00e1stico. Pode parecer m\u00e1gica, mas n\u00e3o \u00e9! \u00c9 s\u00f3 boa engenharia e uma pitada de preocupa\u00e7\u00e3o com o meio ambiente!<\/p>\n<h2>Tipos de madeira pl\u00e1stica mais utilizados<\/h2>\n<p>Existem v\u00e1rios tipos de madeira pl\u00e1stica no mercado, e cada uma tem caracter\u00edsticas que podem se alinhar melhor com seu projeto. Olha s\u00f3:<\/p>\n<h3>Madeira sint\u00e9tica de PVC<\/h3>\n<figure style=\"width: 1024px\" class=\"wp-caption aligncenter\"><img decoding=\"async\" src=\"https:\/\/www.aarquiteta.com.br\/blog\/wp-content\/uploads\/2024\/11\/madeira-plastica01.jpg\" alt=\"O que \u00e9 madeira pl\u00e1stica e como incluir no seu projeto sustent\u00e1vel\" width=\"1024\" height=\"1024\" title=\"\"><figcaption class=\"wp-caption-text\">O que \u00e9 madeira pl\u00e1stica e como incluir no seu projeto sustent\u00e1vel<\/figcaption><\/figure>\n<p>Em muitos projetos, a <b>madeira sint\u00e9tica de PVC<\/b> brilha como uma estrela. Feita com 30% de PVC virgem e 70% de madeira reciclada, ela \u00e9 super resistente e vem em cores bem uniformes. Para quem adora uma cor vibrante, essa \u00e9 uma escolha certeira!<\/p>\n<h3>Madeira Ecol\u00f3gica WPC<\/h3>\n<figure style=\"width: 1024px\" class=\"wp-caption aligncenter\"><img decoding=\"async\" src=\"https:\/\/www.aarquiteta.com.br\/blog\/wp-content\/uploads\/2024\/11\/madeira-plastica-01-730x449.png\" alt=\"Imagem da madeira sint\u00e9tica de PVC\" title=\"\"><figcaption class=\"wp-caption-text\">Imagem da madeira sint\u00e9tica de PVC<\/figcaption><\/figure>\n<p>A <b>WPC<\/b>, que \u00e9 a wood-plastic composite, leva a sustentabilidade a um novo n\u00edvel. Composta por 70% de madeira reciclada e 30% de pl\u00e1stico, essa op\u00e7\u00e3o \u00e9 ideal para quem prioriza a durabilidade. Voc\u00ea pode encontr\u00e1-la em decks, pergolados ou at\u00e9 nas mesinhas do quintal!<\/p>\n<h3>Madeira Pl\u00e1stica 100% reciclada<\/h3>\n<figure style=\"width: 1024px\" class=\"wp-caption aligncenter\"><img decoding=\"async\" src=\"https:\/\/www.aarquiteta.com.br\/blog\/wp-content\/uploads\/2024\/11\/madeira-plastica-000.png\" alt=\"Ilustra\u00e7\u00e3o sobre a madeira pl\u00e1stica\" title=\"\"><figcaption class=\"wp-caption-text\">Ilustra\u00e7\u00e3o sobre a madeira pl\u00e1stica<\/figcaption><\/figure>\n<p>Essa \u00e9 para os verdadeiros adeptos da reciclagem! A madeira pl\u00e1stica 100% reciclada \u00e9 feita inteiramente de pl\u00e1sticos que foram jogados fora. Isso significa que voc\u00ea estar\u00e1 <b>reduzindo os rejeitos<\/b> no meio ambiente apenas por decorar sua casa!<\/p>\n<h2>Aplica\u00e7\u00f5es da madeira pl\u00e1stica<\/h2>\n<p>Um dos melhores aspectos da madeira pl\u00e1stica \u00e9 a sua <b>versatilidade<\/b>. Desde \u00e1reas externas, como decks e cercas, at\u00e9 interiores, como m\u00f3veis e revestimentos, as possibilidades s\u00e3o amplas. Us\u00e1-la \u00e9 como ter um camale\u00e3o que se adapta ao seu projeto sem perder a personalidade.<\/p>\n<h2>Vantagens da madeira pl\u00e1stica<\/h2>\n<p>Vou te falar, as vantagens s\u00e3o de encher os olhos. Ent\u00e3o, vamos listar algumas:<\/p>\n<ul>\n<li><b>Durabilidade:<\/b> N\u00e3o se preocupe com pragas ou queimaduras; esse material \u00e9 robusto!<\/li>\n<li><b>Baixa manuten\u00e7\u00e3o:<\/b> Diferente da madeira convencional, n\u00e3o precisa de verniz todo ano.<\/li>\n<li><b>Amiga do meio ambiente:<\/b> Como j\u00e1 mencionei, ela reutiliza materiais que poderiam poluir nosso planeta.<\/li>\n<\/ul>\n<h2>Desvantagens da madeira pl\u00e1stica<\/h2>\n<p>Mas nem tudo s\u00e3o flores; \u00e9 preciso considerar que <b>o custo inicial pode ser um pouco mais alto<\/b> do que a madeira comum. Al\u00e9m disso, com o tempo, pode haver um certo desbotamento, ent\u00e3o, estar atento a esses detalhes \u00e9 crucial.<\/p>\n<h2>Considera\u00e7\u00f5es finais<\/h2>\n<p>N\u00e3o d\u00e1 para negar que a madeira pl\u00e1stica traz um ar de modernidade e sustentabilidade a qualquer projeto. No fundo, a escolha do material deve fazer uma conex\u00e3o com a sua vis\u00e3o para o espa\u00e7o. Ao entender as caracter\u00edsticas desse produto, espero que voc\u00ea se sinta mais confiante ao decidir se \u00e9 a op\u00e7\u00e3o ideal para a sua obra.<\/p>\n<h2>V\u00e1 em frente, fa\u00e7a escolhas conscientes!<\/h2>\n<p>Acredito que investir em solu\u00e7\u00f5es sustent\u00e1veis \u00e9 uma tend\u00eancia que vai s\u00f3 crescer. S\u00e3o escolhas como a da madeira pl\u00e1stica que nos levam a um futuro melhor. Ent\u00e3o, lembre-se: quando for construir ou reformar, que tal considerar essa op\u00e7\u00e3o? O futuro do nosso planeta com certeza agradece!<\/p>\n<p><\/body><br \/>\n<figure style=\"width: 1024px\" class=\"wp-caption aligncenter\"><img decoding=\"async\" src=\"https:\/\/www.aarquiteta.com.br\/blog\/wp-content\/uploads\/2024\/11\/madeira-plastica02.jpg\" alt=\"O que \u00e9 madeira pl\u00e1stica e como incluir no seu projeto sustent\u00e1vel\" width=\"1024\" height=\"1024\" title=\"\"><figcaption class=\"wp-caption-text\">O que \u00e9 madeira pl\u00e1stica e como incluir no seu projeto sustent\u00e1vel<\/figcaption><\/figure>\n<figure style=\"width: 1024px\" class=\"wp-caption aligncenter\"><img decoding=\"async\" src=\"https:\/\/www.aarquiteta.com.br\/blog\/wp-content\/uploads\/2024\/11\/1_casa-de-madeira-1-286x160.jpg\" alt=\"Foto de casa de madeira\" title=\"\"><figcaption class=\"wp-caption-text\">Foto de casa de madeira<\/figcaption><\/figure>\n<figure style=\"width: 1024px\" class=\"wp-caption aligncenter\"><img decoding=\"async\" src=\"https:\/\/www.aarquiteta.com.br\/blog\/wp-content\/uploads\/2024\/11\/madeira-plastica03.jpg\" alt=\"O que \u00e9 madeira pl\u00e1stica e como incluir no seu projeto sustent\u00e1vel\" width=\"1024\" height=\"1024\" title=\"\"><figcaption class=\"wp-caption-text\">O que \u00e9 madeira pl\u00e1stica e como incluir no seu projeto sustent\u00e1vel<\/figcaption><\/figure>\n<figure style=\"width: 1024px\" class=\"wp-caption aligncenter\"><img decoding=\"async\" src=\"https:\/\/www.aarquiteta.com.br\/blog\/wp-content\/uploads\/2024\/11\/forro-de-madeira-14-286x160.jpg\" alt=\"Foto de forro de madeira\" title=\"\"><figcaption class=\"wp-caption-text\">Foto de forro de madeira<\/figcaption><\/figure>\n<figure style=\"width: 1024px\" class=\"wp-caption aligncenter\"><img decoding=\"async\" src=\"https:\/\/www.aarquiteta.com.br\/blog\/wp-content\/uploads\/2024\/11\/madeira-plastica4.jpg\" alt=\"O que \u00e9 madeira pl\u00e1stica e como incluir no seu projeto sustent\u00e1vel\" width=\"1024\" height=\"1024\" title=\"\"><figcaption class=\"wp-caption-text\">O que \u00e9 madeira pl\u00e1stica e como incluir no seu projeto sustent\u00e1vel<\/figcaption><\/figure>\n<figure style=\"width: 1024px\" class=\"wp-caption aligncenter\"><img decoding=\"async\" src=\"https:\/\/www.aarquiteta.com.br\/blog\/wp-content\/uploads\/2024\/11\/1_carpete-de-madeira-003-286x160.jpg\" alt=\"Foto de carpete de madeira\" title=\"\"><figcaption class=\"wp-caption-text\">Foto de carpete de madeira<\/figcaption><\/figure>\n<p><iframe title=\"YouTube video player\" src=\"https:\/\/www.youtube.com\/embed\/\" width=\"560\" height=\"315\" frameborder=\"0\" allowfullscreen=\"allowfullscreen\"><\/iframe><\/p>\n<figure style=\"width: 1024px\" class=\"wp-caption aligncenter\"><img decoding=\"async\" src=\"https:\/\/www.aarquiteta.com.br\/blog\/wp-content\/uploads\/2024\/11\/madeira-plastica-02-730x449.png\" alt=\"Imagem da madeira ecol\u00f3gica WPC\" title=\"\"><figcaption class=\"wp-caption-text\">Imagem da madeira ecol\u00f3gica WPC<\/figcaption><\/figure>\n","protected":false},"excerpt":{"rendered":"<p>Descubra tudo sobre madeira pl\u00e1stica, seus tipos, vantagens e desvantagens para aplicar em projetos sustent\u00e1veis.<\/p>\n","protected":false},"author":102,"featured_media":134841,"comment_status":"closed","ping_status":"closed","sticky":false,"template":"","format":"standard","meta":{"footnotes":""},"categories":[1507,249],"tags":[],"class_list":["post-134848","post","type-post","status-publish","format-standard","has-post-thumbnail","category-arquitetura","category-engenharia-e-construcao-civil"],"_wp_attached_file":null,"_wp_attachment_metadata":null,"_wp_attachment_context":null,"_wp_attachment_is_custom_header":null,"geo_longitude":null,"geo_public":null,"geo_latitude":null,"_publicize_done_external":null,"_wpas_done_3897181":null,"publicize_twitter_user":null,"_wpas_done_3897175":null,"_wpas_skip_3897181":null,"_wpas_skip_3897175":null,"_wpas_skip_3924723":null,"_wpas_mess":null,"_wpas_done_3924723":null,"wps_subtitle":"","_links":{"self":[{"href":"https:\/\/www.aarquiteta.com.br\/blog\/wp-json\/wp\/v2\/posts\/134848","targetHints":{"allow":["GET"]}}],"collection":[{"href":"https:\/\/www.aarquiteta.com.br\/blog\/wp-json\/wp\/v2\/posts"}],"about":[{"href":"https:\/\/www.aarquiteta.com.br\/blog\/wp-json\/wp\/v2\/types\/post"}],"author":[{"embeddable":true,"href":"https:\/\/www.aarquiteta.com.br\/blog\/wp-json\/wp\/v2\/users\/102"}],"replies":[{"embeddable":true,"href":"https:\/\/www.aarquiteta.com.br\/blog\/wp-json\/wp\/v2\/comments?post=134848"}],"version-history":[{"count":0,"href":"https:\/\/www.aarquiteta.com.br\/blog\/wp-json\/wp\/v2\/posts\/134848\/revisions"}],"wp:featuredmedia":[{"embeddable":true,"href":"https:\/\/www.aarquiteta.com.br\/blog\/wp-json\/wp\/v2\/media\/134841"}],"wp:attachment":[{"href":"https:\/\/www.aarquiteta.com.br\/blog\/wp-json\/wp\/v2\/media?parent=134848"}],"wp:term":[{"taxonomy":"category","embeddable":true,"href":"https:\/\/www.aarquiteta.com.br\/blog\/wp-json\/wp\/v2\/categories?post=134848"},{"taxonomy":"post_tag","embeddable":true,"href":"https:\/\/www.aarquiteta.com.br\/blog\/wp-json\/wp\/v2\/tags?post=134848"}],"curies":[{"name":"wp","href":"https:\/\/api.w.org\/{rel}","templated":true}]}}