{"id":134775,"date":"2024-11-12T13:20:09","date_gmt":"2024-11-12T16:20:09","guid":{"rendered":"https:\/\/www.aarquiteta.com.br\/blog\/casa-com-varanda\/"},"modified":"2024-11-12T13:20:09","modified_gmt":"2024-11-12T16:20:09","slug":"casa-com-varanda","status":"publish","type":"post","link":"https:\/\/www.aarquiteta.com.br\/blog\/casa-com-varanda\/","title":{"rendered":"Decora\u00e7\u00e3o de Varandas: 10 Ideias para um Ambiente Aconchegante"},"content":{"rendered":"<p><body><\/p>\n<p>Uma casa com varanda \u00e9 perfeita para curtir momentos ao ar livre, seja relaxando ou recebendo amigos. Aqui, vou compartilhar inspira\u00e7\u00f5es e dicas valiosas para decorar esse espa\u00e7o de forma aconchegante e funcional. Vamos l\u00e1!<\/p>\n<h2>Principais Insights sobre Varandas<\/h2>\n<ul>\n<li><b>Estilos Variados:<\/b> Aprenda sobre as diferentes abordagens na decora\u00e7\u00e3o, desde o r\u00fastico at\u00e9 o moderno.<\/li>\n<li><b>Mobili\u00e1rio Essencial:<\/b> Descubra op\u00e7\u00f5es pr\u00e1ticas e confort\u00e1veis que se adequam a cada tipo de varanda.<\/li>\n<li><b>Decora\u00e7\u00e3o Aconchegante:<\/b> Explore como cores, texturas e elementos naturais podem transformar sua varanda.<\/li>\n<li><b>Ilumina\u00e7\u00e3o Perfeita:<\/b> Veja como a ilumina\u00e7\u00e3o pode criar ambientes acolhedores e charmosos.<\/li>\n<li><b>Integra\u00e7\u00e3o com a Natureza:<\/b> Entenda como sua varanda pode se tornar um ponto de conex\u00e3o com o jardim.<\/li>\n<li><b>Tend\u00eancias Atuais:<\/b> Fique por dentro das \u00faltimas novidades para tornar sua varanda ainda mais atraente.<\/li>\n<\/ul>\n<h2>1. Estilos de Varanda<\/h2>\n<h3>1.1 Varanda R\u00fastica e Campestre<\/h3>\n<figure style=\"width: 1024px\" class=\"wp-caption aligncenter\"><img decoding=\"async\" src=\"https:\/\/www.aarquiteta.com.br\/blog\/wp-content\/uploads\/2024\/11\/casa-com-varanda-6-730x491.jpg\" alt=\"Linhas retas e modernas para a tradicional varanda.\" title=\"\"><figcaption class=\"wp-caption-text\">Linhas retas e modernas para a tradicional varanda.<\/figcaption><\/figure>\n<p>Se voc\u00ea aprecia o charme do campo, <b>uma varanda r\u00fastica<\/b> \u00e9 o seu lugar. Com m\u00f3veis de madeira de demoli\u00e7\u00e3o e decora\u00e7\u00e3o que remete \u00e0 natureza, esse estilo oferece um ambiente aconchegante. Use almofadas em tons terrosos e crie um espa\u00e7o perfeito para relaxar ap\u00f3s um dia agitado.<\/p>\n<h3>1.2 Varanda Moderna e Integrada<\/h3>\n<figure style=\"width: 1024px\" class=\"wp-caption aligncenter\"><img decoding=\"async\" src=\"https:\/\/www.aarquiteta.com.br\/blog\/wp-content\/uploads\/2024\/11\/casa-com-varanda01.jpg\" alt=\"Decora\u00e7\u00e3o de Varandas: 78 Ideias para um Ambiente Aconchegante\" width=\"1024\" height=\"1024\" title=\"\"><figcaption class=\"wp-caption-text\">Decora\u00e7\u00e3o de Varandas: 78 Ideias para um Ambiente Aconchegante<\/figcaption><\/figure>\n<p>Por outro lado, se o que voc\u00ea busca \u00e9 modernidade, as <b>varandas modernas<\/b> apresentam linhas retas e superf\u00edcies minimalistas. Materiais como vidro e metal, aliados a uma paleta neutra, podem resultar em um ambiente sofisticado e clean. N\u00e3o se esque\u00e7a de incluir plantas para dar vida ao espa\u00e7o!<\/p>\n<h3>1.3 Varanda Gourmet<\/h3>\n<figure style=\"width: 1024px\" class=\"wp-caption aligncenter\"><img decoding=\"async\" src=\"https:\/\/www.aarquiteta.com.br\/blog\/wp-content\/uploads\/2024\/11\/casa-com-varanda-1.jpg\" alt=\"Tipos de varandas em casas, com diversas inspira\u00e7\u00f5es que s\u00e3o cheias de aconchego e frescor.\" title=\"\"><figcaption class=\"wp-caption-text\">Tipos de varandas em casas, com diversas inspira\u00e7\u00f5es que s\u00e3o cheias de aconchego e frescor.<\/figcaption><\/figure>\n<p>Para quem adora receber amigos, a <b>varanda gourmet<\/b> \u00e9 o sonho. Equipado com churrasqueira, pizza oven e mesas grandes, esse espa\u00e7o vira o ponto de encontro perfeito. Invista em m\u00f3veis confort\u00e1veis e resistentes, que possam suportar longas horas de divers\u00e3o.<\/p>\n<h2>2. Mobili\u00e1rio para Varandas<\/h2>\n<h3>2.1 M\u00f3veis Confort\u00e1veis e Funcionais<\/h3>\n<figure style=\"width: 1024px\" class=\"wp-caption aligncenter\"><img decoding=\"async\" src=\"https:\/\/www.aarquiteta.com.br\/blog\/wp-content\/uploads\/2024\/11\/casa-com-varanda02.jpg\" alt=\"Decora\u00e7\u00e3o de Varandas: 78 Ideias para um Ambiente Aconchegante\" width=\"1024\" height=\"1024\" title=\"\"><figcaption class=\"wp-caption-text\">Decora\u00e7\u00e3o de Varandas: 78 Ideias para um Ambiente Aconchegante<\/figcaption><\/figure>\n<p>Um dos maiores erros ao decorar a varanda \u00e9 escolher m\u00f3veis apenas pela est\u00e9tica. Por isso, <b>priorize o conforto<\/b>. Sof\u00e1s e poltronas com almofadas macias s\u00e3o essenciais, garantindo que seus convidados se sintam \u00e0 vontade. Opte por tecidos que resistam \u00e0s intemp\u00e9ries.<\/p>\n<h3>2.2 Op\u00e7\u00f5es de Materiais Dur\u00e1veis<\/h3>\n<figure style=\"width: 1024px\" class=\"wp-caption aligncenter\"><img decoding=\"async\" src=\"https:\/\/www.aarquiteta.com.br\/blog\/wp-content\/uploads\/2024\/11\/casa-com-varanda-2-730x487.jpg\" alt=\"A varanda como extens\u00e3o do living.\" title=\"\"><figcaption class=\"wp-caption-text\">A varanda como extens\u00e3o do living.<\/figcaption><\/figure>\n<p>Quando se trata de m\u00f3veis externos, a resist\u00eancia \u00e9 tudo. Escolha materiais como fibra sint\u00e9tica e alum\u00ednio, que al\u00e9m de modernos, s\u00e3o extremamente dur\u00e1veis. Esses materiais demandam pouca manuten\u00e7\u00e3o e garantem que sua varanda sempre tenha um aspecto renovado.<\/p>\n<h3>2.3 Mobili\u00e1rio Compacto para Espa\u00e7os Menores<\/h3>\n<figure style=\"width: 1024px\" class=\"wp-caption aligncenter\"><img decoding=\"async\" src=\"https:\/\/www.aarquiteta.com.br\/blog\/wp-content\/uploads\/2024\/11\/casa-com-varanda03.jpg\" alt=\"Decora\u00e7\u00e3o de Varandas: 78 Ideias para um Ambiente Aconchegante\" width=\"1024\" height=\"1024\" title=\"\"><figcaption class=\"wp-caption-text\">Decora\u00e7\u00e3o de Varandas: 78 Ideias para um Ambiente Aconchegante<\/figcaption><\/figure>\n<p>Tem uma varanda pequena? <b>N\u00e3o se preocupe!<\/b> Existem diversas op\u00e7\u00f5es de mobili\u00e1rios compactos que otimizam o espa\u00e7o. Considere mesas dobr\u00e1veis ou bancos que podem ser empilhados. Dessa forma, voc\u00ea maximiza a \u00e1rea sem abrir m\u00e3o do conforto.<\/p>\n<h2>3. Decora\u00e7\u00e3o e Aconchego<\/h2>\n<h3>3.1 Cores e Texturas<\/h3>\n<figure style=\"width: 1024px\" class=\"wp-caption aligncenter\"><img decoding=\"async\" src=\"https:\/\/www.aarquiteta.com.br\/blog\/wp-content\/uploads\/2024\/11\/casa-com-varanda-3-730x487.jpg\" alt=\"Um grande espa\u00e7o de conviv\u00eancia e lazer.\" title=\"\"><figcaption class=\"wp-caption-text\">Um grande espa\u00e7o de conviv\u00eancia e lazer.<\/figcaption><\/figure>\n<p>As cores t\u00eam um poder incr\u00edvel na decora\u00e7\u00e3o. Utilize <b>tons suaves<\/b>, como azul claro e verde, para criar uma atmosfera relaxante. Combine com texturas diferentes, como almofadas de linho e mantas macias, para um toque acolhedor.<\/p>\n<h3>3.2 Uso de Plantas e Elementos Naturais<\/h3>\n<figure style=\"width: 1024px\" class=\"wp-caption aligncenter\"><img decoding=\"async\" src=\"https:\/\/www.aarquiteta.com.br\/blog\/wp-content\/uploads\/2024\/11\/casa-com-varanda4.jpg\" alt=\"Decora\u00e7\u00e3o de Varandas: 78 Ideias para um Ambiente Aconchegante\" width=\"1024\" height=\"1024\" title=\"\"><figcaption class=\"wp-caption-text\">Decora\u00e7\u00e3o de Varandas: 78 Ideias para um Ambiente Aconchegante<\/figcaption><\/figure>\n<p>Plantas s\u00e3o essenciais na varanda. Seus <b>elementos naturais<\/b> trazem alegria, frescor e bem-estar. Crie um pequeno jardim vertical ou utilize vasos variados para dar vida ao espa\u00e7o. As plantas n\u00e3o apenas decoram, mas tamb\u00e9m purificam o ar!<\/p>\n<h3>3.3 Estampas e Detalhes que Encantam<\/h3>\n<figure style=\"width: 1024px\" class=\"wp-caption aligncenter\"><img decoding=\"async\" src=\"https:\/\/www.aarquiteta.com.br\/blog\/wp-content\/uploads\/2024\/11\/casa-com-varanda-4-730x487.jpg\" alt=\"Opte por acabamentos naturais, como a madeira.\" title=\"\"><figcaption class=\"wp-caption-text\">Opte por acabamentos naturais, como a madeira.<\/figcaption><\/figure>\n<p>N\u00e3o subestime o poder das <b>estampas<\/b>! Almofadas florais ou tapetes coloridos podem adicionar charme e personalidade \u00e0 sua varanda. As texturas e cores fazem a diferen\u00e7a, conferindo alegria e energia ao ambiente.<\/p>\n<h2>4. Ilumina\u00e7\u00e3o e Ambiente<\/h2>\n<h3>4.1 Ilumina\u00e7\u00e3o Aconchegante para Noites ao Ar Livre<\/h3>\n<h3>Para se aprofundar mais sobre o tema, veja a minha recomenda\u00e7\u00e3o sobre o tema deste artigo no v\u00eddeo a seguir abaixo:<\/h3>\n<p><iframe title=\"YouTube video player\" src=\"https:\/\/www.youtube.com\/embed\/\" width=\"560\" height=\"315\" frameborder=\"0\" allowfullscreen=\"allowfullscreen\"><\/iframe><\/p>\n<p>O que seria de uma boa conversa se n\u00e3o houvesse luz para iluminar o caminho? A <b>ilumina\u00e7\u00e3o suave<\/b> \u00e9 essencial para criar um ambiente acolhedor. Lumin\u00e1rias pendentes, lanternas ou at\u00e9 mesmo pisca-piscas podem trazer um toque m\u00e1gico \u00e0s suas noites de ver\u00e3o.<\/p>\n<h3>4.2 Elementos de Ilumina\u00e7\u00e3o Natural<\/h3>\n<figure style=\"width: 1024px\" class=\"wp-caption aligncenter\"><img decoding=\"async\" src=\"https:\/\/www.aarquiteta.com.br\/blog\/wp-content\/uploads\/2024\/11\/casa-com-varanda-5-730x730.jpg\" alt=\"M\u00f3veis de demoli\u00e7\u00e3o combinam com o astral convidativo.\" title=\"\"><figcaption class=\"wp-caption-text\">M\u00f3veis de demoli\u00e7\u00e3o combinam com o astral convidativo.<\/figcaption><\/figure>\n<p>A <b>ilumina\u00e7\u00e3o natural<\/b> \u00e9 seu melhor amigo durante o dia. Sombreamentos inteligentes garantir\u00e3o que a varanda permane\u00e7a fresca. Considere toldos ou p\u00e9rgolas com plantas trepadeiras que filtram a luz, criando um ambiente sereno e agrad\u00e1vel.<\/p>\n<h2>5. Integra\u00e7\u00e3o com o Jardim<\/h2>\n<h3>5.1 Jardins Verticais e Trepadeiras<\/h3>\n<p>Um dos encantos da varanda \u00e9 sua conex\u00e3o com a natureza. Use <b>jardins verticais<\/b> ou crie uma trepadeira ao longo da parede. Isso n\u00e3o s\u00f3 embeleza o espa\u00e7o, mas tamb\u00e9m fornece um ref\u00fagio para p\u00e1ssaros e insetos ben\u00e9ficos.<\/p>\n<h3>5.2 Atraindo Natureza para a Varanda<\/h3>\n<p>Adicionar elementos como fontes ou pequenos lagos pode trazer a natureza ainda mais perto. O som da \u00e1gua \u00e9 <b>relaxante<\/b>, e as plantas aqu\u00e1ticas podem criar um eco-sistema vibrante e bonito.<\/p>\n<h2>6. \u00daltimas Tend\u00eancias em Varandas<\/h2>\n<h3>6.1 Varandas com Cobertura Diferenciada<\/h3>\n<p>A cobertura da varanda est\u00e1 evoluindo! Op\u00e7\u00f5es como <b>t\u00eaxteis ou vidro<\/b> se tornaram cada vez mais comuns, proporcionando prote\u00e7\u00e3o contra o sol e a chuva, permitindo o uso durante todo o ano.<\/p>\n<h3>6.2 M\u00f3veis de Estilo Vintage e Coloridos<\/h3>\n<p><\/body><\/p>\n","protected":false},"excerpt":{"rendered":"<p>Descubra inspira\u00e7\u00f5es encantadoras de varandas e como decor\u00e1-las de forma aconchegante e funcional.<\/p>\n","protected":false},"author":102,"featured_media":134768,"comment_status":"closed","ping_status":"closed","sticky":false,"template":"","format":"standard","meta":{"footnotes":""},"categories":[1484],"tags":[],"class_list":["post-134775","post","type-post","status-publish","format-standard","has-post-thumbnail","category-decoracao"],"_wp_attached_file":null,"_wp_attachment_metadata":null,"_wp_attachment_context":null,"_wp_attachment_is_custom_header":null,"geo_longitude":null,"geo_public":null,"geo_latitude":null,"_publicize_done_external":null,"_wpas_done_3897181":null,"publicize_twitter_user":null,"_wpas_done_3897175":null,"_wpas_skip_3897181":null,"_wpas_skip_3897175":null,"_wpas_skip_3924723":null,"_wpas_mess":null,"_wpas_done_3924723":null,"wps_subtitle":"","_links":{"self":[{"href":"https:\/\/www.aarquiteta.com.br\/blog\/wp-json\/wp\/v2\/posts\/134775","targetHints":{"allow":["GET"]}}],"collection":[{"href":"https:\/\/www.aarquiteta.com.br\/blog\/wp-json\/wp\/v2\/posts"}],"about":[{"href":"https:\/\/www.aarquiteta.com.br\/blog\/wp-json\/wp\/v2\/types\/post"}],"author":[{"embeddable":true,"href":"https:\/\/www.aarquiteta.com.br\/blog\/wp-json\/wp\/v2\/users\/102"}],"replies":[{"embeddable":true,"href":"https:\/\/www.aarquiteta.com.br\/blog\/wp-json\/wp\/v2\/comments?post=134775"}],"version-history":[{"count":0,"href":"https:\/\/www.aarquiteta.com.br\/blog\/wp-json\/wp\/v2\/posts\/134775\/revisions"}],"wp:featuredmedia":[{"embeddable":true,"href":"https:\/\/www.aarquiteta.com.br\/blog\/wp-json\/wp\/v2\/media\/134768"}],"wp:attachment":[{"href":"https:\/\/www.aarquiteta.com.br\/blog\/wp-json\/wp\/v2\/media?parent=134775"}],"wp:term":[{"taxonomy":"category","embeddable":true,"href":"https:\/\/www.aarquiteta.com.br\/blog\/wp-json\/wp\/v2\/categories?post=134775"},{"taxonomy":"post_tag","embeddable":true,"href":"https:\/\/www.aarquiteta.com.br\/blog\/wp-json\/wp\/v2\/tags?post=134775"}],"curies":[{"name":"wp","href":"https:\/\/api.w.org\/{rel}","templated":true}]}}