{"id":134571,"date":"2024-11-09T19:03:25","date_gmt":"2024-11-09T22:03:25","guid":{"rendered":"https:\/\/www.aarquiteta.com.br\/blog\/piso-para-garagem\/"},"modified":"2024-11-09T19:03:25","modified_gmt":"2024-11-09T22:03:25","slug":"piso-para-garagem","status":"publish","type":"post","link":"https:\/\/www.aarquiteta.com.br\/blog\/piso-para-garagem\/","title":{"rendered":"Os 10 Melhores Pisos para Criar uma Garagem Estilosa"},"content":{"rendered":"<p>Descubra como transformar sua garagem em um espa\u00e7o estiloso e funcional com diferentes tipos de pisos, levando em considera\u00e7\u00e3o est\u00e9tica, resist\u00eancia e praticidade.<\/p>\n<h2>Tipos de Piso para Garagem: Como Escolher com Estilo<\/h2>\n<h2>Chaves para Escolher o Piso Ideal<\/h2>\n<ul>\n<li><strong>Est\u00e9tica<\/strong>: O piso deve refletir o estilo da casa e do ambiente.<\/li>\n<li><strong>Durabilidade<\/strong>: Materiais resistentes ao desgaste s\u00e3o fundamentais.<\/li>\n<li><strong>Condi\u00e7\u00f5es Ambientais<\/strong>: Considerar se a garagem \u00e9 interna ou externa influencia a escolha do material.<\/li>\n<\/ul>\n<h2>Por que a Escolha do Piso \u00e9 Importante?<\/h2>\n<p>A garagem \u00e9 um espa\u00e7o essencial na casa, e n\u00e3o deve ser apenas um local para estacionar ve\u00edculos. Um <b>piso<\/b> bem escolhido pode adicionar valor \u00e0 resid\u00eancia, al\u00e9m de tornar o ambiente mais seguro e funcional.<\/p>\n<p>\u00c9 vital prestar aten\u00e7\u00e3o na escolha para garantir durabilidade e seguran\u00e7a. Um bom piso faz toda a diferen\u00e7a na <b>est\u00e9tica<\/b> e na pr\u00e1tica;<\/p>\n<h2>Fatores a Considerar ao Escolher o Piso<\/h2>\n<h3>Est\u00e9tica do Piso<\/h3>\n<figure style=\"width: 1024px\" class=\"wp-caption aligncenter\"><img decoding=\"async\" src=\"https:\/\/www.aarquiteta.com.br\/blog\/wp-content\/uploads\/2024\/11\/piso-para-garagem01.jpg\" alt=\"Os Melhores Pisos para Criar uma Garagem Estilosa\" width=\"1024\" height=\"1024\" title=\"\"><figcaption class=\"wp-caption-text\">Os Melhores Pisos para Criar uma Garagem Estilosa<\/figcaption><\/figure>\n<p>A apar\u00eancia do <b>piso<\/b> \u00e9 fundamental. \u00c9 o primeiro aspecto que as pessoas notar\u00e3o ao entrar na garagem. Desde <b>cores<\/b> vibrantes at\u00e9 padr\u00f5es mais discretos, a est\u00e9tica deve conversar com o restante da sua casa.<\/p>\n<h3>Durabilidade e Resist\u00eancia<\/h3>\n<figure style=\"width: 1024px\" class=\"wp-caption aligncenter\"><img decoding=\"async\" src=\"https:\/\/www.aarquiteta.com.br\/blog\/wp-content\/uploads\/2024\/11\/piso-para-garagem-0-730x548.jpg\" alt=\"Foto: Reprodu\u00e7\u00e3o \/ Kika Prata\" title=\"\"><figcaption class=\"wp-caption-text\">Foto: Reprodu\u00e7\u00e3o \/ Kika Prata<\/figcaption><\/figure>\n<p>Outro ponto que n\u00e3o pode ser esquecido \u00e9 a <b>durabilidade<\/b>. O piso precisa aguentar o peso de ve\u00edculos e resistir a condi\u00e7\u00f5es adversas, como umidade e varia\u00e7\u00f5es de temperatura.<\/p>\n<h3>Condi\u00e7\u00f5es Ambientais<\/h3>\n<figure style=\"width: 1024px\" class=\"wp-caption aligncenter\"><img decoding=\"async\" src=\"https:\/\/www.aarquiteta.com.br\/blog\/wp-content\/uploads\/2024\/11\/piso-para-garagem.jpg\" alt=\"Foto: Reprodu\u00e7\u00e3o \/ Maur\u00edcio Arruda\" title=\"\"><figcaption class=\"wp-caption-text\">Foto: Reprodu\u00e7\u00e3o \/ Maur\u00edcio Arruda<\/figcaption><\/figure>\n<p>Garagens <b>externas<\/b> precisam de pisos que resistam a intemp\u00e9ries, enquanto as internas podem se beneficiar de op\u00e7\u00f5es mais est\u00e9ticas, mas que tamb\u00e9m sejam seguras em ambientes com maior umidade.<\/p>\n<h2>Tipos de Pisos para Garagem<\/h2>\n<h3>Piso de Concreto<\/h3>\n<figure style=\"width: 1024px\" class=\"wp-caption aligncenter\"><img decoding=\"async\" src=\"https:\/\/www.aarquiteta.com.br\/blog\/wp-content\/uploads\/2024\/11\/piso-para-garagem02.jpg\" alt=\"Os Melhores Pisos para Criar uma Garagem Estilosa\" width=\"1024\" height=\"1024\" title=\"\"><figcaption class=\"wp-caption-text\">Os Melhores Pisos para Criar uma Garagem Estilosa<\/figcaption><\/figure>\n<p>Um dos mais tradicionais, o <b>piso de concreto<\/b> \u00e9 resistente e pode ser tratado para maior durabilidade. Por\u00e9m, deve-se ter em mente que, se n\u00e3o for bem feito, pode gerar problemas como fissuras e desgaste.<\/p>\n<h3>Cer\u00e2mica e Porcelanato<\/h3>\n<figure style=\"width: 1024px\" class=\"wp-caption aligncenter\"><img decoding=\"async\" src=\"https:\/\/www.aarquiteta.com.br\/blog\/wp-content\/uploads\/2024\/11\/cobertura-para-garagem-0-286x160.jpg\" alt=\"Cobertura para garagem\" title=\"\"><figcaption class=\"wp-caption-text\">Cobertura para garagem<\/figcaption><\/figure>\n<p>Acerte no tipo de cer\u00e2mica escolhido! O <b>porcelanato<\/b> \u00e9 ideal para garagens internas, pois oferece uma est\u00e9tica sofisticada e \u00e9 f\u00e1cil de limpar. J\u00e1 a cer\u00e2mica convencional pode ser mais econ\u00f4mica, com op\u00e7\u00f5es antiderrapantes.<\/p>\n<h3>Piso de Pedra<\/h3>\n<figure style=\"width: 1024px\" class=\"wp-caption aligncenter\"><img decoding=\"async\" src=\"https:\/\/www.aarquiteta.com.br\/blog\/wp-content\/uploads\/2024\/11\/piso-para-garagem03.jpg\" alt=\"Os Melhores Pisos para Criar uma Garagem Estilosa\" width=\"1024\" height=\"1024\" title=\"\"><figcaption class=\"wp-caption-text\">Os Melhores Pisos para Criar uma Garagem Estilosa<\/figcaption><\/figure>\n<p>Os pisos de pedra naturais trazem um charme especial e s\u00e3o \u00f3timas op\u00e7\u00f5es para garagens <b>externas<\/b>. Eles oferecem durabilidade e uma beleza \u00fanica, apesar de exigirem uma manuten\u00e7\u00e3o regular.<\/p>\n<h3>Grama e Concregrama<\/h3>\n<figure style=\"width: 1024px\" class=\"wp-caption aligncenter\"><img decoding=\"async\" src=\"https:\/\/tuacasa.uol.com.br\/wp-content\/uploads\/2015\/12\/pergolado-0-2.jpg\" alt=\"Foto de pergolado\" title=\"\"><figcaption class=\"wp-caption-text\">Foto de pergolado<\/figcaption><\/figure>\n<p>Uma escolha sustent\u00e1vel e moderna, o <b>concregrama<\/b> permite drenagem e ainda adiciona um toque verde ao espa\u00e7o. Ideal para quem busca uma est\u00e9tica inovadora, mas deve-se ter cuidado com a manuten\u00e7\u00e3o.<\/p>\n<h3>Ladrilho Hidr\u00e1ulico<\/h3>\n<figure style=\"width: 1024px\" class=\"wp-caption aligncenter\"><img decoding=\"async\" src=\"https:\/\/www.aarquiteta.com.br\/blog\/wp-content\/uploads\/2024\/11\/piso-para-garagem4.jpg\" alt=\"Os Melhores Pisos para Criar uma Garagem Estilosa\" width=\"1024\" height=\"1024\" title=\"\"><figcaption class=\"wp-caption-text\">Os Melhores Pisos para Criar uma Garagem Estilosa<\/figcaption><\/figure>\n<p>O <b>ladrilho hidr\u00e1ulico<\/b> proporciona um estilo vintage e elegante, mas pode exigir cuidados especiais. Sua porosidade pode ser um ponto fraco em locais com alta movimenta\u00e7\u00e3o.<\/p>\n<h3>Fulget e Granilite<\/h3>\n<figure style=\"width: 1024px\" class=\"wp-caption aligncenter\"><img decoding=\"async\" src=\"https:\/\/www.aarquiteta.com.br\/blog\/wp-content\/uploads\/2024\/11\/arandelas-externas-destacada-286x160.jpg\" alt=\"Foto de arandelas externas destacada\" title=\"\"><figcaption class=\"wp-caption-text\">Foto de arandelas externas destacada<\/figcaption><\/figure>\n<p>Esses materiais s\u00e3o conhecidos por sua <b>durabilidade<\/b> e apar\u00eancia \u00fanica. O <b>fulget<\/b> \u00e9 um excelente piso para \u00e1reas que recebem muita movimenta\u00e7\u00e3o e s\u00e3o f\u00e1ceis de manter com limpeza regular.<\/p>\n<h2>Inspira\u00e7\u00f5es de Pisos para Garagem<\/h2>\n<p>\u00c9 sempre bom ter algumas <b>ideias<\/b> para se inspirar na hora de escolher o piso. Pesquisar exemplos de garagens bem decoradas pode ajudar a visualizar melhor as op\u00e7\u00f5es.<\/p>\n<h2>Considera\u00e7\u00f5es Finais<\/h2>\n<p>Escolher o piso da garagem \u00e9 essencial para garantir n\u00e3o apenas <b>est\u00e9tica<\/b>, mas tamb\u00e9m seguran\u00e7a e funcionalidade. Leve em considera\u00e7\u00e3o todos os fatores discutidos ao longo deste artigo e fa\u00e7a uma op\u00e7\u00e3o que realmente atenda \u00e0s suas necessidades.<\/p>\n<h3>Para se aprofundar mais sobre o tema, veja a minha recomenda\u00e7\u00e3o sobre o tema deste artigo no v\u00eddeo a seguir abaixo:<\/h3>\n<p><iframe title=\"YouTube video player\" src=\"https:\/\/www.youtube.com\/embed\/Gmtts-wuRUw\" width=\"560\" height=\"315\" frameborder=\"0\" allowfullscreen=\"allowfullscreen\"><\/iframe><\/p>\n<figure style=\"width: 1024px\" class=\"wp-caption aligncenter\"><img decoding=\"async\" src=\"https:\/\/www.aarquiteta.com.br\/blog\/wp-content\/uploads\/2024\/11\/piso-para-garagem-concreto-730x548.jpg\" alt=\"Foto: Reprodu\u00e7\u00e3o \/ Studio MK27\" title=\"\"><figcaption class=\"wp-caption-text\">Foto: Reprodu\u00e7\u00e3o \/ Studio MK27<\/figcaption><\/figure>\n","protected":false},"excerpt":{"rendered":"<p>Descubra os tipos de pisos ideais para transformar sua garagem em um espa\u00e7o elegante e funcional.<\/p>\n","protected":false},"author":102,"featured_media":134565,"comment_status":"closed","ping_status":"closed","sticky":false,"template":"","format":"standard","meta":{"footnotes":""},"categories":[35375,971,19206],"tags":[],"class_list":["post-134571","post","type-post","status-publish","format-standard","has-post-thumbnail","category-acabamentos","category-design-de-interiores","category-revestimentos"],"_wp_attached_file":null,"_wp_attachment_metadata":null,"_wp_attachment_context":null,"_wp_attachment_is_custom_header":null,"geo_longitude":null,"geo_public":null,"geo_latitude":null,"_publicize_done_external":null,"_wpas_done_3897181":null,"publicize_twitter_user":null,"_wpas_done_3897175":null,"_wpas_skip_3897181":null,"_wpas_skip_3897175":null,"_wpas_skip_3924723":null,"_wpas_mess":null,"_wpas_done_3924723":null,"wps_subtitle":"","_links":{"self":[{"href":"https:\/\/www.aarquiteta.com.br\/blog\/wp-json\/wp\/v2\/posts\/134571","targetHints":{"allow":["GET"]}}],"collection":[{"href":"https:\/\/www.aarquiteta.com.br\/blog\/wp-json\/wp\/v2\/posts"}],"about":[{"href":"https:\/\/www.aarquiteta.com.br\/blog\/wp-json\/wp\/v2\/types\/post"}],"author":[{"embeddable":true,"href":"https:\/\/www.aarquiteta.com.br\/blog\/wp-json\/wp\/v2\/users\/102"}],"replies":[{"embeddable":true,"href":"https:\/\/www.aarquiteta.com.br\/blog\/wp-json\/wp\/v2\/comments?post=134571"}],"version-history":[{"count":0,"href":"https:\/\/www.aarquiteta.com.br\/blog\/wp-json\/wp\/v2\/posts\/134571\/revisions"}],"wp:featuredmedia":[{"embeddable":true,"href":"https:\/\/www.aarquiteta.com.br\/blog\/wp-json\/wp\/v2\/media\/134565"}],"wp:attachment":[{"href":"https:\/\/www.aarquiteta.com.br\/blog\/wp-json\/wp\/v2\/media?parent=134571"}],"wp:term":[{"taxonomy":"category","embeddable":true,"href":"https:\/\/www.aarquiteta.com.br\/blog\/wp-json\/wp\/v2\/categories?post=134571"},{"taxonomy":"post_tag","embeddable":true,"href":"https:\/\/www.aarquiteta.com.br\/blog\/wp-json\/wp\/v2\/tags?post=134571"}],"curies":[{"name":"wp","href":"https:\/\/api.w.org\/{rel}","templated":true}]}}