{"id":134561,"date":"2024-11-09T17:30:40","date_gmt":"2024-11-09T20:30:40","guid":{"rendered":"https:\/\/www.aarquiteta.com.br\/blog\/10-plantas-que-gostam-de-sombra-para-casa\/"},"modified":"2024-11-09T17:30:40","modified_gmt":"2024-11-09T20:30:40","slug":"10-plantas-que-gostam-de-sombra-para-casa","status":"publish","type":"post","link":"https:\/\/www.aarquiteta.com.br\/blog\/10-plantas-que-gostam-de-sombra-para-casa\/","title":{"rendered":"5 plantas incr\u00edveis que adoram sombra e s\u00e3o f\u00e1ceis de cuidar."},"content":{"rendered":"<p>Adicionar plantas que gostam de sombra \u00e0 decora\u00e7\u00e3o de casa n\u00e3o s\u00f3 embeleza o ambiente, mas tamb\u00e9m traz benef\u00edcios como purifica\u00e7\u00e3o do ar e redu\u00e7\u00e3o do estresse. Neste artigo, s\u00e3o apresentadas op\u00e7\u00f5es f\u00e1ceis de cuidar, ideais para quem vive em apartamentos ou espa\u00e7os pequenos.<\/p>\n<h2>Por que escolher plantas que gostam de sombra?<\/h2>\n<h3>Benef\u00edcios das plantas em ambientes internos<\/h3>\n<p>As plantas t\u00eam o poder de transformar qualquer espa\u00e7o. Elas n\u00e3o apenas <b>decoram<\/b>, mas tamb\u00e9m purificam o ar, criando um ambiente mais saud\u00e1vel. Al\u00e9m disso, a presen\u00e7a de verde pode <b>aliviar o estresse<\/b> e melhorar o bem-estar emocional. Para quem vive em apartamentos, optar por plantas que gostam de sombra \u00e9 uma solu\u00e7\u00e3o pr\u00e1tica e eficaz.<\/p>\n<h3>Espa\u00e7os pequenos, grandes possibilidades<\/h3>\n<figure style=\"width: 1024px\" class=\"wp-caption aligncenter\"><img decoding=\"async\" src=\"https:\/\/www.aarquiteta.com.br\/blog\/wp-content\/uploads\/2024\/11\/calathea-1200x1200.jpg\" alt=\"5 plantas incr\u00edveis que adoram sombra e s\u00e3o f\u00e1ceis de cuidar.\" width=\"1024\" height=\"1024\" title=\"\"><figcaption class=\"wp-caption-text\">Source: <a href=\"https:\/\/ndmais.com.br\/arquitetura-e-decoracao\/10-plantas-que-gostam-de-sombra-faceis-de-cuidar-e-boas-para-criar-dentro-de-casa\/\" target=\"_blank\" rel=\"noopener\">NDMAIS<\/a><\/figcaption><\/figure>\n<p>Mesmo em espa\u00e7os reduzidos, \u00e9 poss\u00edvel criar um <b>jardim interno<\/b> encantador. Plantas que n\u00e3o exigem luz solar direta s\u00e3o ideais para janelas com pouca ilumina\u00e7\u00e3o ou ambientes internos. Elas se adaptam facilmente e trazem vida ao lar, como se fossem pequenos <b>o\u00e1sis<\/b> em meio ao concreto.<\/p>\n<h3>Cuidados essenciais para plantas de sombra<\/h3>\n<p>Embora sejam consideradas de <b>baixa manuten\u00e7\u00e3o<\/b>, essas plantas ainda precisam de cuidados. \u00c9 fundamental entender as necessidades de cada esp\u00e9cie, como a frequ\u00eancia de rega e o tipo de solo. Um pequeno erro pode comprometer a sa\u00fade da planta, ent\u00e3o aten\u00e7\u00e3o \u00e9 a palavra-chave.<\/p>\n<h2>10 plantas que gostam de sombra e s\u00e3o f\u00e1ceis de cuidar<\/h2>\n<h3>1. Zamioculca<\/h3>\n<h3>Assista agora a minha recomenda\u00e7\u00e3o de video abaixo sobre o tema que estamos tratando neste artigo: <\/h3>\n<p><iframe title=\"YouTube video player\" src=\"\" width=\"560\" height=\"315\" frameborder=\"0\" allowfullscreen=\"allowfullscreen\"><\/iframe><\/p>\n<p>A Zamioculca, tamb\u00e9m conhecida como &#8220;planta ZZ&#8221;, \u00e9 uma verdadeira guerreira. Ela se adapta a ambientes com pouca luz e requer regas espor\u00e1dicas. Seu brilho e folhagem exuberante trazem um toque de eleg\u00e2ncia ao espa\u00e7o.<\/p>\n<h3>2. L\u00edrio-da-paz<\/h3>\n<p>O L\u00edrio-da-paz \u00e9 famoso por suas flores brancas e sua capacidade de purificar o ar. Al\u00e9m disso, ele se d\u00e1 bem em locais sombreados e \u00e9 um excelente aliado na decora\u00e7\u00e3o de banheiros e salas.<\/p>\n<h3>3. Samambaia<\/h3>\n<p>As samambaias s\u00e3o plantas que trazem um ar de <b>frescor<\/b> e natureza ao ambiente. Elas preferem locais \u00famidos e sombreados, sendo perfeitas para pendurar em prateleiras ou em vasos suspensos.<\/p>\n<h3>4. Espada-de-S\u00e3o-Jorge<\/h3>\n<p>Essa planta \u00e9 conhecida por sua resist\u00eancia e facilidade de cuidado. A Espada-de-S\u00e3o-Jorge se adapta bem a ambientes com pouca luz e ainda ajuda a purificar o ar, tornando-se uma escolha popular entre os amantes de plantas.<\/p>\n<h3>5. Cactos de sombra<\/h3>\n<p>Embora os cactos sejam geralmente associados ao sol, algumas variedades se adaptam bem \u00e0 sombra. Eles s\u00e3o ideais para quem busca uma planta de baixa manuten\u00e7\u00e3o e que n\u00e3o exige muita aten\u00e7\u00e3o.<\/p>\n<h3>6. Peper\u00f4mia<\/h3>\n<p>A Peper\u00f4mia \u00e9 uma planta compacta e cheia de charme. Com suas folhas variadas, ela se destaca em qualquer ambiente. Al\u00e9m disso, \u00e9 uma planta que se adapta bem \u00e0 sombra e requer pouca \u00e1gua.<\/p>\n<h2>Como cuidar das plantas de sombra<\/h2>\n<h3>Rega adequada<\/h3>\n<p>Um dos principais cuidados com plantas que gostam de sombra \u00e9 a <b>rega<\/b>. \u00c9 importante n\u00e3o exagerar, pois o excesso de \u00e1gua pode causar apodrecimento das ra\u00edzes. O ideal \u00e9 verificar a umidade do solo antes de regar novamente.<\/p>\n<h3>Escolha do vaso<\/h3>\n<p>O vaso tamb\u00e9m desempenha um papel crucial na sa\u00fade das plantas. Optar por um vaso com furos de drenagem \u00e9 essencial para evitar o ac\u00famulo de \u00e1gua. Al\u00e9m disso, o tamanho do vaso deve ser proporcional ao tamanho da planta, permitindo que ela cres\u00e7a adequadamente.<\/p>\n<h3>Aduba\u00e7\u00e3o<\/h3>\n<p>Embora as plantas de sombra sejam mais resistentes, uma aduba\u00e7\u00e3o leve pode ajudar no seu desenvolvimento. Utilizar um fertilizante org\u00e2nico a cada tr\u00eas meses pode fazer maravilhas, proporcionando nutrientes essenciais para o crescimento saud\u00e1vel.<\/p>\n<h2>Conclus\u00e3o<\/h2>\n<p>Investir em plantas que gostam de sombra \u00e9 uma excelente maneira de trazer vida e frescor para o lar. Com op\u00e7\u00f5es f\u00e1ceis de cuidar e que se adaptam a ambientes internos, qualquer um pode se tornar um <b>jardineiro<\/b> de sucesso. Ao escolher as plantas certas e seguir os cuidados b\u00e1sicos, \u00e9 poss\u00edvel criar um espa\u00e7o verde que n\u00e3o s\u00f3 embeleza, mas tamb\u00e9m melhora a qualidade de vida.<\/p>\n","protected":false},"excerpt":{"rendered":"<p>Adicionar plantas que gostam de sombra \u00e0 decora\u00e7\u00e3o de casa n\u00e3o s\u00f3 embeleza o ambiente, mas tamb\u00e9m traz benef\u00edcios como purifica\u00e7\u00e3o do ar e redu\u00e7\u00e3o do estresse. Neste artigo, s\u00e3o apresentadas op\u00e7\u00f5es f\u00e1ceis de cuidar, ideais para quem vive em apartamentos ou espa\u00e7os pequenos. Por que escolher plantas que gostam de sombra? Benef\u00edcios das plantas [&hellip;]<\/p>\n","protected":false},"author":102,"featured_media":134560,"comment_status":"closed","ping_status":"closed","sticky":false,"template":"","format":"standard","meta":{"footnotes":""},"categories":[249,19127],"tags":[],"class_list":["post-134561","post","type-post","status-publish","format-standard","has-post-thumbnail","category-engenharia-e-construcao-civil","category-reforma-e-manutencao"],"_wp_attached_file":null,"_wp_attachment_metadata":null,"_wp_attachment_context":null,"_wp_attachment_is_custom_header":null,"geo_longitude":null,"geo_public":null,"geo_latitude":null,"_publicize_done_external":null,"_wpas_done_3897181":null,"publicize_twitter_user":null,"_wpas_done_3897175":null,"_wpas_skip_3897181":null,"_wpas_skip_3897175":null,"_wpas_skip_3924723":null,"_wpas_mess":null,"_wpas_done_3924723":null,"wps_subtitle":"","_links":{"self":[{"href":"https:\/\/www.aarquiteta.com.br\/blog\/wp-json\/wp\/v2\/posts\/134561","targetHints":{"allow":["GET"]}}],"collection":[{"href":"https:\/\/www.aarquiteta.com.br\/blog\/wp-json\/wp\/v2\/posts"}],"about":[{"href":"https:\/\/www.aarquiteta.com.br\/blog\/wp-json\/wp\/v2\/types\/post"}],"author":[{"embeddable":true,"href":"https:\/\/www.aarquiteta.com.br\/blog\/wp-json\/wp\/v2\/users\/102"}],"replies":[{"embeddable":true,"href":"https:\/\/www.aarquiteta.com.br\/blog\/wp-json\/wp\/v2\/comments?post=134561"}],"version-history":[{"count":0,"href":"https:\/\/www.aarquiteta.com.br\/blog\/wp-json\/wp\/v2\/posts\/134561\/revisions"}],"wp:featuredmedia":[{"embeddable":true,"href":"https:\/\/www.aarquiteta.com.br\/blog\/wp-json\/wp\/v2\/media\/134560"}],"wp:attachment":[{"href":"https:\/\/www.aarquiteta.com.br\/blog\/wp-json\/wp\/v2\/media?parent=134561"}],"wp:term":[{"taxonomy":"category","embeddable":true,"href":"https:\/\/www.aarquiteta.com.br\/blog\/wp-json\/wp\/v2\/categories?post=134561"},{"taxonomy":"post_tag","embeddable":true,"href":"https:\/\/www.aarquiteta.com.br\/blog\/wp-json\/wp\/v2\/tags?post=134561"}],"curies":[{"name":"wp","href":"https:\/\/api.w.org\/{rel}","templated":true}]}}