{"id":134554,"date":"2024-11-09T17:26:08","date_gmt":"2024-11-09T20:26:08","guid":{"rendered":"https:\/\/www.aarquiteta.com.br\/blog\/lavanderia-externa-3\/"},"modified":"2024-11-09T17:26:08","modified_gmt":"2024-11-09T20:26:08","slug":"lavanderia-externa-3","status":"publish","type":"post","link":"https:\/\/www.aarquiteta.com.br\/blog\/lavanderia-externa-3\/","title":{"rendered":"10 Ideias de Lavanderia Externa para Revolucionar"},"content":{"rendered":"<p><body><\/p>\n<p>Vamos explorar 40 ideias criativas para transformar sua <b>lavanderia externa<\/b> em um espa\u00e7o organizado e funcional, ideal para quem deseja separar ambientes e otimizar a \u00e1rea dispon\u00edvel.<\/p>\n<h2>Resumo das Principais Ideias<\/h2>\n<ul>\n<li><b>Separa\u00e7\u00e3o dos Ambientes:<\/b> Mantenha a \u00e1rea de servi\u00e7o longe do conv\u00edvio social, melhorando a est\u00e9tica da casa.<\/li>\n<li><b>Planejamento Eficiente:<\/b> Analise o espa\u00e7o e a posi\u00e7\u00e3o dos eletrodom\u00e9sticos para maximizar a funcionalidade.<\/li>\n<li><b>Elementos Essenciais:<\/b> Arm\u00e1rios e prateleiras s\u00e3o indispens\u00e1veis para a organiza\u00e7\u00e3o da lavanderia.<\/li>\n<li><b>Estilos Diversificados:<\/b> Desde o charmoso ao sofisticado, h\u00e1 v\u00e1rias maneiras de estilizar uma lavanderia externa.<\/li>\n<li><b>Dicas de Decora\u00e7\u00e3o:<\/b> Incorporar plantas e escolher as cores certas garante um ambiente agrad\u00e1vel.<\/li>\n<li><b>Exemplos Inspiradores:<\/b> Lavanderias com churrasqueira ou integradas ao quintal trazem novas perspectivas.<\/li>\n<\/ul>\n<h2>Introdu\u00e7\u00e3o<\/h2>\n<p>A <b>lavanderia externa<\/b> surge como uma solu\u00e7\u00e3o pr\u00e1tica e <b>elegante<\/b> para quem deseja separar a \u00e1rea de servi\u00e7o do restante da casa. Com planejamento adequado, esse espa\u00e7o pode se tornar n\u00e3o apenas funcional, mas tamb\u00e9m um local agrad\u00e1vel de se estar.<\/p>\n<h2>1. Vantagens da Lavanderia Externa<\/h2>\n<h3>1.1 Separa\u00e7\u00e3o dos Ambientes<\/h3>\n<figure style=\"width: 1024px\" class=\"wp-caption aligncenter\"><img decoding=\"async\" src=\"https:\/\/www.aarquiteta.com.br\/blog\/wp-content\/uploads\/2024\/11\/lavanderia-externa-5-730x913.jpg\" alt=\"Imagem de uma lavanderia bem organizada em um ambiente externo.\" title=\"\"><figcaption class=\"wp-caption-text\">Imagem de uma lavanderia bem organizada em um ambiente externo.<\/figcaption><\/figure>\n<p>Um dos principais <b>benef\u00edcios<\/b> de ter uma lavanderia externa \u00e9 a separa\u00e7\u00e3o clara entre as \u00e1reas de servi\u00e7o e os ambientes de lazer. Assim, n\u00e3o ser\u00e1 necess\u00e1rio conviver com a desorganiza\u00e7\u00e3o que normalmente acompanha essa parte da casa.<\/p>\n<h3>1.2 Melhora na Funcionalidade<\/h3>\n<figure style=\"width: 1024px\" class=\"wp-caption aligncenter\"><img decoding=\"async\" src=\"https:\/\/www.aarquiteta.com.br\/blog\/wp-content\/uploads\/2024\/11\/lavanderia-externa01.jpg\" alt=\"40 Ideias de Lavanderia Externa para Revolucionar \" width=\"1024\" height=\"1024\" title=\"\"><figcaption class=\"wp-caption-text\">40 Ideias de Lavanderia Externa para Revolucionar<\/figcaption><\/figure>\n<p>Al\u00e9m da est\u00e9tica, a funcionalidade \u00e9 o que torna a lavanderia externa t\u00e3o atraente. Ao manter essa \u00e1rea afastada dos olhares curiosos dos visitantes, a efici\u00eancia nas tarefas cotidianas aumenta consideravelmente.<\/p>\n<h2>2. Planejamento do Espa\u00e7o<\/h2>\n<h3>2.1 An\u00e1lise do Espa\u00e7o Dispon\u00edvel<\/h3>\n<figure style=\"width: 1024px\" class=\"wp-caption aligncenter\"><img decoding=\"async\" src=\"https:\/\/www.aarquiteta.com.br\/blog\/wp-content\/uploads\/2024\/11\/2_lavanderia-externa-00.png\" alt=\"Imagem de uma lavanderia externa inspiradora, iluminada e bem organizada.\" title=\"\"><figcaption class=\"wp-caption-text\">Imagem de uma lavanderia externa inspiradora, iluminada e bem organizada.<\/figcaption><\/figure>\n<p>Antes de qualquer detalhe, \u00e9 fundamental analisar o <b>espa\u00e7o dispon\u00edvel<\/b> para planejar a lavanderia. Uma metragem generosa pode permitir a inclus\u00e3o de diversos elementos, enquanto um espa\u00e7o compacto exigir\u00e1 uma otimiza\u00e7\u00e3o mais cuidadosa.<\/p>\n<h3>2.2 Posicionamento de Eletrodom\u00e9sticos<\/h3>\n<figure style=\"width: 1024px\" class=\"wp-caption aligncenter\"><img decoding=\"async\" src=\"https:\/\/www.aarquiteta.com.br\/blog\/wp-content\/uploads\/2024\/11\/lavanderia-externa02.jpg\" alt=\"40 Ideias de Lavanderia Externa para Revolucionar \" width=\"1024\" height=\"1024\" title=\"\"><figcaption class=\"wp-caption-text\">40 Ideias de Lavanderia Externa para Revolucionar<\/figcaption><\/figure>\n<p>O posicionamento dos eletrodom\u00e9sticos \u00e9 uma quest\u00e3o que n\u00e3o deve ser negligenciada. A <b>organiza\u00e7\u00e3o<\/b> correta pode facilitar o dia a dia, permitindo acesso mais r\u00e1pido \u00e0 m\u00e1quina de lavar, tanque e arm\u00e1rios.<\/p>\n<h2>3. Elementos Essenciais<\/h2>\n<h3>3.1 Arm\u00e1rios para Organiza\u00e7\u00e3o<\/h3>\n<figure style=\"width: 1024px\" class=\"wp-caption aligncenter\"><img decoding=\"async\" src=\"https:\/\/www.aarquiteta.com.br\/blog\/wp-content\/uploads\/2024\/11\/2_lavanderia-externa-1-730x912.jpg\" alt=\"Foto de uma lavanderia externa que destaca a organiza\u00e7\u00e3o do espa\u00e7o.\" title=\"\"><figcaption class=\"wp-caption-text\">Foto de uma lavanderia externa que destaca a organiza\u00e7\u00e3o do espa\u00e7o.<\/figcaption><\/figure>\n<p>Os arm\u00e1rios s\u00e3o <b>indispens\u00e1veis<\/b> para manter a lavanderia em ordem. Eles ajudam a esconder artigos menos bonitos e a organizar itens essenciais, como produtos de limpeza e roupas limpas.<\/p>\n<h3>3.2 Uso de Prateleiras<\/h3>\n<figure style=\"width: 1024px\" class=\"wp-caption aligncenter\"><img decoding=\"async\" src=\"https:\/\/www.aarquiteta.com.br\/blog\/wp-content\/uploads\/2024\/11\/lavanderia-externa03.jpg\" alt=\"40 Ideias de Lavanderia Externa para Revolucionar \" width=\"1024\" height=\"1024\" title=\"\"><figcaption class=\"wp-caption-text\">40 Ideias de Lavanderia Externa para Revolucionar<\/figcaption><\/figure>\n<p>As prateleiras s\u00e3o \u00f3timas para armazenar produtos de forma vis\u00edvel e acess\u00edvel. Al\u00e9m disso, elas podem ser decoradas com itens que complementam o estilo do ambiente, trazendo um <b>toque especial<\/b>.<\/p>\n<h2>4. Estilos e Design<\/h2>\n<h3>4.1 Lavanderias Elaboradas<\/h3>\n<figure style=\"width: 1024px\" class=\"wp-caption aligncenter\"><img decoding=\"async\" src=\"https:\/\/www.aarquiteta.com.br\/blog\/wp-content\/uploads\/2024\/11\/lavanderia-externa-2-730x913.jpg\" alt=\"Visual de uma lavanderia exterior, mostrando como a separa\u00e7\u00e3o pode ser feita de maneira pr\u00e1tica.\" title=\"\"><figcaption class=\"wp-caption-text\">Visual de uma lavanderia exterior, mostrando como a separa\u00e7\u00e3o pode ser feita de maneira pr\u00e1tica.<\/figcaption><\/figure>\n<p>Uma lavanderia elaborada n\u00e3o precisa ser sin\u00f4nimo de custo alto. Com os materiais certos e um bom planejamento, \u00e9 poss\u00edvel criar um espa\u00e7o que alie <b>sofistica\u00e7\u00e3o<\/b> e funcionalidade.<\/p>\n<h3>4.2 Lavanderias Simples com Charme<\/h3>\n<figure style=\"width: 1024px\" class=\"wp-caption aligncenter\"><img decoding=\"async\" src=\"https:\/\/www.aarquiteta.com.br\/blog\/wp-content\/uploads\/2024\/11\/lavanderia-externa4.jpg\" alt=\"40 Ideias de Lavanderia Externa para Revolucionar \" width=\"1024\" height=\"1024\" title=\"\"><figcaption class=\"wp-caption-text\">40 Ideias de Lavanderia Externa para Revolucionar<\/figcaption><\/figure>\n<p>\u00c0s vezes, o menos \u00e9 mais. Uma lavanderia simples pode se tornar encantadora com uma paleta de cores bem escolhida e alguns elementos decorativos que ressaltam a criatividade do projeto.<\/p>\n<h2>5. Dicas de Decora\u00e7\u00e3o<\/h2>\n<h3>5.1 Incorporando Plantas<\/h3>\n<figure style=\"width: 1024px\" class=\"wp-caption aligncenter\"><img decoding=\"async\" src=\"https:\/\/www.aarquiteta.com.br\/blog\/wp-content\/uploads\/2024\/11\/2_lavanderia-externa-3-730x665.png\" alt=\"Imagem de uma lavanderia externa que demonstra funcionalidade e utiliza\u00e7\u00e3o eficiente do espa\u00e7o.\" title=\"\"><figcaption class=\"wp-caption-text\">Imagem de uma lavanderia externa que demonstra funcionalidade e utiliza\u00e7\u00e3o eficiente do espa\u00e7o.<\/figcaption><\/figure>\n<p>A inclus\u00e3o de plantas \u00e9 uma excelente maneira de trazer vida ao espa\u00e7o. Elas n\u00e3o apenas embelezam, mas tamb\u00e9m ajudam a purificar o ar e trazem um <b>frescor<\/b> ao ambiente.<\/p>\n<h3>5.2 Escolha de Cores e Materiais<\/h3>\n<h3>Para se aprofundar mais sobre o tema, veja a minha recomenda\u00e7\u00e3o sobre o tema deste artigo no v\u00eddeo a seguir abaixo:<\/h3>\n<p><iframe title=\"YouTube video player\" src=\"https:\/\/www.youtube.com\/embed\/\" width=\"560\" height=\"315\" frameborder=\"0\" allowfullscreen=\"allowfullscreen\"><\/iframe><\/p>\n<p>A escolha das cores e materiais pode ter um impacto significativo na atmosfera da lavanderia. Opte por tons claros para ampliar o espa\u00e7o e materiais resistentes que suportem a umidade do local.<\/p>\n<h2>6. Exemplos Inspiradores de Lavanderias Externas<\/h2>\n<h3>6.1 Lavanderia com Churrasqueira<\/h3>\n<figure style=\"width: 1024px\" class=\"wp-caption aligncenter\"><img decoding=\"async\" src=\"https:\/\/www.aarquiteta.com.br\/blog\/wp-content\/uploads\/2024\/11\/2_lavanderia-externa-4-730x881.png\" alt=\"Foto de lavanderia externa destacando a est\u00e9tica e a praticidade do espa\u00e7o.\" title=\"\"><figcaption class=\"wp-caption-text\">Foto de lavanderia externa destacando a est\u00e9tica e a praticidade do espa\u00e7o.<\/figcaption><\/figure>\n<p>Imaginou ter a lavanderia integrada \u00e0 churrasqueira? Essa \u00e9 uma \u00f3tima op\u00e7\u00e3o para aqueles que gostam de receber amigos e familiares. O espa\u00e7o pode ser aproveitado de forma inteligente e funcional.<\/p>\n<h3>6.2 Lavanderia Integrada ao Quintal<\/h3>\n<p>Outra ideia \u00e9 a lavanderia que se integra ao quintal. Com isso, voc\u00ea pode lavar roupas e desfrutar da vista do jardim. \u00c9 uma forma de <b>aprimorar a intera\u00e7\u00e3o<\/b> com a natureza.<\/p>\n<h2>Conclus\u00e3o<\/h2>\n<p>Ao criar uma lavanderia externa, voc\u00ea transforma completamente a funcionalidade da sua \u00e1rea de servi\u00e7o. Com planejamento e as <b>ideias certas<\/b>, esse espa\u00e7o pode atender a todas as suas necessidades e se tornar um local de admira\u00e7\u00e3o. Invista tempo e criatividade nesse projeto, e os resultados ser\u00e3o incr\u00edveis!<\/p>\n<p><\/body><\/p>\n","protected":false},"excerpt":{"rendered":"<p>Descubra 40 ideias criativas para otimizar e decorar sua lavanderia externa, tornando-a funcional e agrad\u00e1vel.<\/p>\n","protected":false},"author":102,"featured_media":134549,"comment_status":"closed","ping_status":"closed","sticky":false,"template":"","format":"standard","meta":{"footnotes":""},"categories":[1484],"tags":[],"class_list":["post-134554","post","type-post","status-publish","format-standard","has-post-thumbnail","category-decoracao"],"_wp_attached_file":null,"_wp_attachment_metadata":null,"_wp_attachment_context":null,"_wp_attachment_is_custom_header":null,"geo_longitude":null,"geo_public":null,"geo_latitude":null,"_publicize_done_external":null,"_wpas_done_3897181":null,"publicize_twitter_user":null,"_wpas_done_3897175":null,"_wpas_skip_3897181":null,"_wpas_skip_3897175":null,"_wpas_skip_3924723":null,"_wpas_mess":null,"_wpas_done_3924723":null,"wps_subtitle":"","_links":{"self":[{"href":"https:\/\/www.aarquiteta.com.br\/blog\/wp-json\/wp\/v2\/posts\/134554","targetHints":{"allow":["GET"]}}],"collection":[{"href":"https:\/\/www.aarquiteta.com.br\/blog\/wp-json\/wp\/v2\/posts"}],"about":[{"href":"https:\/\/www.aarquiteta.com.br\/blog\/wp-json\/wp\/v2\/types\/post"}],"author":[{"embeddable":true,"href":"https:\/\/www.aarquiteta.com.br\/blog\/wp-json\/wp\/v2\/users\/102"}],"replies":[{"embeddable":true,"href":"https:\/\/www.aarquiteta.com.br\/blog\/wp-json\/wp\/v2\/comments?post=134554"}],"version-history":[{"count":0,"href":"https:\/\/www.aarquiteta.com.br\/blog\/wp-json\/wp\/v2\/posts\/134554\/revisions"}],"wp:featuredmedia":[{"embeddable":true,"href":"https:\/\/www.aarquiteta.com.br\/blog\/wp-json\/wp\/v2\/media\/134549"}],"wp:attachment":[{"href":"https:\/\/www.aarquiteta.com.br\/blog\/wp-json\/wp\/v2\/media?parent=134554"}],"wp:term":[{"taxonomy":"category","embeddable":true,"href":"https:\/\/www.aarquiteta.com.br\/blog\/wp-json\/wp\/v2\/categories?post=134554"},{"taxonomy":"post_tag","embeddable":true,"href":"https:\/\/www.aarquiteta.com.br\/blog\/wp-json\/wp\/v2\/tags?post=134554"}],"curies":[{"name":"wp","href":"https:\/\/api.w.org\/{rel}","templated":true}]}}