{"id":134545,"date":"2024-11-09T16:21:44","date_gmt":"2024-11-09T19:21:44","guid":{"rendered":"https:\/\/www.aarquiteta.com.br\/blog\/area-de-servico\/"},"modified":"2024-11-09T16:21:44","modified_gmt":"2024-11-09T19:21:44","slug":"area-de-servico","status":"publish","type":"post","link":"https:\/\/www.aarquiteta.com.br\/blog\/area-de-servico\/","title":{"rendered":"Guia Pr\u00e1tico para Montar uma \u00c1rea de Servi\u00e7o Funcional"},"content":{"rendered":"<p><body><\/p>\n<p>Otimize sua \u00e1rea de servi\u00e7o com dicas pr\u00e1ticas de decora\u00e7\u00e3o e organiza\u00e7\u00e3o que tornam esse espa\u00e7o funcional e bonito, garantido um lugar perfeito para as suas tarefas di\u00e1rias.<\/p>\n<h2>Introdu\u00e7\u00e3o<\/h2>\n<p>Uma \u00e1rea de servi\u00e7o bem planejada pode transformar a experi\u00eancia de cuidar da casa. Vamos explorar como podemos maximizar a funcionalidade e a est\u00e9tica desse espa\u00e7o t\u00e3o importante.<\/p>\n<h2>1. Priorize a Praticidade<\/h2>\n<h3>Consultoria de Especialistas<\/h3>\n<figure style=\"width: 1024px\" class=\"wp-caption aligncenter\"><img decoding=\"async\" src=\"https:\/\/www.aarquiteta.com.br\/blog\/wp-content\/uploads\/2024\/11\/area-de-servico01.jpg\" alt=\"Guia Pr\u00e1tico para Montar uma \u00c1rea de Servi\u00e7o Funcional\" width=\"1024\" height=\"1024\" title=\"\"><figcaption class=\"wp-caption-text\">Guia Pr\u00e1tico para Montar uma \u00c1rea de Servi\u00e7o Funcional<\/figcaption><\/figure>\n<p>Olha, contar com o aux\u00edlio de um arquiteto faz toda a diferen\u00e7a, viu? A <b>praticidade<\/b> \u00e9 a alma do neg\u00f3cio. Quando voc\u00ea contrata um profissional, ele pode analisar seu espa\u00e7o e indicar as melhores solu\u00e7\u00f5es para aproveit\u00e1-lo de forma inteligente. Sem falar que ter um olhar t\u00e9cnico evita aqueles erros cl\u00e1ssicos que, olha, custam caro depois!<\/p>\n<h2>2. Organiza\u00e7\u00e3o \u00e9 Fundamental<\/h2>\n<h3>Cestos e Prateleiras<\/h3>\n<figure style=\"width: 1024px\" class=\"wp-caption aligncenter\"><img decoding=\"async\" src=\"https:\/\/www.aarquiteta.com.br\/blog\/wp-content\/uploads\/2024\/11\/area-de-servico-4-730x901.jpg\" alt=\"\u00c1rea de servi\u00e7o clara e arejada, maximizando a luz natural.\" title=\"\"><figcaption class=\"wp-caption-text\">\u00c1rea de servi\u00e7o clara e arejada, maximizando a luz natural.<\/figcaption><\/figure>\n<p>Uma \u00e1rea de servi\u00e7o bagun\u00e7ada \u00e9 um convite ao caos, n\u00e3o \u00e9 mesmo? A <b>organiza\u00e7\u00e3o<\/b> \u00e9 nosso maior aliado. Use e abuse de cestos, prateleiras e nichos. Esses itens ajudam a manter tudo no seu devido lugar. Imagine o prazer de abrir um arm\u00e1rio e encontrar exatamente o que voc\u00ea precisa. Ufa!<\/p>\n<h2>3. Estilo e Decora\u00e7\u00e3o<\/h2>\n<h3>Revestimentos e Cores<\/h3>\n<figure style=\"width: 1024px\" class=\"wp-caption aligncenter\"><img decoding=\"async\" src=\"https:\/\/www.aarquiteta.com.br\/blog\/wp-content\/uploads\/2024\/11\/area-de-servico-00.jpg\" alt=\"\u00c1rea de servi\u00e7o funcional com diversos itens organizados e um tanque embutido.\" title=\"\"><figcaption class=\"wp-caption-text\">\u00c1rea de servi\u00e7o funcional com diversos itens organizados e um tanque embutido.<\/figcaption><\/figure>\n<p>A escolha dos <b>revestimentos<\/b> e das cores \u00e9 essencial para trazer personalidade e charme ao espa\u00e7o. Cores claras costumam dar uma sensa\u00e7\u00e3o de amplitude, enquanto tons mais escuros podem criar um ambiente aconchegante. Voc\u00ea pode at\u00e9 usar adesivos ou tintas espec\u00edficas para dar um toque especial!<\/p>\n<h2>4. Uso do Espa\u00e7o Vertical<\/h2>\n<h3>Arm\u00e1rios e Prateleiras A\u00e9reas<\/h3>\n<figure style=\"width: 1024px\" class=\"wp-caption aligncenter\"><img decoding=\"async\" src=\"https:\/\/www.aarquiteta.com.br\/blog\/wp-content\/uploads\/2024\/11\/area-de-servico02.jpg\" alt=\"Guia Pr\u00e1tico para Montar uma \u00c1rea de Servi\u00e7o Funcional\" width=\"1024\" height=\"1024\" title=\"\"><figcaption class=\"wp-caption-text\">Guia Pr\u00e1tico para Montar uma \u00c1rea de Servi\u00e7o Funcional<\/figcaption><\/figure>\n<p>Quem disse que precisamos de muito espa\u00e7o para armazenar tudo? O <b>uso do espa\u00e7o vertical<\/b> pode ser a solu\u00e7\u00e3o para quem tem \u00e1reas menores. Arm\u00e1rios a\u00e9reos e prateleiras ajudam a liberar o ch\u00e3o, tornando a circula\u00e7\u00e3o mais fluida. Olha que beleza a praticidade em a\u00e7\u00e3o!<\/p>\n<h2>5. Mobili\u00e1rios Multifuncionais<\/h2>\n<h3>Bancadas e Pe\u00e7as Embutidas<\/h3>\n<figure style=\"width: 1024px\" class=\"wp-caption aligncenter\"><img decoding=\"async\" src=\"https:\/\/www.aarquiteta.com.br\/blog\/wp-content\/uploads\/2024\/11\/area-de-servico-1-730x907.jpg\" alt=\"Aproveitamento do espa\u00e7o com arm\u00e1rios e bancada em uma \u00e1rea de servi\u00e7o organizada.\" title=\"\"><figcaption class=\"wp-caption-text\">Aproveitamento do espa\u00e7o com arm\u00e1rios e bancada em uma \u00e1rea de servi\u00e7o organizada.<\/figcaption><\/figure>\n<p>Investir em <b>mobili\u00e1rios multifuncionais<\/b> \u00e9 como achar a galinha dos ovos de ouro! Pense em mesas que podem ser dobradas ou bancadas que servem como local para passar roupa. Esses m\u00f3veis s\u00e3o verdadeiros aliados na hora de otimizar o espa\u00e7o e agregar mais funcionalidades ao seu dia a dia.<\/p>\n<h2>6. Ilumina\u00e7\u00e3o Adequada<\/h2>\n<h3>Luz Natural e Artificial<\/h3>\n<figure style=\"width: 1024px\" class=\"wp-caption aligncenter\"><img decoding=\"async\" src=\"https:\/\/www.aarquiteta.com.br\/blog\/wp-content\/uploads\/2024\/11\/area-de-servico03.jpg\" alt=\"Guia Pr\u00e1tico para Montar uma \u00c1rea de Servi\u00e7o Funcional\" width=\"1024\" height=\"1024\" title=\"\"><figcaption class=\"wp-caption-text\">Guia Pr\u00e1tico para Montar uma \u00c1rea de Servi\u00e7o Funcional<\/figcaption><\/figure>\n<p>A ilumina\u00e7\u00e3o, ah, a ilumina\u00e7\u00e3o! Ela pode mudar totalmente a percep\u00e7\u00e3o do seu espa\u00e7o. Enquanto a <b>luz natural<\/b> traz vida e frescor, a luz artificial, quando bem posicionada, real\u00e7a os detalhes e cria um clima agrad\u00e1vel. Invista em lumin\u00e1rias que tenham um design interessante e funcional. Sua \u00e1rea de servi\u00e7o merece esse cuidado!<\/p>\n<h2>Conclus\u00e3o<\/h2>\n<p>Resumindo, uma \u00e1rea de servi\u00e7o bem planejada \u00e9 a chave para otimizar sua rotina. Com um bom planejamento e um olhar atento \u00e0s dicas, transformamos esse espa\u00e7o em um ambiente que atende \u00e0s nossas necessidades de forma pr\u00e1tica e agrad\u00e1vel. Tire proveito de cada cent\u00edmetro e fa\u00e7a desse cantinho o melhor lugar da casa para o seu dia a dia!<\/p>\n<p><\/body><br \/>\n<figure style=\"width: 1024px\" class=\"wp-caption aligncenter\"><img decoding=\"async\" src=\"https:\/\/www.aarquiteta.com.br\/blog\/wp-content\/uploads\/2024\/11\/area-de-servico-2.jpg\" alt=\"Varal embutido e prateleiras em uma \u00e1rea de servi\u00e7o elegante.\" title=\"\"><figcaption class=\"wp-caption-text\">Varal embutido e prateleiras em uma \u00e1rea de servi\u00e7o elegante.<\/figcaption><\/figure>\n<figure style=\"width: 1024px\" class=\"wp-caption aligncenter\"><img decoding=\"async\" src=\"https:\/\/www.aarquiteta.com.br\/blog\/wp-content\/uploads\/2024\/11\/area-de-servico4.jpg\" alt=\"Guia Pr\u00e1tico para Montar uma \u00c1rea de Servi\u00e7o Funcional\" width=\"1024\" height=\"1024\" title=\"\"><figcaption class=\"wp-caption-text\">Guia Pr\u00e1tico para Montar uma \u00c1rea de Servi\u00e7o Funcional<\/figcaption><\/figure>\n<figure style=\"width: 1024px\" class=\"wp-caption aligncenter\"><img decoding=\"async\" src=\"https:\/\/www.aarquiteta.com.br\/blog\/wp-content\/uploads\/2024\/11\/area-de-servico-3-730x913.jpg\" alt=\"Uso de cestos organizadores para a otimiza\u00e7\u00e3o do espa\u00e7o.\" title=\"\"><figcaption class=\"wp-caption-text\">Uso de cestos organizadores para a otimiza\u00e7\u00e3o do espa\u00e7o.<\/figcaption><\/figure>\n<p><iframe title=\"YouTube video player\" src=\"https:\/\/www.youtube.com\/embed\/\" width=\"560\" height=\"315\" frameborder=\"0\" allowfullscreen=\"allowfullscreen\"><\/iframe><\/p>\n<img decoding=\"async\" src=\"https:\/\/www.aarquiteta.com.br\/blog\/wp-content\/uploads\/2024\/11\/area-de-servico-5-730x913.jpg\" alt=\"\" title=\"\">\n","protected":false},"excerpt":{"rendered":"<p>Descubra dicas e inspira\u00e7\u00f5es para criar uma \u00e1rea de servi\u00e7o funcional e organizada, aproveitando cada espa\u00e7o com praticidade.<\/p>\n","protected":false},"author":102,"featured_media":134538,"comment_status":"closed","ping_status":"closed","sticky":false,"template":"","format":"standard","meta":{"footnotes":""},"categories":[1507,249],"tags":[],"class_list":["post-134545","post","type-post","status-publish","format-standard","has-post-thumbnail","category-arquitetura","category-engenharia-e-construcao-civil"],"_wp_attached_file":null,"_wp_attachment_metadata":null,"_wp_attachment_context":null,"_wp_attachment_is_custom_header":null,"geo_longitude":null,"geo_public":null,"geo_latitude":null,"_publicize_done_external":null,"_wpas_done_3897181":null,"publicize_twitter_user":null,"_wpas_done_3897175":null,"_wpas_skip_3897181":null,"_wpas_skip_3897175":null,"_wpas_skip_3924723":null,"_wpas_mess":null,"_wpas_done_3924723":null,"wps_subtitle":"","_links":{"self":[{"href":"https:\/\/www.aarquiteta.com.br\/blog\/wp-json\/wp\/v2\/posts\/134545","targetHints":{"allow":["GET"]}}],"collection":[{"href":"https:\/\/www.aarquiteta.com.br\/blog\/wp-json\/wp\/v2\/posts"}],"about":[{"href":"https:\/\/www.aarquiteta.com.br\/blog\/wp-json\/wp\/v2\/types\/post"}],"author":[{"embeddable":true,"href":"https:\/\/www.aarquiteta.com.br\/blog\/wp-json\/wp\/v2\/users\/102"}],"replies":[{"embeddable":true,"href":"https:\/\/www.aarquiteta.com.br\/blog\/wp-json\/wp\/v2\/comments?post=134545"}],"version-history":[{"count":0,"href":"https:\/\/www.aarquiteta.com.br\/blog\/wp-json\/wp\/v2\/posts\/134545\/revisions"}],"wp:featuredmedia":[{"embeddable":true,"href":"https:\/\/www.aarquiteta.com.br\/blog\/wp-json\/wp\/v2\/media\/134538"}],"wp:attachment":[{"href":"https:\/\/www.aarquiteta.com.br\/blog\/wp-json\/wp\/v2\/media?parent=134545"}],"wp:term":[{"taxonomy":"category","embeddable":true,"href":"https:\/\/www.aarquiteta.com.br\/blog\/wp-json\/wp\/v2\/categories?post=134545"},{"taxonomy":"post_tag","embeddable":true,"href":"https:\/\/www.aarquiteta.com.br\/blog\/wp-json\/wp\/v2\/tags?post=134545"}],"curies":[{"name":"wp","href":"https:\/\/api.w.org\/{rel}","templated":true}]}}