{"id":134518,"date":"2024-11-09T12:26:13","date_gmt":"2024-11-09T15:26:13","guid":{"rendered":"https:\/\/www.aarquiteta.com.br\/blog\/lavanderia-externa-2\/"},"modified":"2024-11-09T12:26:13","modified_gmt":"2024-11-09T15:26:13","slug":"lavanderia-externa-2","status":"publish","type":"post","link":"https:\/\/www.aarquiteta.com.br\/blog\/lavanderia-externa-2\/","title":{"rendered":"10 Ideias de Lavanderia Externa para Revolucionar a \u00c1rea de Servi\u00e7o"},"content":{"rendered":"<p><body><\/p>\n<p>Descubra como criar uma lavanderia externa funcional e charmosa com 40 ideias incr\u00edveis que otimizam o espa\u00e7o, mantendo a organiza\u00e7\u00e3o e a est\u00e9tica do ambiente.<\/p>\n<h2>Resumo das Principais Ideias<\/h2>\n<ul>\n<li><b>Vantagens da Lavanderia Externa:<\/b> A separa\u00e7\u00e3o dos ambientes proporciona mais privacidade e funcionalidade para as tarefas di\u00e1rias.<\/li>\n<li><b>Planejamento e Organiza\u00e7\u00e3o:<\/b> Analisar o espa\u00e7o \u00e9 essencial para otimizar a disposi\u00e7\u00e3o dos m\u00f3veis e eletrodom\u00e9sticos.<\/li>\n<li><b>Estilos Diversos:<\/b> Lavanderias podem ser simples e charmosas ou integradas a outras \u00e1reas, como churrasqueira, sem perder a praticidade.<\/li>\n<li><b>Elementos Essenciais:<\/b> Varais, arm\u00e1rios, prateleiras e plantas s\u00e3o fundamentais na cria\u00e7\u00e3o de um ambiente harmonioso e funcional.<\/li>\n<li><b>Dicas de Decora\u00e7\u00e3o:<\/b> As cores e o material dos m\u00f3veis devem ser escolhidos com cuidado para manter a est\u00e9tica e a funcionalidade.<\/li>\n<li><b>Integra\u00e7\u00e3o com o Jardim:<\/b> Criar uma conex\u00e3o visual com o jardim torna a lavanderia mais agrad\u00e1vel e fresca.<\/li>\n<\/ul>\n<h2>Introdu\u00e7\u00e3o<\/h2>\n<p>A lavanderia externa se tornou uma alternativa muito requisitada por quem descomplica a rotina da casa. Com ela, conseguimos separar as atividades de lavagem e organiza\u00e7\u00e3o da casa sem perder o charme e a beleza do espa\u00e7o. O planejamento \u00e9 fundamental, ent\u00e3o vamos explorar como tornar esse espa\u00e7o \u00fatil e est\u00e9tico, com diversas ideias que v\u00e3o aquecer seu cora\u00e7\u00e3o e facilitar sua vida!<\/p>\n<h2>1. Vantagens da Lavanderia Externa<\/h2>\n<p>Quando falamos sobre lavanderias externas, <b>sinto que as vantagens s\u00e3o in\u00fameras<\/b>. Primeiramente, a separa\u00e7\u00e3o de ambientes proporciona uma privacidade muito maior. Voc\u00ea pode realizar tarefas como lavar, secar e passar roupa sem se preocupar em expor essa rotina para quem visita sua casa. Al\u00e9m disso, essa configura\u00e7\u00e3o <b>ajuda a manter a organiza\u00e7\u00e3o<\/b>, pois cada espa\u00e7o tem seu prop\u00f3sito. \u00c9 como ter um cantinho exclusivo para tudo isso, trazendo uma sensa\u00e7\u00e3o de espa\u00e7o e harmonia.<\/p>\n<h2>2. Planejamento e Organiza\u00e7\u00e3o<\/h2>\n<h3>2.1 An\u00e1lise do Espa\u00e7o<\/h3>\n<figure style=\"width: 1024px\" class=\"wp-caption aligncenter\"><img decoding=\"async\" src=\"https:\/\/www.aarquiteta.com.br\/blog\/wp-content\/uploads\/2024\/11\/lavanderia-externa-5-730x913.jpg\" alt=\"Foto ilustrativa de uma lavanderia externa est\u00e9tica e funcional.\" title=\"\"><figcaption class=\"wp-caption-text\">Foto ilustrativa de uma lavanderia externa est\u00e9tica e funcional.<\/figcaption><\/figure>\n<p>Antes de sair escolhendo m\u00f3veis, <b>\u00e9 crucial analisar o espa\u00e7o dispon\u00edvel<\/b>. O que cabe onde? Pense nas dimens\u00f5es e na disposi\u00e7\u00e3o solar do local. Isso poder\u00e1 influenciar na ventila\u00e7\u00e3o e ilumina\u00e7\u00e3o natural, essenciais para deixar a lavanderia sempre fresca e agrad\u00e1vel. Medidas certas fazem toda a diferen\u00e7a para que a experi\u00eancia de uso seja otimizada.<\/p>\n<h3>2.2 Tipos de Arm\u00e1rios e Prateleiras<\/h3>\n<figure style=\"width: 1024px\" class=\"wp-caption aligncenter\"><img decoding=\"async\" src=\"https:\/\/www.aarquiteta.com.br\/blog\/wp-content\/uploads\/2024\/11\/lavanderia-externa01.jpg\" alt=\"40 Ideias de Lavanderia Externa para Revolucionar a \u00c1rea de Servi\u00e7o\" width=\"1024\" height=\"1024\" title=\"\"><figcaption class=\"wp-caption-text\">40 Ideias de Lavanderia Externa para Revolucionar a \u00c1rea de Servi\u00e7o<\/figcaption><\/figure>\n<p>Arm\u00e1rios e prateleiras s\u00e3o os aliados perfeitos. Eles <b>ajudam a otimizar o espa\u00e7o<\/b> e garantem que tudo tenha seu lugar. Pensar em arm\u00e1rios com divis\u00f3rias e prateleiras ajust\u00e1veis \u00e9 uma jogada de mestre. E para prender a sua aten\u00e7\u00e3o, escolha modelos que conversem com a decora\u00e7\u00e3o do restante da sua casa. Afinal, n\u00e3o \u00e9 porque \u00e9 a \u00e1rea de servi\u00e7o que precisa ser sem gra\u00e7a!<\/p>\n<h2>3. Estilos de Lavanderia Externa<\/h2>\n<h3>3.1 Lavanderia Simples e Charmosa<\/h3>\n<figure style=\"width: 1024px\" class=\"wp-caption aligncenter\"><img decoding=\"async\" src=\"https:\/\/www.aarquiteta.com.br\/blog\/wp-content\/uploads\/2024\/11\/lavanderia-externa-00.png\" alt=\"Imagem de uma lavanderia externa mostrando sua estrutura organizada e funcional.\" title=\"\"><figcaption class=\"wp-caption-text\">Imagem de uma lavanderia externa mostrando sua estrutura organizada e funcional.<\/figcaption><\/figure>\n<p>Uma lavanderia externa n\u00e3o precisa ser uma obra-prima de complexidade. <b>\u00c0s vezes, um estilo simples e charmoso<\/b> pode fazer m\u00e1gica! Pense em um espa\u00e7o com algumas pias pr\u00e1ticas, arm\u00e1rios coloridos e um varal que se destaca. A beleza est\u00e1 nos detalhes e, mesmo que seja uma configura\u00e7\u00e3o b\u00e1sica, o que importa \u00e9 como ela atende as suas necessidades.<\/p>\n<h3>3.2 Lavanderia com Churrasqueira<\/h3>\n<figure style=\"width: 1024px\" class=\"wp-caption aligncenter\"><img decoding=\"async\" src=\"https:\/\/www.aarquiteta.com.br\/blog\/wp-content\/uploads\/2024\/11\/lavanderia-externa02.jpg\" alt=\"40 Ideias de Lavanderia Externa para Revolucionar a \u00c1rea de Servi\u00e7o\" width=\"1024\" height=\"1024\" title=\"\"><figcaption class=\"wp-caption-text\">40 Ideias de Lavanderia Externa para Revolucionar a \u00c1rea de Servi\u00e7o<\/figcaption><\/figure>\n<p>Pode parecer um casamento inusitado, mas integrar a lavanderia com a churrasqueira \u00e9 uma solu\u00e7\u00e3o pr\u00e1tica e divertida! <b>Imagine fazer o seu churrasco<\/b> enquanto as roupas lavam e secam ao seu redor. N\u00e3o s\u00f3 otimiza o espa\u00e7o, como tamb\u00e9m transforma a \u00e1rea em um lugar de conviv\u00eancia. \u00c9 como adicionar uma pitada de alegria na rotina sem perder a funcionalidade!<\/p>\n<h2>4. Elementos Essenciais<\/h2>\n<p>N\u00e3o se esque\u00e7a dos elementos essenciais! Os <b>varais, plantas, cores e texturas<\/b> s\u00e3o vitais para a cria\u00e7\u00e3o de uma lavanderia externa. Um varal de teto \u00e9 uma \u00f3tima op\u00e7\u00e3o para economizar espa\u00e7o e plantas d\u00e3o vida ao ambiente. Algumas folhagens podem at\u00e9 ajudar a filtrar a \u201cbagun\u00e7a\u201d visual que geralmente se acumula nas lavanderias. Pense em um espa\u00e7o que n\u00e3o seja apenas funcional, mas que tamb\u00e9m leve um pouco de natureza para dentro de casa.<\/p>\n<h2>5. Dicas de Decora\u00e7\u00e3o<\/h2>\n<h3>5.1 Cores e Materiais<\/h3>\n<figure style=\"width: 1024px\" class=\"wp-caption aligncenter\"><img decoding=\"async\" src=\"https:\/\/www.aarquiteta.com.br\/blog\/wp-content\/uploads\/2024\/11\/lavanderia-externa-1-730x912.jpg\" alt=\"Foto de lavanderia externa 1 com uma escolha est\u00e9tica e pr\u00e1tica.\" title=\"\"><figcaption class=\"wp-caption-text\">Foto de lavanderia externa 1 com uma escolha est\u00e9tica e pr\u00e1tica.<\/figcaption><\/figure>\n<p>Na hora de escolher as cores e materiais, <b>pense em algo que dialogue<\/b> com o exterior, como tons terrosos ou verdes suaves. Um piso que remete \u00e0 natureza por meio de texturas pode transformar o ambiente. Existe uma paleta infinita que pode ser harmoniosa e, ao mesmo tempo, leve. Sinta-se \u00e0 vontade para misturar e combinar. Lembre-se que cada detalhe conta!<\/p>\n<h3>5.2 Integra\u00e7\u00e3o com o Jardim<\/h3>\n<figure style=\"width: 1024px\" class=\"wp-caption aligncenter\"><img decoding=\"async\" src=\"https:\/\/www.aarquiteta.com.br\/blog\/wp-content\/uploads\/2024\/11\/lavanderia-externa03.jpg\" alt=\"40 Ideias de Lavanderia Externa para Revolucionar a \u00c1rea de Servi\u00e7o\" width=\"1024\" height=\"1024\" title=\"\"><figcaption class=\"wp-caption-text\">40 Ideias de Lavanderia Externa para Revolucionar a \u00c1rea de Servi\u00e7o<\/figcaption><\/figure>\n<p>Fazendo a sua lavanderia se integrar ao jardim, voc\u00ea cria um clima leve e fresco que, al\u00e9m de funcional, <b>traz um toque m\u00e1gico ao espa\u00e7o<\/b>. Pense em janelas amplas que permitem a entrada de luz natural, ou at\u00e9 mesmo uma porta que se abre para o verde. Essa conex\u00e3o n\u00e3o apenas melhora a est\u00e9tica, mas tamb\u00e9m transforma o ambiente em um espa\u00e7o de relaxamento.<\/p>\n<h2>Conclus\u00e3o<\/h2>\n<p>Com todas essas ideias e dicas \u00e0 m\u00e3o, transformar sua lavanderia externa \u00e9 um projeto plenamente vi\u00e1vel e inspirador. <b>Conte com a funcionalidade e a beleza<\/b> para criar um espa\u00e7o que atenda \u00e0s suas necessidades e ainda proporcione prazer no dia a dia. Lembre-se que a organiza\u00e7\u00e3o \u00e9 a chave, e com criatividade, sua lavanderia pode se tornar um lugar que voc\u00ea ter\u00e1 orgulho de mostrar!<\/p>\n<p><\/body><br \/>\n<figure style=\"width: 1024px\" class=\"wp-caption aligncenter\"><img decoding=\"async\" src=\"https:\/\/www.aarquiteta.com.br\/blog\/wp-content\/uploads\/2024\/11\/lavanderia-externa-2-730x913.jpg\" alt=\"Imagem ilustrativa de uma lavanderia externa com organiza\u00e7\u00e3o eficiente.\" title=\"\"><figcaption class=\"wp-caption-text\">Imagem ilustrativa de uma lavanderia externa com organiza\u00e7\u00e3o eficiente.<\/figcaption><\/figure>\n<figure style=\"width: 1024px\" class=\"wp-caption aligncenter\"><img decoding=\"async\" src=\"https:\/\/www.aarquiteta.com.br\/blog\/wp-content\/uploads\/2024\/11\/lavanderia-externa4.jpg\" alt=\"40 Ideias de Lavanderia Externa para Revolucionar a \u00c1rea de Servi\u00e7o\" width=\"1024\" height=\"1024\" title=\"\"><figcaption class=\"wp-caption-text\">40 Ideias de Lavanderia Externa para Revolucionar a \u00c1rea de Servi\u00e7o<\/figcaption><\/figure>\n<figure style=\"width: 1024px\" class=\"wp-caption aligncenter\"><img decoding=\"async\" src=\"https:\/\/www.aarquiteta.com.br\/blog\/wp-content\/uploads\/2024\/11\/lavanderia-externa-3-730x665.png\" alt=\"Foto demonstrando uma lavanderia externa bem projetada, com bom uso do espa\u00e7o.\" title=\"\"><figcaption class=\"wp-caption-text\">Foto demonstrando uma lavanderia externa bem projetada, com bom uso do espa\u00e7o.<\/figcaption><\/figure>\n<h3>Para se aprofundar mais sobre o tema, veja a minha recomenda\u00e7\u00e3o sobre o tema deste artigo no v\u00eddeo a seguir abaixo:<\/h3>\n<p><iframe title=\"YouTube video player\" src=\"https:\/\/www.youtube.com\/embed\/\" width=\"560\" height=\"315\" frameborder=\"0\" allowfullscreen=\"allowfullscreen\"><\/iframe><\/p>\n<figure style=\"width: 1024px\" class=\"wp-caption aligncenter\"><img decoding=\"async\" src=\"https:\/\/www.aarquiteta.com.br\/blog\/wp-content\/uploads\/2024\/11\/lavanderia-externa-4-730x881.png\" alt=\"Imagem de lavanderia externa com funcionamento otimizado.\" title=\"\"><figcaption class=\"wp-caption-text\">Imagem de lavanderia externa com funcionamento otimizado.<\/figcaption><\/figure>\n","protected":false},"excerpt":{"rendered":"<p>Descubra 40 ideias inspiradoras de lavanderias externas que combinam praticidade e estilo para revolucionar sua \u00e1rea de servi\u00e7o.<\/p>\n","protected":false},"author":102,"featured_media":134511,"comment_status":"closed","ping_status":"closed","sticky":false,"template":"","format":"standard","meta":{"footnotes":""},"categories":[1484],"tags":[],"class_list":["post-134518","post","type-post","status-publish","format-standard","has-post-thumbnail","category-decoracao"],"_wp_attached_file":null,"_wp_attachment_metadata":null,"_wp_attachment_context":null,"_wp_attachment_is_custom_header":null,"geo_longitude":null,"geo_public":null,"geo_latitude":null,"_publicize_done_external":null,"_wpas_done_3897181":null,"publicize_twitter_user":null,"_wpas_done_3897175":null,"_wpas_skip_3897181":null,"_wpas_skip_3897175":null,"_wpas_skip_3924723":null,"_wpas_mess":null,"_wpas_done_3924723":null,"wps_subtitle":"","_links":{"self":[{"href":"https:\/\/www.aarquiteta.com.br\/blog\/wp-json\/wp\/v2\/posts\/134518","targetHints":{"allow":["GET"]}}],"collection":[{"href":"https:\/\/www.aarquiteta.com.br\/blog\/wp-json\/wp\/v2\/posts"}],"about":[{"href":"https:\/\/www.aarquiteta.com.br\/blog\/wp-json\/wp\/v2\/types\/post"}],"author":[{"embeddable":true,"href":"https:\/\/www.aarquiteta.com.br\/blog\/wp-json\/wp\/v2\/users\/102"}],"replies":[{"embeddable":true,"href":"https:\/\/www.aarquiteta.com.br\/blog\/wp-json\/wp\/v2\/comments?post=134518"}],"version-history":[{"count":0,"href":"https:\/\/www.aarquiteta.com.br\/blog\/wp-json\/wp\/v2\/posts\/134518\/revisions"}],"wp:featuredmedia":[{"embeddable":true,"href":"https:\/\/www.aarquiteta.com.br\/blog\/wp-json\/wp\/v2\/media\/134511"}],"wp:attachment":[{"href":"https:\/\/www.aarquiteta.com.br\/blog\/wp-json\/wp\/v2\/media?parent=134518"}],"wp:term":[{"taxonomy":"category","embeddable":true,"href":"https:\/\/www.aarquiteta.com.br\/blog\/wp-json\/wp\/v2\/categories?post=134518"},{"taxonomy":"post_tag","embeddable":true,"href":"https:\/\/www.aarquiteta.com.br\/blog\/wp-json\/wp\/v2\/tags?post=134518"}],"curies":[{"name":"wp","href":"https:\/\/api.w.org\/{rel}","templated":true}]}}