{"id":134496,"date":"2024-11-08T18:54:08","date_gmt":"2024-11-08T21:54:08","guid":{"rendered":"https:\/\/www.aarquiteta.com.br\/blog\/fruteira-de-parede\/"},"modified":"2024-11-08T18:54:08","modified_gmt":"2024-11-08T21:54:08","slug":"fruteira-de-parede","status":"publish","type":"post","link":"https:\/\/www.aarquiteta.com.br\/blog\/fruteira-de-parede\/","title":{"rendered":"Fruteira de parede: exiba a beleza das 10 frutas na decora\u00e7\u00e3o"},"content":{"rendered":"<p><body><\/p>\n<p>A fruteira de parede \u00e9 uma solu\u00e7\u00e3o pr\u00e1tica e elegante que otimiza o espa\u00e7o na cozinha, permitindo exibir frutas de forma organizada e estilosa. Com diferentes modelos e combina\u00e7\u00f5es de materiais, ela se destaca na decora\u00e7\u00e3o e incentiva o consumo saud\u00e1vel.<\/p>\n<h2>Introdu\u00e7\u00e3o<\/h2>\n<p>Recentemente, comecei a explorar como uma fruteira de parede pode n\u00e3o apenas transformar a est\u00e9tica da cozinha, mas tamb\u00e9m aumentar a funcionalidade desse espa\u00e7o importante. Vamos juntos descobrir como um item simples pode fazer essa mudan\u00e7a.<\/p>\n<h2>Benef\u00edcios das Fruteiras de Parede<\/h2>\n<p>Quem diria que algo t\u00e3o simples poderia trazer tantos benef\u00edcios? Aqui est\u00e3o algumas raz\u00f5es pelas quais uma fruteira de parede \u00e9 uma adi\u00e7\u00e3o valiosa \u00e0 sua cozinha.<\/p>\n<h3>Decora\u00e7\u00e3o diferenciada e moderna<\/h3>\n<figure style=\"width: 1024px\" class=\"wp-caption aligncenter\"><img decoding=\"async\" src=\"https:\/\/www.aarquiteta.com.br\/blog\/wp-content\/uploads\/2024\/11\/fruteira-de-parede-5-960x1200.jpg\" alt=\"fruteira de parede 6[Foto de fruteira de parede 6 - 6]\" title=\"\"><figcaption class=\"wp-caption-text\">fruteira de parede 6[Foto de fruteira de parede 6 &#8211; 6]<\/figcaption><\/figure>\n<p>Uma fruteira de parede pode <b>realmente mudar o visual<\/b> do seu ambiente. Com suas linhas limpas e designs inovadores, ela adiciona um toque de modernidade. Imagine suas frutas favoritas expostas como um verdadeiro quadro! Al\u00e9m disso, \u00e9 \u00f3tima para quem deseja adicionar um detalhe criativo sem precisar reformar toda a cozinha.<\/p>\n<h3>Armazenamento pr\u00e1tico de frutas<\/h3>\n<figure style=\"width: 1024px\" class=\"wp-caption aligncenter\"><img decoding=\"async\" src=\"https:\/\/www.aarquiteta.com.br\/blog\/wp-content\/uploads\/2024\/11\/fruteira-de-parede01.jpg\" alt=\"Fruteira de parede: exiba a beleza das frutas na decora\u00e7\u00e3o\" width=\"1024\" height=\"1024\" title=\"\"><figcaption class=\"wp-caption-text\">Fruteira de parede: exiba a beleza das frutas na decora\u00e7\u00e3o<\/figcaption><\/figure>\n<p>Vamos ser sinceros, ningu\u00e9m gosta de frutas esparramadas por todos os cantos da cozinha. A fruteira de parede n\u00e3o s\u00f3 organiza, mas mant\u00e9m as frutas <b>sempre \u00e0 m\u00e3o<\/b> para aquele lanche saud\u00e1vel ou ingrediente fresco na receita. Assim, \u00e9 muito f\u00e1cil manter sua dieta em dia!<\/p>\n<h3>Modelos e materiais vari\u00e1veis<\/h3>\n<figure style=\"width: 1024px\" class=\"wp-caption aligncenter\"><img decoding=\"async\" src=\"https:\/\/www.aarquiteta.com.br\/blog\/wp-content\/uploads\/2024\/11\/fruteira-de-parede-00.jpg\" alt=\"fruteira de parede 1[Foto de fruteira de parede 1 - 1]\" title=\"\"><figcaption class=\"wp-caption-text\">fruteira de parede 1[Foto de fruteira de parede 1 &#8211; 1]<\/figcaption><\/figure>\n<ul>\n<li><b>Aramados e MDF:<\/b> Estas op\u00e7\u00f5es trazem uma leveza e um toque r\u00fastico ao mesmo tempo. O MDF d\u00e1 um ar mais sofisticado, enquanto o aramado \u00e9 perfeito para um estilo industrial.<\/li>\n<li><b>Madeira e Croch\u00ea:<\/b> As fruteiras em madeira s\u00e3o sin\u00f4nimos de durabilidade e eleg\u00e2ncia. J\u00e1 os itens de croch\u00ea trazem um charme artesanal incr\u00edvel, perfeito para dar um toque pessoal \u00e0 decora\u00e7\u00e3o.<\/li>\n<\/ul>\n<h3>Solu\u00e7\u00f5es para espa\u00e7os pequenos<\/h3>\n<figure style=\"width: 1024px\" class=\"wp-caption aligncenter\"><img decoding=\"async\" src=\"https:\/\/www.aarquiteta.com.br\/blog\/wp-content\/uploads\/2024\/11\/fruteira-de-parede02.jpg\" alt=\"Fruteira de parede: exiba a beleza das frutas na decora\u00e7\u00e3o\" width=\"1024\" height=\"1024\" title=\"\"><figcaption class=\"wp-caption-text\">Fruteira de parede: exiba a beleza das frutas na decora\u00e7\u00e3o<\/figcaption><\/figure>\n<p>Em um cen\u00e1rio onde o espa\u00e7o \u00e9 precioso, as fruteiras de parede surgem como verdadeiras salvadoras da p\u00e1tria. Elas s\u00e3o <b>ideais para otimizar<\/b> aquele espa\u00e7o que voc\u00ea nem sabia que podia ser usado. Enquanto os balc\u00f5es ficam livres para o que realmente importa, suas frutas ficam \u00e0 mostra, criando um ambiente acolhedor e pr\u00e1tico.<\/p>\n<h3>Criatividade na decora\u00e7\u00e3o<\/h3>\n<figure style=\"width: 1024px\" class=\"wp-caption aligncenter\"><img decoding=\"async\" src=\"https:\/\/www.aarquiteta.com.br\/blog\/wp-content\/uploads\/2024\/11\/fruteira-de-parede-1-960x1200.jpg\" alt=\"fruteira de parede 2[Foto de fruteira de parede 2 - 2]\" title=\"\"><figcaption class=\"wp-caption-text\">fruteira de parede 2[Foto de fruteira de parede 2 &#8211; 2]<\/figcaption><\/figure>\n<p>Com tantas op\u00e7\u00f5es de design, a criatividade n\u00e3o tem limites! Voc\u00ea pode fazer montagens criativas com diferentes texturas e cores. Experimente misturar <b>diversos materiais<\/b> e formas. A ideia \u00e9 trazer uma sensa\u00e7\u00e3o \u00fanica ao seu espa\u00e7o, refletindo sua personalidade. Por que n\u00e3o usar frutas coloridas para dar um toque de frescor?<\/p>\n<h3>Cores e Estilos<\/h3>\n<figure style=\"width: 1024px\" class=\"wp-caption aligncenter\"><img decoding=\"async\" src=\"https:\/\/www.aarquiteta.com.br\/blog\/wp-content\/uploads\/2024\/11\/fruteira-de-parede03.jpg\" alt=\"Fruteira de parede: exiba a beleza das frutas na decora\u00e7\u00e3o\" width=\"1024\" height=\"1024\" title=\"\"><figcaption class=\"wp-caption-text\">Fruteira de parede: exiba a beleza das frutas na decora\u00e7\u00e3o<\/figcaption><\/figure>\n<ul>\n<li><b>Cores cl\u00e1ssicas como branco e sofisticadas como rose gold:<\/b> N\u00e3o subestime o poder das cores na decora\u00e7\u00e3o! O branco traz uma sensa\u00e7\u00e3o de amplitude, enquanto o rose gold adiciona um toque de luxo.<\/li>\n<li><b>Estilos industriais e modernos:<\/b> Para os amantes do minimalismo e do estilo industrial, uma fruteira de parede em metal escovado pode se tornar o <b>foco de atra\u00e7\u00e3o<\/b> da cozinha.<\/li>\n<\/ul>\n<h2>Conclus\u00e3o<\/h2>\n<p>Ao incorporar uma fruteira de parede, voc\u00ea n\u00e3o apenas otimiza o espa\u00e7o e mant\u00e9m a cozinha organizada, mas tamb\u00e9m cria um <b>ambiente inspirador<\/b>. \u00c9 hora de experimentar, sua cozinha merece esses toques criativos e funcionais. Ent\u00e3o, que tal deixar suas frutas \u00e0 mostra de uma maneira charmosa e pr\u00e1tica?<\/p>\n<p><\/body><br \/>\n<figure style=\"width: 1024px\" class=\"wp-caption aligncenter\"><img decoding=\"async\" src=\"https:\/\/www.aarquiteta.com.br\/blog\/wp-content\/uploads\/2024\/11\/fruteira-de-parede-2-961x1200.jpg\" alt=\"fruteira de parede 3[Foto de fruteira de parede 3 - 3]\" title=\"\"><figcaption class=\"wp-caption-text\">fruteira de parede 3[Foto de fruteira de parede 3 &#8211; 3]<\/figcaption><\/figure>\n<figure style=\"width: 1024px\" class=\"wp-caption aligncenter\"><img decoding=\"async\" src=\"https:\/\/www.aarquiteta.com.br\/blog\/wp-content\/uploads\/2024\/11\/fruteira-de-parede4.jpg\" alt=\"Fruteira de parede: exiba a beleza das frutas na decora\u00e7\u00e3o\" width=\"1024\" height=\"1024\" title=\"\"><figcaption class=\"wp-caption-text\">Fruteira de parede: exiba a beleza das frutas na decora\u00e7\u00e3o<\/figcaption><\/figure>\n<figure style=\"width: 1024px\" class=\"wp-caption aligncenter\"><img decoding=\"async\" src=\"https:\/\/www.aarquiteta.com.br\/blog\/wp-content\/uploads\/2024\/11\/fruteira-de-parede-3.jpg\" alt=\"fruteira de parede 4[Foto de fruteira de parede 4 - 4]\" title=\"\"><figcaption class=\"wp-caption-text\">fruteira de parede 4[Foto de fruteira de parede 4 &#8211; 4]<\/figcaption><\/figure>\n<h3>Para se aprofundar mais sobre o tema, veja a minha recomenda\u00e7\u00e3o sobre o tema deste artigo no v\u00eddeo a seguir abaixo:<\/h3>\n<p><iframe title=\"YouTube video player\" src=\"https:\/\/www.youtube.com\/embed\/\" width=\"560\" height=\"315\" frameborder=\"0\" allowfullscreen=\"allowfullscreen\"><\/iframe><\/p>\n<figure style=\"width: 1024px\" class=\"wp-caption aligncenter\"><img decoding=\"async\" src=\"https:\/\/www.aarquiteta.com.br\/blog\/wp-content\/uploads\/2024\/11\/fruteira-de-parede-4-1200x800.jpg\" alt=\"fruteira de parede 5[Foto de fruteira de parede 5 - 5]\" title=\"\"><figcaption class=\"wp-caption-text\">fruteira de parede 5[Foto de fruteira de parede 5 &#8211; 5]<\/figcaption><\/figure>\n","protected":false},"excerpt":{"rendered":"<p>Descubra como a fruteira de parede pode transformar a decora\u00e7\u00e3o da sua cozinha de forma funcional e charmosa.<\/p>\n","protected":false},"author":102,"featured_media":134485,"comment_status":"closed","ping_status":"closed","sticky":false,"template":"","format":"standard","meta":{"footnotes":""},"categories":[1484],"tags":[],"class_list":["post-134496","post","type-post","status-publish","format-standard","has-post-thumbnail","category-decoracao"],"_wp_attached_file":null,"_wp_attachment_metadata":null,"_wp_attachment_context":null,"_wp_attachment_is_custom_header":null,"geo_longitude":null,"geo_public":null,"geo_latitude":null,"_publicize_done_external":null,"_wpas_done_3897181":null,"publicize_twitter_user":null,"_wpas_done_3897175":null,"_wpas_skip_3897181":null,"_wpas_skip_3897175":null,"_wpas_skip_3924723":null,"_wpas_mess":null,"_wpas_done_3924723":null,"wps_subtitle":"","_links":{"self":[{"href":"https:\/\/www.aarquiteta.com.br\/blog\/wp-json\/wp\/v2\/posts\/134496","targetHints":{"allow":["GET"]}}],"collection":[{"href":"https:\/\/www.aarquiteta.com.br\/blog\/wp-json\/wp\/v2\/posts"}],"about":[{"href":"https:\/\/www.aarquiteta.com.br\/blog\/wp-json\/wp\/v2\/types\/post"}],"author":[{"embeddable":true,"href":"https:\/\/www.aarquiteta.com.br\/blog\/wp-json\/wp\/v2\/users\/102"}],"replies":[{"embeddable":true,"href":"https:\/\/www.aarquiteta.com.br\/blog\/wp-json\/wp\/v2\/comments?post=134496"}],"version-history":[{"count":0,"href":"https:\/\/www.aarquiteta.com.br\/blog\/wp-json\/wp\/v2\/posts\/134496\/revisions"}],"wp:featuredmedia":[{"embeddable":true,"href":"https:\/\/www.aarquiteta.com.br\/blog\/wp-json\/wp\/v2\/media\/134485"}],"wp:attachment":[{"href":"https:\/\/www.aarquiteta.com.br\/blog\/wp-json\/wp\/v2\/media?parent=134496"}],"wp:term":[{"taxonomy":"category","embeddable":true,"href":"https:\/\/www.aarquiteta.com.br\/blog\/wp-json\/wp\/v2\/categories?post=134496"},{"taxonomy":"post_tag","embeddable":true,"href":"https:\/\/www.aarquiteta.com.br\/blog\/wp-json\/wp\/v2\/tags?post=134496"}],"curies":[{"name":"wp","href":"https:\/\/api.w.org\/{rel}","templated":true}]}}