{"id":134457,"date":"2024-11-08T12:54:12","date_gmt":"2024-11-08T15:54:12","guid":{"rendered":"https:\/\/www.aarquiteta.com.br\/blog\/escrivaninha-preta\/"},"modified":"2024-11-08T12:54:12","modified_gmt":"2024-11-08T15:54:12","slug":"escrivaninha-preta","status":"publish","type":"post","link":"https:\/\/www.aarquiteta.com.br\/blog\/escrivaninha-preta\/","title":{"rendered":"Escrivaninha Preta: 10 Modelos que Transformam Seu Home Office"},"content":{"rendered":"<p>&#8220;`html<br \/>\n<body><\/p>\n<p>A escrivaninha preta \u00e9 uma escolha repleta de eleg\u00e2ncia e funcionalidade, que se adapta a diferentes estilos de decora\u00e7\u00e3o e ambientes. Com este m\u00f3vel, voc\u00ea poder\u00e1 transformar seu espa\u00e7o de trabalho em um local estiloso e inspirador, seja em casa ou no escrit\u00f3rio!<\/p>\n<h2>Principais T\u00f3picos a Serem Abordados<\/h2>\n<ul>\n<li><b>Versatilidade da Escrivaninha Preta:<\/b> Ideal para qualquer decora\u00e7\u00e3o.<\/li>\n<li><b>Modelos Dispon\u00edveis:<\/b> Desde op\u00e7\u00f5es compactas a grandes escrivaninhas para home office.<\/li>\n<li><b>Dicas de Personaliza\u00e7\u00e3o:<\/b> Como combinar cores e acess\u00f3rios que t\u00eam tudo a ver com o seu estilo.<\/li>\n<li><b>Funcionalidade:<\/b> A import\u00e2ncia de uma boa organiza\u00e7\u00e3o do espa\u00e7o de trabalho.<\/li>\n<li><b>Tend\u00eancias de Estilo:<\/b> O que est\u00e1 em alta na decora\u00e7\u00e3o com mobili\u00e1rio preto.<\/li>\n<li><b>Conforto \u00e9 Fundamental:<\/b> A escolha da cadeira de escrit\u00f3rio ideal para complementar sua escrivaninha.<\/li>\n<\/ul>\n<h2>1. Por que escolher uma escrivaninha preta?<\/h2>\n<p>Quando penso em <b>escrivaninha preta<\/b>, n\u00e3o posso deixar de notar o qu\u00e3o <b>moderna<\/b> e <b>neutra<\/b> ela \u00e9. Essa pe\u00e7a \u00e9 perfeita para harmonizar com diferentes estilos de decora\u00e7\u00e3o, desde os mais minimalistas at\u00e9 os mais cl\u00e1ssicos. Assim, a versatilidade da escrivaninha preta a torna uma \u00f3tima op\u00e7\u00e3o para quem busca algo que nunca sai de moda.<\/p>\n<h3>1.1 A Eleg\u00e2ncia do Preto<\/h3>\n<figure style=\"width: 1024px\" class=\"wp-caption aligncenter\"><img decoding=\"async\" src=\"https:\/\/www.aarquiteta.com.br\/blog\/wp-content\/uploads\/2024\/11\/escrivaninha-preta-4-730x1095.jpg\" alt=\"O m\u00f3vel pode trazer ares modernos\" title=\"\"><figcaption class=\"wp-caption-text\">O m\u00f3vel pode trazer ares modernos<\/figcaption><\/figure>\n<p>O preto, como cor, tem o poder de <b>eleg\u00e2ncia<\/b> e <b>sofistica\u00e7\u00e3o<\/b>. Imagine um escrit\u00f3rio com uma bela escrivaninha preta, rodeada por quadros coloridos e plantas. O contraste traz um aspecto din\u00e2mico ao ambiente, permitindo que o foco esteja sempre no que importa: o seu trabalho!<\/p>\n<h2>2. Estilos de Escrivaninha Preta para Todos os Ambientes<\/h2>\n<p>A ampla variedade de estilos dispon\u00edveis \u00e9 outro motivo pelo qual me sinto t\u00e3o atra\u00eddo por essa pe\u00e7a. N\u00e3o importa o tamanho do seu espa\u00e7o, sempre h\u00e1 uma escrivaninha preta que se encaixa.<\/p>\n<ul>\n<li>\n<h3>2.1 Escrivaninhas Compactas para Espa\u00e7os Pequenos<\/h3>\n<figure style=\"width: 1024px\" class=\"wp-caption aligncenter\"><img decoding=\"async\" src=\"https:\/\/www.aarquiteta.com.br\/blog\/wp-content\/uploads\/2024\/11\/escrivaninha-preta01.jpg\" alt=\"Escrivaninha Preta: 60 Modelos que Transformam Seu Home Office\" width=\"1024\" height=\"1024\" title=\"\"><figcaption class=\"wp-caption-text\">Escrivaninha Preta: 60 Modelos que Transformam Seu Home Office<\/figcaption><\/figure>\n<p>Se voc\u00ea est\u00e1 lutando contra a falta de espa\u00e7o, uma escrivaninha compacta \u00e9 a <b>solu\u00e7\u00e3o perfeita<\/b>. Elas podem ser encaixadas em cantos ou usadas como mesas de apoio, funcionalidade e estilo andam sempre juntos!<\/p>\n<\/li>\n<li>\n<h3>2.2 Modelos Grandes para Home Offices Amplo<\/h3>\n<figure style=\"width: 1024px\" class=\"wp-caption aligncenter\"><img decoding=\"async\" src=\"https:\/\/www.aarquiteta.com.br\/blog\/wp-content\/uploads\/2024\/11\/escrivaninha-preta-0.jpg\" alt=\"Moderna, neutra e elegante, a escrivaninha preta \u00e9 um m\u00f3vel que se adapta facilmente a qualquer estilo de decora\u00e7\u00e3o.\" title=\"\"><figcaption class=\"wp-caption-text\">Moderna, neutra e elegante, a escrivaninha preta \u00e9 um m\u00f3vel que se adapta facilmente a qualquer estilo de decora\u00e7\u00e3o.<\/figcaption><\/figure>\n<p>Para quem tem mais espa\u00e7o dispon\u00edvel, modelos maiores oferecem a <b>oportunidade<\/b> de incluir mais elementos, como prateleiras e gavetas, mantendo tudo \u00e0 m\u00e3o e organizado.<\/p>\n<\/li>\n<\/ul>\n<h2>3. Dicas para Personaliza\u00e7\u00e3o do Seu Home Office<\/h2>\n<p>Personalizar o espa\u00e7o de trabalho \u00e9 essencial para torn\u00e1-lo <b>inspirador<\/b> e <b>confort\u00e1vel<\/b>. Aqui v\u00e3o algumas dicas:<\/p>\n<ul>\n<li>\n<h3>3.1 Combina\u00e7\u00f5es de Cores<\/h3>\n<figure style=\"width: 1024px\" class=\"wp-caption aligncenter\"><img decoding=\"async\" src=\"https:\/\/www.aarquiteta.com.br\/blog\/wp-content\/uploads\/2024\/11\/escrivaninha-preta02.jpg\" alt=\"Escrivaninha Preta: 60 Modelos que Transformam Seu Home Office\" width=\"1024\" height=\"1024\" title=\"\"><figcaption class=\"wp-caption-text\">Escrivaninha Preta: 60 Modelos que Transformam Seu Home Office<\/figcaption><\/figure>\n<p>Uma paleta de cores que combine bem com o preto \u00e9 fundamental. Cores como <b>cinza<\/b> e <b>branco<\/b> oferecem um contraste elegante, enquanto tons vibrantes trazem vida ao seu ambiente.<\/p>\n<\/li>\n<li>\n<h3>3.2 Acess\u00f3rios que Complementam<\/h3>\n<figure style=\"width: 1024px\" class=\"wp-caption aligncenter\"><img decoding=\"async\" src=\"https:\/\/www.aarquiteta.com.br\/blog\/wp-content\/uploads\/2024\/11\/escrivaninha-preta-1-730x913.jpg\" alt=\"Foto de escrivaninha preta 1 - 1\" title=\"\"><figcaption class=\"wp-caption-text\">Foto de escrivaninha preta 1 &#8211; 1<\/figcaption><\/figure>\n<p>Utilizar acess\u00f3rios como lumin\u00e1rias, cestos organizadores e quadros decorativos em tons que conversem com a sua escrivaninha pode elevar o estilo do ambiente.<\/p>\n<\/li>\n<\/ul>\n<h2>4. Funcionalidade: Organiza\u00e7\u00e3o e Praticidade<\/h2>\n<p>Um dos aspectos mais importantes de uma boa escrivaninha preta \u00e9 a <b>organiza\u00e7\u00e3o<\/b>. Modelos com gavetas e prateleiras permitem que tudo fique em seu devido lugar, facilitando o fluxo de trabalho.<\/p>\n<p>Ter um <b>espa\u00e7o organizado<\/b> significa tamb\u00e9m menos estresse e mais produtividade, ent\u00e3o pense em como voc\u00ea pode fazer isso funcionar no seu dia a dia!<\/p>\n<h2>5. Tend\u00eancias de Decora\u00e7\u00e3o com Escrivaninha Preta<\/h2>\n<p>O mobili\u00e1rio preto se destaca em v\u00e1rios estilos, e conhecer as <b>tend\u00eancias<\/b> \u00e9 essencial. H\u00e1 a possibilidade de explorar desde o <b>vintage<\/b> at\u00e9 o <b>contempor\u00e2neo<\/b> com escrivaninha preta, sempre mantendo o ar de modernidade.<\/p>\n<p>Brincar com texturas e materiais, como a <b>madeira clara<\/b> ou <b>metais<\/b>, pode trazer um gosto apurado \u00e0 composi\u00e7\u00e3o do home office.<\/p>\n<h2>6. Conforto e Estilo: A Import\u00e2ncia da Cadeira de Escrit\u00f3rio<\/h2>\n<p>A escolha da cadeira que acompanhar\u00e1 sua escrivaninha n\u00e3o deve ser tratada como um mero detalhe. \u00c9 fundamental para garantir um ambiente de trabalho produtivo e saud\u00e1vel. Busque uma <b>cadeira ergon\u00f4mica<\/b> que se ajuste \u00e0s suas necessidades, porque conforto \u00e9 o nome do jogo!<\/p>\n<h2>Conclus\u00e3o<\/h2>\n<p>A escrivaninha preta aparece como uma <b>op\u00e7\u00e3o vers\u00e1til<\/b> e <b>elegante<\/b> para quem deseja transformar seu espa\u00e7o de trabalho em um ambiente mais agrad\u00e1vel e inspirador. Com as personaliza\u00e7\u00f5es certas, ela pode se tornar o cora\u00e7\u00e3o do seu home office, unindo organiza\u00e7\u00e3o, estilo e praticidade em um s\u00f3 lugar. Invista num m\u00f3vel que vai al\u00e9m da funcionalidade e te inspire a trabalhar melhor!<\/p>\n<p><\/body><br \/>\n&#8220;`<br \/>\n<figure style=\"width: 1024px\" class=\"wp-caption aligncenter\"><img decoding=\"async\" src=\"https:\/\/www.aarquiteta.com.br\/blog\/wp-content\/uploads\/2024\/11\/escrivaninha-preta03.jpg\" alt=\"Escrivaninha Preta: 60 Modelos que Transformam Seu Home Office\" width=\"1024\" height=\"1024\" title=\"\"><figcaption class=\"wp-caption-text\">Escrivaninha Preta: 60 Modelos que Transformam Seu Home Office<\/figcaption><\/figure>\n<figure style=\"width: 1024px\" class=\"wp-caption aligncenter\"><img decoding=\"async\" src=\"https:\/\/www.aarquiteta.com.br\/blog\/wp-content\/uploads\/2024\/11\/home-office-moderno-destaque-286x160.jpg\" alt=\"E se destaca mesmo com linhas simples\" title=\"\"><figcaption class=\"wp-caption-text\">E se destaca mesmo com linhas simples<\/figcaption><\/figure>\n<figure style=\"width: 1024px\" class=\"wp-caption aligncenter\"><img decoding=\"async\" src=\"https:\/\/www.aarquiteta.com.br\/blog\/wp-content\/uploads\/2024\/11\/escrivaninha-preta4.jpg\" alt=\"Escrivaninha Preta: 60 Modelos que Transformam Seu Home Office\" width=\"1024\" height=\"1024\" title=\"\"><figcaption class=\"wp-caption-text\">Escrivaninha Preta: 60 Modelos que Transformam Seu Home Office<\/figcaption><\/figure>\n<figure style=\"width: 1024px\" class=\"wp-caption aligncenter\"><img decoding=\"async\" src=\"https:\/\/www.aarquiteta.com.br\/blog\/wp-content\/uploads\/2024\/11\/escrivaninha-preta-2-730x907.jpg\" alt=\"Uma pe\u00e7a funcional para o quarto\" title=\"\"><figcaption class=\"wp-caption-text\">Uma pe\u00e7a funcional para o quarto<\/figcaption><\/figure>\n<h3>Para se aprofundar mais sobre o tema, veja a minha recomenda\u00e7\u00e3o sobre o tema deste artigo no v\u00eddeo a seguir abaixo:<\/h3>\n<p><iframe title=\"YouTube video player\" src=\"https:\/\/www.youtube.com\/embed\/\" width=\"560\" height=\"315\" frameborder=\"0\" allowfullscreen=\"allowfullscreen\"><\/iframe><\/p>\n<figure style=\"width: 1024px\" class=\"wp-caption aligncenter\"><img decoding=\"async\" src=\"https:\/\/www.aarquiteta.com.br\/blog\/wp-content\/uploads\/2024\/11\/escrivaninha-preta-3-730x730.jpg\" alt=\"E tamb\u00e9m cheia de beleza\" title=\"\"><figcaption class=\"wp-caption-text\">E tamb\u00e9m cheia de beleza<\/figcaption><\/figure>\n","protected":false},"excerpt":{"rendered":"<p>Descubra 60 modelos de escrivaninha preta para deixar seu home office moderno e funcional, combinando estilo e praticidade.<\/p>\n","protected":false},"author":102,"featured_media":134450,"comment_status":"closed","ping_status":"closed","sticky":false,"template":"","format":"standard","meta":{"footnotes":""},"categories":[1484],"tags":[],"class_list":["post-134457","post","type-post","status-publish","format-standard","has-post-thumbnail","category-decoracao"],"_wp_attached_file":null,"_wp_attachment_metadata":null,"_wp_attachment_context":null,"_wp_attachment_is_custom_header":null,"geo_longitude":null,"geo_public":null,"geo_latitude":null,"_publicize_done_external":null,"_wpas_done_3897181":null,"publicize_twitter_user":null,"_wpas_done_3897175":null,"_wpas_skip_3897181":null,"_wpas_skip_3897175":null,"_wpas_skip_3924723":null,"_wpas_mess":null,"_wpas_done_3924723":null,"wps_subtitle":"","_links":{"self":[{"href":"https:\/\/www.aarquiteta.com.br\/blog\/wp-json\/wp\/v2\/posts\/134457","targetHints":{"allow":["GET"]}}],"collection":[{"href":"https:\/\/www.aarquiteta.com.br\/blog\/wp-json\/wp\/v2\/posts"}],"about":[{"href":"https:\/\/www.aarquiteta.com.br\/blog\/wp-json\/wp\/v2\/types\/post"}],"author":[{"embeddable":true,"href":"https:\/\/www.aarquiteta.com.br\/blog\/wp-json\/wp\/v2\/users\/102"}],"replies":[{"embeddable":true,"href":"https:\/\/www.aarquiteta.com.br\/blog\/wp-json\/wp\/v2\/comments?post=134457"}],"version-history":[{"count":0,"href":"https:\/\/www.aarquiteta.com.br\/blog\/wp-json\/wp\/v2\/posts\/134457\/revisions"}],"wp:featuredmedia":[{"embeddable":true,"href":"https:\/\/www.aarquiteta.com.br\/blog\/wp-json\/wp\/v2\/media\/134450"}],"wp:attachment":[{"href":"https:\/\/www.aarquiteta.com.br\/blog\/wp-json\/wp\/v2\/media?parent=134457"}],"wp:term":[{"taxonomy":"category","embeddable":true,"href":"https:\/\/www.aarquiteta.com.br\/blog\/wp-json\/wp\/v2\/categories?post=134457"},{"taxonomy":"post_tag","embeddable":true,"href":"https:\/\/www.aarquiteta.com.br\/blog\/wp-json\/wp\/v2\/tags?post=134457"}],"curies":[{"name":"wp","href":"https:\/\/api.w.org\/{rel}","templated":true}]}}