{"id":134391,"date":"2024-11-07T17:55:15","date_gmt":"2024-11-07T20:55:15","guid":{"rendered":"https:\/\/www.aarquiteta.com.br\/blog\/projeto-arquitetonico-interiores-fundamentos\/"},"modified":"2024-11-07T17:55:15","modified_gmt":"2024-11-07T20:55:15","slug":"projeto-arquitetonico-interiores-fundamentos","status":"publish","type":"post","link":"https:\/\/www.aarquiteta.com.br\/blog\/projeto-arquitetonico-interiores-fundamentos\/","title":{"rendered":"Fundamentos do Projeto de Interiores: Transformando Espa\u00e7os Internos"},"content":{"rendered":"<p>Aprender os fundamentos do projeto arquitet\u00f4nico de interiores \u00e9 essencial para criar ambientes que sejam n\u00e3o apenas esteticamente agrad\u00e1veis, mas tamb\u00e9m funcionais e confort\u00e1veis. Neste artigo, voc\u00ea descobrir\u00e1 dicas valiosas para transformar qualquer espa\u00e7o.<\/p>\n<h2>Destaques principais<\/h2>\n<ul>\n<li><b>O que \u00e9 Projeto Arquitet\u00f4nico de Interiores?<\/b> &#8211; Entenda a defini\u00e7\u00e3o e a import\u00e2ncia desse campo na cria\u00e7\u00e3o de ambientes.<\/li>\n<li><b>Import\u00e2ncia da Funcionalidade<\/b> &#8211; Descubra como a an\u00e1lise do espa\u00e7o e a defini\u00e7\u00e3o de fluxo s\u00e3o cruciais para um bom design.<\/li>\n<li><b>Elementos B\u00e1sicos do Design<\/b> &#8211; Conhe\u00e7a os principais elementos que comp\u00f5em um projeto de interiores, como cores, ilumina\u00e7\u00e3o e mobili\u00e1rio.<\/li>\n<\/ul>\n<h2>1. O que \u00e9 Projeto Arquitet\u00f4nico de Interiores?<\/h2>\n<p>O <b>projeto arquitet\u00f4nico de interiores<\/b> \u00e9 uma disciplina que vai al\u00e9m da simples decora\u00e7\u00e3o. Ele envolve a cria\u00e7\u00e3o de espa\u00e7os que atendam \u00e0s necessidades funcionais e est\u00e9ticas dos usu\u00e1rios. Ao projetar, \u00e9 fundamental considerar a <b>ergonomia<\/b>, a <b>ilumina\u00e7\u00e3o<\/b> e a <b>distribui\u00e7\u00e3o dos m\u00f3veis<\/b>, garantindo que cada ambiente seja n\u00e3o apenas bonito, mas tamb\u00e9m pr\u00e1tico.<\/p>\n<h2>2. Import\u00e2ncia da Funcionalidade nos Ambientes<\/h2>\n<p>Quando falamos de design de interiores, a funcionalidade \u00e9 a alma do neg\u00f3cio. Um espa\u00e7o pode ser lindo, mas se n\u00e3o for pr\u00e1tico, de nada adianta. Vamos explorar alguns aspectos importantes.<\/p>\n<h3>2.1. An\u00e1lise do Espa\u00e7o Dispon\u00edvel<\/h3>\n<figure style=\"width: 1024px\" class=\"wp-caption aligncenter\"><img decoding=\"async\" src=\"https:\/\/www.aarquiteta.com.br\/blog\/wp-content\/uploads\/2024\/11\/projeto-arquitetonico-interiores-fundamentos04.jpg\" alt=\"Fundamentos do Projeto de Interiores: Transformando Espa\u00e7os Internos\" width=\"1024\" height=\"1024\" title=\"\"><figcaption class=\"wp-caption-text\">Fundamentos do Projeto de Interiores: Transformando Espa\u00e7os Internos<\/figcaption><\/figure>\n<p>Antes de qualquer coisa, \u00e9 preciso fazer uma <b>an\u00e1lise detalhada do espa\u00e7o<\/b>. Isso envolve medir as dimens\u00f5es, observar a ilumina\u00e7\u00e3o natural e entender como o espa\u00e7o ser\u00e1 utilizado. Um ambiente bem planejado deve permitir a <b>circula\u00e7\u00e3o fluida<\/b> e o uso eficiente de cada metro quadrado.<\/p>\n<h3>2.2. Defini\u00e7\u00e3o de Fluxo e Circula\u00e7\u00e3o<\/h3>\n<figure style=\"width: 1024px\" class=\"wp-caption aligncenter\"><img decoding=\"async\" src=\"https:\/\/www.aarquiteta.com.br\/blog\/wp-content\/uploads\/2024\/11\/projeto-arquitetonico-interiores-fundamentos03.jpg\" alt=\"Fundamentos do Projeto de Interiores: Transformando Espa\u00e7os Internos\" width=\"1024\" height=\"1024\" title=\"\"><figcaption class=\"wp-caption-text\">Fundamentos do Projeto de Interiores: Transformando Espa\u00e7os Internos<\/figcaption><\/figure>\n<p>Definir o <b>fluxo de circula\u00e7\u00e3o<\/b> \u00e9 essencial para garantir que as pessoas possam se mover livremente pelo espa\u00e7o. Pense em como voc\u00ea se sente em um ambiente apertado e desorganizado. Um bom projeto deve facilitar a movimenta\u00e7\u00e3o, evitando obst\u00e1culos e criando \u00e1reas de descanso.<\/p>\n<h2>3. Elementos B\u00e1sicos do Design de Interiores<\/h2>\n<p>Agora que j\u00e1 falamos sobre funcionalidade, vamos aos elementos que fazem a m\u00e1gica acontecer.<\/p>\n<h3>3.1. Cores e Ilumina\u00e7\u00e3o<\/h3>\n<figure style=\"width: 1024px\" class=\"wp-caption aligncenter\"><img decoding=\"async\" src=\"https:\/\/www.aarquiteta.com.br\/blog\/wp-content\/uploads\/2024\/11\/projeto-arquitetonico-interiores-fundamentos02.jpg\" alt=\"Fundamentos do Projeto de Interiores: Transformando Espa\u00e7os Internos\" width=\"1024\" height=\"1024\" title=\"\"><figcaption class=\"wp-caption-text\">Fundamentos do Projeto de Interiores: Transformando Espa\u00e7os Internos<\/figcaption><\/figure>\n<p>As <b>cores<\/b> t\u00eam um impacto profundo no humor e na percep\u00e7\u00e3o de um espa\u00e7o. Cores claras podem ampliar visualmente um ambiente, enquanto tons mais escuros trazem aconchego. A <b>ilumina\u00e7\u00e3o<\/b> tamb\u00e9m \u00e9 crucial; uma boa ilumina\u00e7\u00e3o pode transformar um espa\u00e7o sem gra\u00e7a em um lugar vibrante e acolhedor.<\/p>\n<h3>3.2. Mobili\u00e1rio e Acess\u00f3rios<\/h3>\n<figure style=\"width: 1024px\" class=\"wp-caption aligncenter\"><img decoding=\"async\" src=\"https:\/\/www.aarquiteta.com.br\/blog\/wp-content\/uploads\/2024\/11\/projeto-arquitetonico-interiores-fundamentos01.jpg\" alt=\"Fundamentos do Projeto de Interiores: Transformando Espa\u00e7os Internos\" width=\"1024\" height=\"1024\" title=\"\"><figcaption class=\"wp-caption-text\">Fundamentos do Projeto de Interiores: Transformando Espa\u00e7os Internos<\/figcaption><\/figure>\n<p>O <b>mobili\u00e1rio<\/b> deve ser escolhido com cuidado, levando em considera\u00e7\u00e3o tanto a est\u00e9tica quanto a funcionalidade. Acess\u00f3rios, como quadros e plantas, podem adicionar personalidade ao ambiente, mas \u00e9 preciso n\u00e3o exagerar. Menos \u00e9 mais, como dizem por a\u00ed!<\/p>\n<h2>4. Estilos de Decora\u00e7\u00e3o e Suas Caracter\u00edsticas<\/h2>\n<p>O estilo de decora\u00e7\u00e3o que voc\u00ea escolhe pode dizer muito sobre voc\u00ea. Vamos explorar alguns estilos populares.<\/p>\n<h3>4.1. Estilo Minimalista<\/h3>\n<p>O <b>minimalismo<\/b> \u00e9 sobre simplicidade e funcionalidade. Ele busca eliminar o excesso, focando no essencial. Um ambiente minimalista \u00e9 limpo, organizado e transmite uma sensa\u00e7\u00e3o de paz.<\/p>\n<h3>4.2. Estilo Industrial<\/h3>\n<figure id=\"attachment_131809\" aria-describedby=\"caption-attachment-131809\" style=\"width: 1280px\" class=\"wp-caption alignnone\"><a href=\"https:\/\/lp.aarquiteta.com.br\/arqprojetos\/\"><img decoding=\"async\" class=\"Aprenda a desenvolver um Projeto Arquitet\u00f4nico completo. Seja estudante ou profissional formado. Clique na imagem. wp-image-131809 size-full\" title=\"Aprenda a desenvolver um Projeto Arquitet\u00f4nico completo. Seja estudante ou profissional formado. Clique na imagem.\" src=\"https:\/\/www.aarquiteta.com.br\/blog\/wp-content\/uploads\/2024\/09\/banner-curso-blog.jpg\" alt=\"banner curso projeto arquitetonico\" width=\"1280\" height=\"720\" \/><\/a><figcaption id=\"caption-attachment-131809\" class=\"wp-caption-text\">Aprenda a desenvolver um Projeto Arquitet\u00f4nico completo. Seja estudante ou profissional formado. Clique na imagem.<\/figcaption><\/figure>\n<p>J\u00e1 o <b>estilo industrial<\/b> traz uma pegada urbana, com elementos como tijolos expostos e tubula\u00e7\u00f5es \u00e0 mostra. \u00c9 um estilo que combina o r\u00fastico com o moderno, perfeito para quem gosta de um toque ousado.<\/p>\n<h2>5. Sustentabilidade no Design de Interiores<\/h2>\n<p>Nos dias de hoje, a sustentabilidade \u00e9 um tema que n\u00e3o pode ser ignorado. Vamos ver como isso se aplica ao design de interiores.<\/p>\n<h3>5.1. Materiais Sustent\u00e1veis<\/h3>\n<p>Optar por <b>materiais sustent\u00e1veis<\/b> \u00e9 uma maneira de contribuir para o meio ambiente. Madeira de reflorestamento, tintas ecol\u00f3gicas e tecidos org\u00e2nicos s\u00e3o algumas op\u00e7\u00f5es que podem ser utilizadas sem abrir m\u00e3o da est\u00e9tica.<\/p>\n<h3>5.2. Efici\u00eancia Energ\u00e9tica<\/h3>\n<h3>Assista agora a minha recomenda\u00e7\u00e3o de video abaixo sobre o tema que estamos tratando neste artigo:<\/h3>\n<div class=\"youtube-embed\" data-video_id=\"mzt32d5Rbbs\"><iframe title=\"Desenvolva um Projeto Arquitet\u00f4nico PERFEITO em 30 Dias!\" width=\"696\" height=\"392\" src=\"https:\/\/www.youtube.com\/embed\/mzt32d5Rbbs?feature=oembed&#038;enablejsapi=1\" frameborder=\"0\" allow=\"accelerometer; autoplay; clipboard-write; encrypted-media; gyroscope; picture-in-picture; web-share\" referrerpolicy=\"strict-origin-when-cross-origin\" allowfullscreen><\/iframe><\/div>\n<p>Al\u00e9m dos materiais, a <b>efici\u00eancia energ\u00e9tica<\/b> deve ser considerada. Isso inclui o uso de l\u00e2mpadas LED, janelas com isolamento t\u00e9rmico e sistemas de aquecimento e resfriamento eficientes. Um ambiente sustent\u00e1vel \u00e9 tamb\u00e9m um ambiente econ\u00f4mico!<\/p>\n<h2>6. Dicas Pr\u00e1ticas para Iniciantes<\/h2>\n<p>Se voc\u00ea est\u00e1 come\u00e7ando no mundo do design de interiores, aqui v\u00e3o algumas dicas pr\u00e1ticas.<\/p>\n<h3>6.1. Planejamento e Or\u00e7amento<\/h3>\n<p>Antes de sair comprando tudo, fa\u00e7a um <b>planejamento cuidadoso<\/b>. Defina um or\u00e7amento e procure por op\u00e7\u00f5es que se encaixem nele. Lembre-se: um bom projeto n\u00e3o precisa ser caro, mas deve ser bem pensado.<\/p>\n<h3>6.2. Inspira\u00e7\u00e3o e Pesquisa<\/h3>\n<p>Busque <b>inspira\u00e7\u00e3o<\/b> em revistas, sites e redes sociais. O Pinterest, por exemplo, \u00e9 uma \u00f3tima ferramenta para encontrar ideias e refer\u00eancias. N\u00e3o tenha medo de experimentar e adaptar as ideias ao seu estilo pessoal!<\/p>\n<h2>Conclus\u00e3o<\/h2>\n<p>O projeto arquitet\u00f4nico de interiores \u00e9 uma arte que combina est\u00e9tica e funcionalidade. Ao seguir as dicas e princ\u00edpios discutidos neste artigo, voc\u00ea estar\u00e1 no caminho certo para criar ambientes que n\u00e3o apenas impressionam, mas tamb\u00e9m acolhem. Lembre-se: cada espa\u00e7o tem uma hist\u00f3ria para contar, e voc\u00ea \u00e9 o autor dessa narrativa. Vamos juntos transformar ambientes e fazer do mundo um lugar mais bonito e funcional!<\/p>\n","protected":false},"excerpt":{"rendered":"<p>Aprenda os fundamentos do projeto arquitet\u00f4nico de interiores para criar ambientes funcionais e atraentes.<\/p>\n","protected":false},"author":102,"featured_media":134388,"comment_status":"closed","ping_status":"closed","sticky":false,"template":"","format":"standard","meta":{"footnotes":""},"categories":[1507,6,35354,15],"tags":[],"class_list":["post-134391","post","type-post","status-publish","format-standard","has-post-thumbnail","category-arquitetura","category-carreira-de-arquitetura","category-desenvolvimento-de-projetos-de-arquitetura","category-projetos-de-arquitetura-como-fazer"],"_wp_attached_file":null,"_wp_attachment_metadata":null,"_wp_attachment_context":null,"_wp_attachment_is_custom_header":null,"geo_longitude":null,"geo_public":null,"geo_latitude":null,"_publicize_done_external":null,"_wpas_done_3897181":null,"publicize_twitter_user":null,"_wpas_done_3897175":null,"_wpas_skip_3897181":null,"_wpas_skip_3897175":null,"_wpas_skip_3924723":null,"_wpas_mess":null,"_wpas_done_3924723":null,"wps_subtitle":"","_links":{"self":[{"href":"https:\/\/www.aarquiteta.com.br\/blog\/wp-json\/wp\/v2\/posts\/134391","targetHints":{"allow":["GET"]}}],"collection":[{"href":"https:\/\/www.aarquiteta.com.br\/blog\/wp-json\/wp\/v2\/posts"}],"about":[{"href":"https:\/\/www.aarquiteta.com.br\/blog\/wp-json\/wp\/v2\/types\/post"}],"author":[{"embeddable":true,"href":"https:\/\/www.aarquiteta.com.br\/blog\/wp-json\/wp\/v2\/users\/102"}],"replies":[{"embeddable":true,"href":"https:\/\/www.aarquiteta.com.br\/blog\/wp-json\/wp\/v2\/comments?post=134391"}],"version-history":[{"count":0,"href":"https:\/\/www.aarquiteta.com.br\/blog\/wp-json\/wp\/v2\/posts\/134391\/revisions"}],"wp:featuredmedia":[{"embeddable":true,"href":"https:\/\/www.aarquiteta.com.br\/blog\/wp-json\/wp\/v2\/media\/134388"}],"wp:attachment":[{"href":"https:\/\/www.aarquiteta.com.br\/blog\/wp-json\/wp\/v2\/media?parent=134391"}],"wp:term":[{"taxonomy":"category","embeddable":true,"href":"https:\/\/www.aarquiteta.com.br\/blog\/wp-json\/wp\/v2\/categories?post=134391"},{"taxonomy":"post_tag","embeddable":true,"href":"https:\/\/www.aarquiteta.com.br\/blog\/wp-json\/wp\/v2\/tags?post=134391"}],"curies":[{"name":"wp","href":"https:\/\/api.w.org\/{rel}","templated":true}]}}