{"id":134331,"date":"2024-11-06T17:31:28","date_gmt":"2024-11-06T20:31:28","guid":{"rendered":"https:\/\/www.aarquiteta.com.br\/blog\/sala-apertada-evite-erros-comuns-decoracao\/"},"modified":"2024-11-06T17:31:28","modified_gmt":"2024-11-06T20:31:28","slug":"sala-apertada-evite-erros-comuns-decoracao","status":"publish","type":"post","link":"https:\/\/www.aarquiteta.com.br\/blog\/sala-apertada-evite-erros-comuns-decoracao\/","title":{"rendered":"5 solu\u00e7\u00f5es inteligentes para evitar erros na decora\u00e7\u00e3o da sala."},"content":{"rendered":"<p>Decorar uma sala apertada pode ser um desafio, mas evitar os erros mais comuns pode transformar o espa\u00e7o em um ambiente acolhedor e funcional. Neste artigo, s\u00e3o apresentados os principais erros a evitar e dicas valiosas para otimizar a decora\u00e7\u00e3o.<\/p>\n<h2>Pontos principais do artigo:<\/h2>\n<ul>\n<li><b>M\u00f3veis grandes<\/b>: Optar por pe\u00e7as proporcionais ao espa\u00e7o \u00e9 essencial.<\/li>\n<li><b>Muita mob\u00edlia<\/b>: O excesso de m\u00f3veis pode deixar o ambiente congestionado.<\/li>\n<li><b>Muita decora\u00e7\u00e3o<\/b>: Menos \u00e9 mais; escolha pe\u00e7as impactantes.<\/li>\n<li><b>Tinta em tons escuros<\/b>: Cores claras ajudam a ampliar visualmente o espa\u00e7o.<\/li>\n<\/ul>\n<h2>Evite os erros comuns na decora\u00e7\u00e3o de salas apertadas<\/h2>\n<h3>1 \u2013 M\u00f3veis grandes<\/h3>\n<p>Quando se trata de <b>decorar uma sala pequena<\/b>, a escolha dos m\u00f3veis \u00e9 crucial. Um sof\u00e1 grande pode parecer convidativo, mas, na verdade, pode dominar o espa\u00e7o e deixar pouco espa\u00e7o para a circula\u00e7\u00e3o. Antes de fazer qualquer compra, \u00e9 fundamental medir o ambiente e calcular o espa\u00e7o dispon\u00edvel. Carolyn Cerminara, uma designer de interiores, ressalta que \u201ctamanho nem sempre significa conforto\u201d. Portanto, a regra 2:3 \u00e9 uma boa diretriz: a pe\u00e7a maior deve ocupar 2\/3 do tamanho do c\u00f4modo. Assim, a sala n\u00e3o s\u00f3 parecer\u00e1 mais espa\u00e7osa, mas tamb\u00e9m mais harmoniosa.<\/p>\n<h3>2 \u2013 Muita mob\u00edlia<\/h3>\n<figure style=\"width: 1024px\" class=\"wp-caption aligncenter\"><img decoding=\"async\" src=\"https:\/\/www.aarquiteta.com.br\/blog\/wp-content\/uploads\/2024\/11\/sala-apertada.jpg\" alt=\"5 solu\u00e7\u00f5es inteligentes para evitar erros na decora\u00e7\u00e3o da sala.\" width=\"1024\" height=\"1024\" title=\"\"><figcaption class=\"wp-caption-text\">Source: <a href=\"https:\/\/ndmais.com.br\/arquitetura-e-decoracao\/sala-apertada-veja-como-evitar-os-quatro-erros-mais-comuns-na-decoracao\/\" target=\"_blank\" rel=\"noopener\">NDMAIS<\/a><\/figcaption><\/figure>\n<p>Al\u00e9m do tamanho, a <b>quantidade de m\u00f3veis<\/b> tamb\u00e9m pode ser um problema. Mesmo que os m\u00f3veis sejam proporcionais, um excesso de itens pode deixar o ambiente congestionado. Lauren Chapetto, outra designer renomada, explica que \u00e9 importante garantir que haja espa\u00e7o suficiente para se movimentar entre os m\u00f3veis. \u201cCertifique-se de que haja pelo menos uma entrada\/sa\u00edda principal para dentro e para fora do c\u00f4modo\u201d, aconselha. Portanto, ao planejar a disposi\u00e7\u00e3o dos m\u00f3veis, \u00e9 essencial pensar na funcionalidade e na fluidez do espa\u00e7o.<\/p>\n<h3>3 \u2013 Muita decora\u00e7\u00e3o<\/h3>\n<p>Quando se trata de <b>acess\u00f3rios decorativos<\/b>, a modera\u00e7\u00e3o \u00e9 a chave. Muitas pessoas cometem o erro de querer encher a sala com itens decorativos, na esperan\u00e7a de torn\u00e1-la mais pessoal e acolhedora. No entanto, isso pode rapidamente se transformar em um caos visual. Cerminara acredita que \u201cmenos \u00e9 mais\u201d, especialmente em espa\u00e7os menores. A dica \u00e9 focar em algumas pe\u00e7as impactantes que realmente chamem a aten\u00e7\u00e3o, em vez de sobrecarregar o ambiente com muitos detalhes. Usar espa\u00e7os verticais, como estantes altas e obras de arte penduradas, pode ajudar a criar a ilus\u00e3o de um c\u00f4modo mais alto e arejado.<\/p>\n<h3>4 \u2013 Tinta em tons escuros<\/h3>\n<h3>Assista agora a minha recomenda\u00e7\u00e3o de video abaixo sobre o tema que estamos tratando neste artigo: <\/h3>\n<p><iframe title=\"YouTube video player\" src=\"\" width=\"560\" height=\"315\" frameborder=\"0\" allowfullscreen=\"allowfullscreen\"><\/iframe><\/p>\n<p>A cor das paredes pode influenciar significativamente a sensa\u00e7\u00e3o de um ambiente. Optar por <b>tons escuros<\/b> pode dar uma sensa\u00e7\u00e3o de aconchego, mas tamb\u00e9m pode fazer a sala parecer menor. Bennett, uma especialista em design, explica que \u201cas cores escuras tendem a absorver luz, fazendo com que o ambiente pare\u00e7a mais fechado e apertado\u201d. Para evitar isso, o ideal \u00e9 usar cores claras e neutras, como branco, bege ou cinza suave, que ajudam a refletir a luz e a criar uma sensa\u00e7\u00e3o de amplitude. Incorporar espelhos ou elementos de vidro na decora\u00e7\u00e3o tamb\u00e9m pode ser uma \u00f3tima estrat\u00e9gia para ampliar visualmente o espa\u00e7o.<\/p>\n<h3>5 \u2013 Ignorar a ilumina\u00e7\u00e3o<\/h3>\n<p>A ilumina\u00e7\u00e3o \u00e9 um dos aspectos mais importantes na decora\u00e7\u00e3o de qualquer ambiente, especialmente em salas pequenas. Uma <b>ilumina\u00e7\u00e3o adequada<\/b> pode fazer maravilhas para a percep\u00e7\u00e3o do espa\u00e7o. Usar uma combina\u00e7\u00e3o de luz natural e artificial \u00e9 fundamental. Cortinas leves que permitem a entrada de luz durante o dia, juntamente com lumin\u00e1rias estrat\u00e9gicas, podem transformar a atmosfera da sala. Al\u00e9m disso, a ilumina\u00e7\u00e3o direcionada pode destacar elementos decorativos e criar um ambiente mais acolhedor.<\/p>\n<h3>6 \u2013 N\u00e3o considerar a funcionalidade<\/h3>\n<p>Por \u00faltimo, mas n\u00e3o menos importante, \u00e9 essencial considerar a <b>funcionalidade<\/b> do espa\u00e7o. Cada item na sala deve ter um prop\u00f3sito. M\u00f3veis multifuncionais, como sof\u00e1s-camas ou mesas de centro com armazenamento, podem ser grandes aliados na otimiza\u00e7\u00e3o do espa\u00e7o. Al\u00e9m disso, \u00e9 importante pensar na disposi\u00e7\u00e3o dos m\u00f3veis de forma a facilitar a circula\u00e7\u00e3o e o uso do ambiente. Uma sala bem planejada n\u00e3o s\u00f3 \u00e9 bonita, mas tamb\u00e9m pr\u00e1tica e confort\u00e1vel.<\/p>\n<h2>Conclus\u00e3o<\/h2>\n<p>Decorar uma sala apertada pode parecer um desafio, mas, com as dicas certas, \u00e9 poss\u00edvel criar um espa\u00e7o que seja ao mesmo tempo funcional e acolhedor. Evitar os erros comuns, como escolher m\u00f3veis grandes, exagerar na quantidade de itens decorativos e optar por cores escuras, pode fazer toda a diferen\u00e7a. Ao focar na funcionalidade e na ilumina\u00e7\u00e3o, a sala pode se transformar em um verdadeiro ref\u00fagio. Portanto, ao planejar a decora\u00e7\u00e3o, lembre-se: menos \u00e9 mais, e cada detalhe conta!<\/p>\n","protected":false},"excerpt":{"rendered":"<p>Decorar uma sala apertada pode ser um desafio, mas evitar os erros mais comuns pode transformar o espa\u00e7o em um ambiente acolhedor e funcional. Neste artigo, s\u00e3o apresentados os principais erros a evitar e dicas valiosas para otimizar a decora\u00e7\u00e3o. Pontos principais do artigo: M\u00f3veis grandes: Optar por pe\u00e7as proporcionais ao espa\u00e7o \u00e9 essencial. Muita [&hellip;]<\/p>\n","protected":false},"author":102,"featured_media":134330,"comment_status":"closed","ping_status":"closed","sticky":false,"template":"","format":"standard","meta":{"footnotes":""},"categories":[249,19127],"tags":[],"class_list":["post-134331","post","type-post","status-publish","format-standard","has-post-thumbnail","category-engenharia-e-construcao-civil","category-reforma-e-manutencao"],"_wp_attached_file":null,"_wp_attachment_metadata":null,"_wp_attachment_context":null,"_wp_attachment_is_custom_header":null,"geo_longitude":null,"geo_public":null,"geo_latitude":null,"_publicize_done_external":null,"_wpas_done_3897181":null,"publicize_twitter_user":null,"_wpas_done_3897175":null,"_wpas_skip_3897181":null,"_wpas_skip_3897175":null,"_wpas_skip_3924723":null,"_wpas_mess":null,"_wpas_done_3924723":null,"wps_subtitle":"","_links":{"self":[{"href":"https:\/\/www.aarquiteta.com.br\/blog\/wp-json\/wp\/v2\/posts\/134331","targetHints":{"allow":["GET"]}}],"collection":[{"href":"https:\/\/www.aarquiteta.com.br\/blog\/wp-json\/wp\/v2\/posts"}],"about":[{"href":"https:\/\/www.aarquiteta.com.br\/blog\/wp-json\/wp\/v2\/types\/post"}],"author":[{"embeddable":true,"href":"https:\/\/www.aarquiteta.com.br\/blog\/wp-json\/wp\/v2\/users\/102"}],"replies":[{"embeddable":true,"href":"https:\/\/www.aarquiteta.com.br\/blog\/wp-json\/wp\/v2\/comments?post=134331"}],"version-history":[{"count":0,"href":"https:\/\/www.aarquiteta.com.br\/blog\/wp-json\/wp\/v2\/posts\/134331\/revisions"}],"wp:featuredmedia":[{"embeddable":true,"href":"https:\/\/www.aarquiteta.com.br\/blog\/wp-json\/wp\/v2\/media\/134330"}],"wp:attachment":[{"href":"https:\/\/www.aarquiteta.com.br\/blog\/wp-json\/wp\/v2\/media?parent=134331"}],"wp:term":[{"taxonomy":"category","embeddable":true,"href":"https:\/\/www.aarquiteta.com.br\/blog\/wp-json\/wp\/v2\/categories?post=134331"},{"taxonomy":"post_tag","embeddable":true,"href":"https:\/\/www.aarquiteta.com.br\/blog\/wp-json\/wp\/v2\/tags?post=134331"}],"curies":[{"name":"wp","href":"https:\/\/api.w.org\/{rel}","templated":true}]}}