{"id":134323,"date":"2024-11-06T15:55:03","date_gmt":"2024-11-06T18:55:03","guid":{"rendered":"https:\/\/www.aarquiteta.com.br\/blog\/cozinha-conjugada-com-sala-pequena\/"},"modified":"2024-11-06T15:55:03","modified_gmt":"2024-11-06T18:55:03","slug":"cozinha-conjugada-com-sala-pequena","status":"publish","type":"post","link":"https:\/\/www.aarquiteta.com.br\/blog\/cozinha-conjugada-com-sala-pequena\/","title":{"rendered":"5 Solu\u00e7\u00f5es Criativas para Organizar sua Cozinha Conjugada com Sala Pequena: Dicas Pr\u00e1ticas para Maximizar Espa\u00e7o e Estilo"},"content":{"rendered":"<p><body><\/p>\n<p>Descubra 5 solu\u00e7\u00f5es criativas para organizar sua cozinha conjugada com sala pequena, otimizando espa\u00e7o e estilo de forma pr\u00e1tica e funcional.<\/p>\n<h2>Destaques principais<\/h2>\n<ul>\n<li><b>M\u00f3veis Multifuncionais:<\/b> A escolha de m\u00f3veis que servem a mais de uma fun\u00e7\u00e3o pode transformar seu espa\u00e7o.<\/li>\n<li><b>Prateleiras Abertas:<\/b> Elas n\u00e3o apenas economizam espa\u00e7o, mas tamb\u00e9m adicionam um toque decorativo \u00e0 sua cozinha.<\/li>\n<li><b>Cores e Ilumina\u00e7\u00e3o:<\/b> A paleta de cores e a ilumina\u00e7\u00e3o adequada podem fazer sua cozinha parecer maior e mais acolhedora.<\/li>\n<\/ul>\n<h2>1. Utilize M\u00f3veis Multifuncionais<\/h2>\n<p>Quando se trata de <b>organiza\u00e7\u00e3o<\/b> em uma cozinha conjugada com sala pequena, os m\u00f3veis multifuncionais s\u00e3o verdadeiros aliados. Eles ajudam a maximizar o espa\u00e7o e oferecem praticidade.<\/p>\n<h3>Mesas que se Transformam<\/h3>\n<figure style=\"width: 1024px\" class=\"wp-caption aligncenter\"><img decoding=\"async\" src=\"https:\/\/www.aarquiteta.com.br\/blog\/wp-content\/uploads\/2024\/11\/cozinha-conjugada-com-sala-pequena04.jpg\" alt=\"5 Solu\u00e7\u00f5es Criativas para Organizar sua Cozinha Conjugada com Sala Pequena: Dicas Pr\u00e1ticas para Maximizar Espa\u00e7o e Estilo\" width=\"1024\" height=\"1024\" title=\"\"><figcaption class=\"wp-caption-text\">5 Solu\u00e7\u00f5es Criativas para Organizar sua Cozinha Conjugada com Sala Pequena: Dicas Pr\u00e1ticas para Maximizar Espa\u00e7o e Estilo<\/figcaption><\/figure>\n<p>Uma mesa que pode ser expandida ou reduzida conforme a necessidade \u00e9 uma excelente op\u00e7\u00e3o. Imagine receber amigos e, em um piscar de olhos, ter uma mesa grande para todos. Depois, \u00e9 s\u00f3 recolher e ganhar espa\u00e7o.<\/p>\n<h3>Estantes com Compartimentos<\/h3>\n<figure style=\"width: 1024px\" class=\"wp-caption aligncenter\"><img decoding=\"async\" src=\"https:\/\/www.aarquiteta.com.br\/blog\/wp-content\/uploads\/2024\/11\/cozinha-conjugada-com-sala-pequena03.jpg\" alt=\"5 Solu\u00e7\u00f5es Criativas para Organizar sua Cozinha Conjugada com Sala Pequena: Dicas Pr\u00e1ticas para Maximizar Espa\u00e7o e Estilo\" width=\"1024\" height=\"1024\" title=\"\"><figcaption class=\"wp-caption-text\">5 Solu\u00e7\u00f5es Criativas para Organizar sua Cozinha Conjugada com Sala Pequena: Dicas Pr\u00e1ticas para Maximizar Espa\u00e7o e Estilo<\/figcaption><\/figure>\n<p>Estantes que possuem compartimentos s\u00e3o \u00f3timas para armazenar utens\u00edlios e ainda servem como elemento decorativo. Voc\u00ea pode exibir suas lou\u00e7as mais bonitas e, ao mesmo tempo, manter tudo organizado.<\/p>\n<h2>2. Aposte em Prateleiras Abertas<\/h2>\n<p>As prateleiras abertas s\u00e3o uma tend\u00eancia que veio para ficar. Elas oferecem uma <b>exposi\u00e7\u00e3o<\/b> charmosa dos utens\u00edlios e ainda ajudam a criar um ambiente mais arejado.<\/p>\n<h3>Exposi\u00e7\u00e3o de Utens\u00edlios<\/h3>\n<figure style=\"width: 1024px\" class=\"wp-caption aligncenter\"><img decoding=\"async\" src=\"https:\/\/www.aarquiteta.com.br\/blog\/wp-content\/uploads\/2024\/11\/cozinha-conjugada-com-sala-pequena02.jpg\" alt=\"5 Solu\u00e7\u00f5es Criativas para Organizar sua Cozinha Conjugada com Sala Pequena: Dicas Pr\u00e1ticas para Maximizar Espa\u00e7o e Estilo\" width=\"1024\" height=\"1024\" title=\"\"><figcaption class=\"wp-caption-text\">5 Solu\u00e7\u00f5es Criativas para Organizar sua Cozinha Conjugada com Sala Pequena: Dicas Pr\u00e1ticas para Maximizar Espa\u00e7o e Estilo<\/figcaption><\/figure>\n<p>Colocar suas panelas e pratos em prateleiras abertas n\u00e3o s\u00f3 facilita o acesso, mas tamb\u00e9m pode ser uma forma de decora\u00e7\u00e3o. Escolha itens que combinem entre si e crie uma composi\u00e7\u00e3o visual interessante.<\/p>\n<h3>Decora\u00e7\u00e3o e Funcionalidade<\/h3>\n<figure style=\"width: 1024px\" class=\"wp-caption aligncenter\"><img decoding=\"async\" src=\"https:\/\/www.aarquiteta.com.br\/blog\/wp-content\/uploads\/2024\/11\/cozinha-conjugada-com-sala-pequena01.jpg\" alt=\"5 Solu\u00e7\u00f5es Criativas para Organizar sua Cozinha Conjugada com Sala Pequena: Dicas Pr\u00e1ticas para Maximizar Espa\u00e7o e Estilo\" width=\"1024\" height=\"1024\" title=\"\"><figcaption class=\"wp-caption-text\">5 Solu\u00e7\u00f5es Criativas para Organizar sua Cozinha Conjugada com Sala Pequena: Dicas Pr\u00e1ticas para Maximizar Espa\u00e7o e Estilo<\/figcaption><\/figure>\n<p>Al\u00e9m de serem pr\u00e1ticas, as prateleiras abertas permitem que voc\u00ea brinque com a decora\u00e7\u00e3o. Adicione plantas, livros de receitas ou objetos que voc\u00ea ama para dar um toque pessoal ao espa\u00e7o.<\/p>\n<h2>3. Invista em Organizadores de Arm\u00e1rio<\/h2>\n<p>Um arm\u00e1rio bem organizado \u00e9 fundamental para manter a <b>funcionalidade<\/b> da sua cozinha. Os organizadores ajudam a otimizar cada cent\u00edmetro dispon\u00edvel.<\/p>\n<h3>Divis\u00f3rias para Pratos e Copos<\/h3>\n<p>Utilizar divis\u00f3rias para pratos e copos evita que eles se quebrem e facilita a visualiza\u00e7\u00e3o. Assim, voc\u00ea encontra o que precisa sem perder tempo.<\/p>\n<h3>Caixas para Mantimentos<\/h3>\n<h3>Assista agora a minha recomenda\u00e7\u00e3o de video abaixo sobre o tema que estamos tratando neste artigo: <\/h3>\n<p>https:\/\/www.youtube.com\/watch?v=<\/p>\n<p>As caixas para mantimentos s\u00e3o \u00f3timas para manter tudo em ordem. Escolha caixas transparentes para que voc\u00ea possa ver o que tem dentro e evite compras desnecess\u00e1rias.<\/p>\n<h2>4. Crie um Cantinho Gourmet<\/h2>\n<p>Um cantinho gourmet pode ser o destaque da sua cozinha. Com um pouco de criatividade, voc\u00ea pode criar um espa\u00e7o que une <b>praticidade<\/b> e estilo.<\/p>\n<h3>Barzinho Compacto<\/h3>\n<p>Um barzinho compacto pode ser uma \u00f3tima adi\u00e7\u00e3o. Ele pode ser usado para armazenar bebidas e tamb\u00e9m como um espa\u00e7o para preparar drinks. Um pequeno carrinho de bar pode ser uma solu\u00e7\u00e3o pr\u00e1tica e charmosa.<\/p>\n<h3>\u00c1rea de Preparo de Alimentos<\/h3>\n<p>Se voc\u00ea gosta de cozinhar, ter uma \u00e1rea dedicada ao preparo de alimentos \u00e9 essencial. Uma bancada que sirva para cortar e preparar ingredientes pode facilitar muito o seu dia a dia.<\/p>\n<h2>5. Use Cores e Ilumina\u00e7\u00e3o Estrat\u00e9gica<\/h2>\n<p>A escolha das cores e da ilumina\u00e7\u00e3o pode transformar completamente a percep\u00e7\u00e3o do espa\u00e7o. Cores claras e uma boa ilumina\u00e7\u00e3o fazem a diferen\u00e7a.<\/p>\n<h3>Paleta de Cores Claras<\/h3>\n<p>Optar por uma paleta de cores claras ajuda a <b>ampliar<\/b> visualmente o ambiente. Tons como branco, bege e past\u00e9is s\u00e3o ideais para criar uma sensa\u00e7\u00e3o de amplitude.<\/p>\n<h3>Ilumina\u00e7\u00e3o Direcionada<\/h3>\n<p>Uma ilumina\u00e7\u00e3o bem planejada pode destacar \u00e1reas espec\u00edficas da sua cozinha. Use luzes direcionadas para a bancada e prateleiras, criando um ambiente acolhedor e funcional.<\/p>\n<h2>Conclus\u00e3o<\/h2>\n<p>Organizar uma cozinha conjugada com sala pequena pode parecer um desafio, mas com as dicas certas, \u00e9 poss\u00edvel criar um espa\u00e7o <b>pr\u00e1tico<\/b> e estiloso. Aposte em m\u00f3veis multifuncionais, prateleiras abertas e uma boa organiza\u00e7\u00e3o para otimizar cada cent\u00edmetro. Lembre-se de que a escolha das cores e da ilumina\u00e7\u00e3o tamb\u00e9m \u00e9 fundamental para criar um ambiente agrad\u00e1vel. Com um pouco de criatividade, sua cozinha pode se tornar um verdadeiro ref\u00fagio!<\/p>\n<p><\/body><\/p>\n","protected":false},"excerpt":{"rendered":"<p>Descubra como otimizar sua cozinha conjugada com sala pequena com dicas que valorizam o espa\u00e7o e praticidade.<\/p>\n","protected":false},"author":102,"featured_media":134320,"comment_status":"closed","ping_status":"closed","sticky":false,"template":"","format":"standard","meta":{"footnotes":""},"categories":[1484,971,18792,18794],"tags":[],"class_list":["post-134323","post","type-post","status-publish","format-standard","has-post-thumbnail","category-decoracao","category-design-de-interiores","category-decoracao-de-apartamento","category-projetos-de-decoracao-de-casas"],"_wp_attached_file":null,"_wp_attachment_metadata":null,"_wp_attachment_context":null,"_wp_attachment_is_custom_header":null,"geo_longitude":null,"geo_public":null,"geo_latitude":null,"_publicize_done_external":null,"_wpas_done_3897181":null,"publicize_twitter_user":null,"_wpas_done_3897175":null,"_wpas_skip_3897181":null,"_wpas_skip_3897175":null,"_wpas_skip_3924723":null,"_wpas_mess":null,"_wpas_done_3924723":null,"wps_subtitle":"","_links":{"self":[{"href":"https:\/\/www.aarquiteta.com.br\/blog\/wp-json\/wp\/v2\/posts\/134323","targetHints":{"allow":["GET"]}}],"collection":[{"href":"https:\/\/www.aarquiteta.com.br\/blog\/wp-json\/wp\/v2\/posts"}],"about":[{"href":"https:\/\/www.aarquiteta.com.br\/blog\/wp-json\/wp\/v2\/types\/post"}],"author":[{"embeddable":true,"href":"https:\/\/www.aarquiteta.com.br\/blog\/wp-json\/wp\/v2\/users\/102"}],"replies":[{"embeddable":true,"href":"https:\/\/www.aarquiteta.com.br\/blog\/wp-json\/wp\/v2\/comments?post=134323"}],"version-history":[{"count":0,"href":"https:\/\/www.aarquiteta.com.br\/blog\/wp-json\/wp\/v2\/posts\/134323\/revisions"}],"wp:featuredmedia":[{"embeddable":true,"href":"https:\/\/www.aarquiteta.com.br\/blog\/wp-json\/wp\/v2\/media\/134320"}],"wp:attachment":[{"href":"https:\/\/www.aarquiteta.com.br\/blog\/wp-json\/wp\/v2\/media?parent=134323"}],"wp:term":[{"taxonomy":"category","embeddable":true,"href":"https:\/\/www.aarquiteta.com.br\/blog\/wp-json\/wp\/v2\/categories?post=134323"},{"taxonomy":"post_tag","embeddable":true,"href":"https:\/\/www.aarquiteta.com.br\/blog\/wp-json\/wp\/v2\/tags?post=134323"}],"curies":[{"name":"wp","href":"https:\/\/api.w.org\/{rel}","templated":true}]}}