{"id":134318,"date":"2024-11-06T13:45:29","date_gmt":"2024-11-06T16:45:29","guid":{"rendered":"https:\/\/www.aarquiteta.com.br\/blog\/porta-camarao-de-vidro\/"},"modified":"2024-11-06T13:45:29","modified_gmt":"2024-11-06T16:45:29","slug":"porta-camarao-de-vidro","status":"publish","type":"post","link":"https:\/\/www.aarquiteta.com.br\/blog\/porta-camarao-de-vidro\/","title":{"rendered":"Versatilidade e Estilo da Porta Camar\u00e3o de Vidro: 50 Ideias para Voc\u00ea"},"content":{"rendered":"<p><body><\/p>\n<p>A porta camar\u00e3o de vidro \u00e9 uma escolha moderna e pr\u00e1tica que otimiza espa\u00e7os e traz ilumina\u00e7\u00e3o natural, al\u00e9m de se destacar pelo seu design elegante. Saiba mais sobre suas vantagens, desvantagens e aplica\u00e7\u00f5es ideais nos ambientes.<\/p>\n<h2>Introdu\u00e7\u00e3o<\/h2>\n<p>Como arquiteto, sempre busco solu\u00e7\u00f5es que aliam funcionalidade \u00e0 est\u00e9tica. A porta camar\u00e3o de vidro \u00e9 uma dessas op\u00e7\u00f5es que seguem essa linha, permitindo transformar e integrar espa\u00e7os de forma harmoniosa.<\/p>\n<h2>Vantagens da Porta Camar\u00e3o de Vidro<\/h2>\n<h3>Estilo e Design<\/h3>\n<figure style=\"width: 1024px\" class=\"wp-caption aligncenter\"><img decoding=\"async\" src=\"https:\/\/www.aarquiteta.com.br\/blog\/wp-content\/uploads\/2024\/11\/porta-camarao-de-vidro01.jpg\" alt=\"Versatilidade e Estilo da Porta Camar\u00e3o de Vidro: 50 Ideias para Voc\u00ea\" width=\"1024\" height=\"1024\" title=\"\"><figcaption class=\"wp-caption-text\">Versatilidade e Estilo da Porta Camar\u00e3o de Vidro: 50 Ideias para Voc\u00ea<\/figcaption><\/figure>\n<p>Em um mundo onde a <b>est\u00e9tica<\/b> conta muito, a porta camar\u00e3o de vidro se destaca por sua beleza. Com suas linhas clean e modernas, combina com qualquer tipo de decora\u00e7\u00e3o, desde as mais cl\u00e1ssicas at\u00e9 as mais contempor\u00e2neas. A transpar\u00eancia do vidro traz uma sensa\u00e7\u00e3o de amplitude, fazendo o ambiente parecer mais <b>espa\u00e7oso<\/b>.<\/p>\n<h3>Espa\u00e7o e Funcionalidade<\/h3>\n<figure style=\"width: 1024px\" class=\"wp-caption aligncenter\"><img decoding=\"async\" src=\"https:\/\/www.aarquiteta.com.br\/blog\/wp-content\/uploads\/2024\/11\/porta-camarao-de-vidro-1-730x730.jpg\" alt=\"a transpar\u00eancia do vidro possibilita a passagem da luz natural\" title=\"\"><figcaption class=\"wp-caption-text\">a transpar\u00eancia do vidro possibilita a passagem da luz natural<\/figcaption><\/figure>\n<p>Outra grande vantagem \u00e9 o sistema de abertura lateral, que <b>ocupa menos espa\u00e7o<\/b> ao contr\u00e1rio das portas convencionais. Isso \u00e9 especialmente ben\u00e9fico em ambientes pequenos. Pode-se dizer que \u00e9 um verdadeiro milagre de efici\u00eancia, permitindo que voc\u00ea aproveite cada cent\u00edmetro dispon\u00edvel.<\/p>\n<h3>Integra\u00e7\u00e3o de Ambientes<\/h3>\n<figure style=\"width: 1024px\" class=\"wp-caption aligncenter\"><img decoding=\"async\" src=\"https:\/\/www.aarquiteta.com.br\/blog\/wp-content\/uploads\/2024\/11\/porta-camarao-de-vidro-00.jpg\" alt=\"uma porta camar\u00e3o de vidro \u00e9 uma op\u00e7\u00e3o de fechamento vers\u00e1til e cheio de estilo para delimitar os ambientes\" title=\"\"><figcaption class=\"wp-caption-text\">uma porta camar\u00e3o de vidro \u00e9 uma op\u00e7\u00e3o de fechamento vers\u00e1til e cheio de estilo para delimitar os ambientes<\/figcaption><\/figure>\n<p>Se voc\u00ea busca integrar a sua sala com a varanda ou a \u00e1rea de lazer, a porta camar\u00e3o de vidro \u00e9 a solu\u00e7\u00e3o. Ela <b>facilita a transi\u00e7\u00e3o<\/b> entre os ambientes, criando um fluxo que d\u00e1 a impress\u00e3o de continuidade, quase como se os espa\u00e7os se fundissem. Imagino algo parecido com um abra\u00e7o acolhedor entre o interno e o externo.<\/p>\n<h2>Desvantagens da Porta Camar\u00e3o de Vidro<\/h2>\n<h3>Custo Mais Alto<\/h3>\n<figure style=\"width: 1024px\" class=\"wp-caption aligncenter\"><img decoding=\"async\" src=\"https:\/\/www.aarquiteta.com.br\/blog\/wp-content\/uploads\/2024\/11\/porta-camarao-de-vidro02.jpg\" alt=\"Versatilidade e Estilo da Porta Camar\u00e3o de Vidro: 50 Ideias para Voc\u00ea\" width=\"1024\" height=\"1024\" title=\"\"><figcaption class=\"wp-caption-text\">Versatilidade e Estilo da Porta Camar\u00e3o de Vidro: 50 Ideias para Voc\u00ea<\/figcaption><\/figure>\n<p>\u00c9 claro que nem tudo s\u00e3o flores. O investimento inicial na porta camar\u00e3o de vidro pode ser maior do que outras op\u00e7\u00f5es dispon\u00edveis no mercado. Contudo, \u00e9 importante considerar isso como um <b>investimento a longo prazo<\/b>, uma vez que a durabilidade e o design sofisticado podem trazer ROI (retorno sobre investimento) em valoriza\u00e7\u00e3o da propriedade.<\/p>\n<h3>Manuten\u00e7\u00e3o Necess\u00e1ria<\/h3>\n<figure style=\"width: 1024px\" class=\"wp-caption aligncenter\"><img decoding=\"async\" src=\"https:\/\/www.aarquiteta.com.br\/blog\/wp-content\/uploads\/2024\/11\/porta-francesa-0-286x160.jpg\" alt=\"esse modelo apresenta um sistema articulado com folhas que correm e dobram-se uma sobre a outra\" title=\"\"><figcaption class=\"wp-caption-text\">esse modelo apresenta um sistema articulado com folhas que correm e dobram-se uma sobre a outra<\/figcaption><\/figure>\n<p>Al\u00e9m disso, a <b>manuten\u00e7\u00e3o<\/b> \u00e9 um aspecto a ser considerado, pois o vidro exige cuidados para permanecer transparente e livre de arranh\u00f5es. Vale lembrar que um cuidado simples pode prevenir problemas maiores e desgastes, evitando um \u201cdesastre em potencial\u201d mais \u00e0 frente.<\/p>\n<h2>Onde Utilizar a Porta Camar\u00e3o de Vidro<\/h2>\n<h3>Em Varandas<\/h3>\n<figure style=\"width: 1024px\" class=\"wp-caption aligncenter\"><img decoding=\"async\" src=\"https:\/\/www.aarquiteta.com.br\/blog\/wp-content\/uploads\/2024\/11\/porta-camarao-de-vidro03.jpg\" alt=\"Versatilidade e Estilo da Porta Camar\u00e3o de Vidro: 50 Ideias para Voc\u00ea\" width=\"1024\" height=\"1024\" title=\"\"><figcaption class=\"wp-caption-text\">Versatilidade e Estilo da Porta Camar\u00e3o de Vidro: 50 Ideias para Voc\u00ea<\/figcaption><\/figure>\n<p>Uma das melhores aplica\u00e7\u00f5es para a porta camar\u00e3o de vidro \u00e9 na varanda. Ela conecta o ambiente interno \u00e0 extenso espa\u00e7o ao ar livre, oferecendo uma <b>vis\u00e3o maravilhosa<\/b> da paisagem. Sabe aquele momento em que voc\u00ea quer um drinque e a vista perfeita? \u00c9 exatamente isso que essa porta oferece.<\/p>\n<h3>Dentro de Casa<\/h3>\n<figure style=\"width: 1024px\" class=\"wp-caption aligncenter\"><img decoding=\"async\" src=\"https:\/\/www.aarquiteta.com.br\/blog\/wp-content\/uploads\/2024\/11\/porta-de-correr-000-286x160.jpg\" alt=\"ideal para ambientes com metragens reduzidas\" title=\"\"><figcaption class=\"wp-caption-text\">ideal para ambientes com metragens reduzidas<\/figcaption><\/figure>\n<p>A divis\u00e3o de ambientes pode ser um desafio. Usando a porta camar\u00e3o de vidro, voc\u00ea pode separar a sala de estar da sala de jantar, mantendo a sensa\u00e7\u00e3o de espa\u00e7o. A transpar\u00eancia traz uma leveza que separa, mas n\u00e3o o faz de forma abrupta. \u00c9 como uma dan\u00e7a elegante entre ambientes.<\/p>\n<h3>Em Banheiros e Lavanderias<\/h3>\n<figure style=\"width: 1024px\" class=\"wp-caption aligncenter\"><img decoding=\"async\" src=\"https:\/\/www.aarquiteta.com.br\/blog\/wp-content\/uploads\/2024\/11\/porta-camarao-de-vidro4.jpg\" alt=\"Versatilidade e Estilo da Porta Camar\u00e3o de Vidro: 50 Ideias para Voc\u00ea\" width=\"1024\" height=\"1024\" title=\"\"><figcaption class=\"wp-caption-text\">Versatilidade e Estilo da Porta Camar\u00e3o de Vidro: 50 Ideias para Voc\u00ea<\/figcaption><\/figure>\n<p>Quem disse que a porta camar\u00e3o de vidro n\u00e3o pode brilhar em locais menos esperados? Em banheiros e lavanderias, ela oferece um toque de modernidade, permanecendo funcional e charmosa. Imagine bot\u00e3o de limpeza impressionando suas visitas &#8211; \u00e9 um estilo que fala muito sobre voc\u00ea!<\/p>\n<h2>Inspira\u00e7\u00f5es de Projetos com Porta Camar\u00e3o de Vidro<\/h2>\n<h3>Estilos Variados<\/h3>\n<figure style=\"width: 1024px\" class=\"wp-caption aligncenter\"><img decoding=\"async\" src=\"https:\/\/www.aarquiteta.com.br\/blog\/wp-content\/uploads\/2024\/11\/porta-de-vidro-00-286x160.jpg\" alt=\"permite integra\u00e7\u00e3o entre ambientes com abertura quase total\" title=\"\"><figcaption class=\"wp-caption-text\">permite integra\u00e7\u00e3o entre ambientes com abertura quase total<\/figcaption><\/figure>\n<p>Uma dica valiosa \u00e9 o uso da porta camar\u00e3o em combina\u00e7\u00e3o com outros materiais, como madeira ou metal. Isso cria um <b>visual \u00fanico<\/b> e personalizado. Cada projeto pode ter sua alma, que reflete a identidade do propriet\u00e1rio. Pintar a moldura de forma contrastante pode gerar um jogo de texturas incr\u00edvel!<\/p>\n<h3>Vidros Personalizados<\/h3>\n<p><iframe title=\"YouTube video player\" src=\"https:\/\/www.youtube.com\/embed\/\" width=\"560\" height=\"315\" frameborder=\"0\" allowfullscreen=\"allowfullscreen\"><\/iframe><\/p>\n<p>H\u00e1 uma vasta gama de op\u00e7\u00f5es de vidro &#8211; transparente, jateado ou canelado. Cada escolha <b>impacta a ilumina\u00e7\u00e3o<\/b> e a privacidade do ambiente. O vidro jateado, por exemplo, \u00e9 uma excelente op\u00e7\u00e3o para \u00e1reas que requerem mais prote\u00e7\u00e3o visual sem comprometer a luz natural \u2013 uma combina\u00e7\u00e3o de beleza e sabedoria.<\/p>\n<h3>Decora\u00e7\u00e3o Integrada<\/h3>\n<p>A porta camar\u00e3o de vidro pode ser incorporada em diferentes estilos de decora\u00e7\u00e3o. Seja no estilo r\u00fastico, minimalista, industrial ou contempor\u00e2neo, essa porta se adapta e transforma o espa\u00e7o, como uma camaleoa arquitet\u00f4nica impressionante, sempre pronta para fazer parte do seu desenho interior.<\/p>\n<h2>Conclus\u00e3o<\/h2>\n<p>Em resumo, a porta camar\u00e3o de vidro \u00e9 muito mais do que uma simples divis\u00e3o de ambientes. Com efici\u00eancia e eleg\u00e2ncia, ela transforma espa\u00e7os, trazendo ilumina\u00e7\u00e3o, modernidade e um toque especial a qualquer projeto. Coloque na balan\u00e7a suas <b>vantagens e desvantagens<\/b>, e voc\u00ea ver\u00e1 que ao final, essa \u00e9 uma solu\u00e7\u00e3o que n\u00e3o pode faltar no seu planejamento de interiores.<\/p>\n<p><\/body><br \/>\n<figure style=\"width: 1024px\" class=\"wp-caption aligncenter\"><img decoding=\"async\" src=\"https:\/\/www.aarquiteta.com.br\/blog\/wp-content\/uploads\/2024\/11\/porta-camarao-de-vidro-2-730x730.jpg\" alt=\"seu mecanismo de funcionamento \u00e9 menos pr\u00e1tico que o convencional\" title=\"\"><figcaption class=\"wp-caption-text\">seu mecanismo de funcionamento \u00e9 menos pr\u00e1tico que o convencional<\/figcaption><\/figure>\n","protected":false},"excerpt":{"rendered":"<p>Descubra 50 fotos inspiradoras da porta camar\u00e3o de vidro e aprenda sobre suas vantagens e desvantagens para integrar decora\u00e7\u00f5es.<\/p>\n","protected":false},"author":102,"featured_media":134311,"comment_status":"closed","ping_status":"closed","sticky":false,"template":"","format":"standard","meta":{"footnotes":""},"categories":[1507,249],"tags":[],"class_list":["post-134318","post","type-post","status-publish","format-standard","has-post-thumbnail","category-arquitetura","category-engenharia-e-construcao-civil"],"_wp_attached_file":null,"_wp_attachment_metadata":null,"_wp_attachment_context":null,"_wp_attachment_is_custom_header":null,"geo_longitude":null,"geo_public":null,"geo_latitude":null,"_publicize_done_external":null,"_wpas_done_3897181":null,"publicize_twitter_user":null,"_wpas_done_3897175":null,"_wpas_skip_3897181":null,"_wpas_skip_3897175":null,"_wpas_skip_3924723":null,"_wpas_mess":null,"_wpas_done_3924723":null,"wps_subtitle":"","_links":{"self":[{"href":"https:\/\/www.aarquiteta.com.br\/blog\/wp-json\/wp\/v2\/posts\/134318","targetHints":{"allow":["GET"]}}],"collection":[{"href":"https:\/\/www.aarquiteta.com.br\/blog\/wp-json\/wp\/v2\/posts"}],"about":[{"href":"https:\/\/www.aarquiteta.com.br\/blog\/wp-json\/wp\/v2\/types\/post"}],"author":[{"embeddable":true,"href":"https:\/\/www.aarquiteta.com.br\/blog\/wp-json\/wp\/v2\/users\/102"}],"replies":[{"embeddable":true,"href":"https:\/\/www.aarquiteta.com.br\/blog\/wp-json\/wp\/v2\/comments?post=134318"}],"version-history":[{"count":0,"href":"https:\/\/www.aarquiteta.com.br\/blog\/wp-json\/wp\/v2\/posts\/134318\/revisions"}],"wp:featuredmedia":[{"embeddable":true,"href":"https:\/\/www.aarquiteta.com.br\/blog\/wp-json\/wp\/v2\/media\/134311"}],"wp:attachment":[{"href":"https:\/\/www.aarquiteta.com.br\/blog\/wp-json\/wp\/v2\/media?parent=134318"}],"wp:term":[{"taxonomy":"category","embeddable":true,"href":"https:\/\/www.aarquiteta.com.br\/blog\/wp-json\/wp\/v2\/categories?post=134318"},{"taxonomy":"post_tag","embeddable":true,"href":"https:\/\/www.aarquiteta.com.br\/blog\/wp-json\/wp\/v2\/tags?post=134318"}],"curies":[{"name":"wp","href":"https:\/\/api.w.org\/{rel}","templated":true}]}}