{"id":134297,"date":"2024-11-06T13:03:16","date_gmt":"2024-11-06T16:03:16","guid":{"rendered":"https:\/\/www.aarquiteta.com.br\/blog\/estantes-multifuncionais-8-ideias-salas-estar-compactas\/"},"modified":"2024-11-06T13:03:16","modified_gmt":"2024-11-06T16:03:16","slug":"estantes-multifuncionais-8-ideias-salas-estar-compactas","status":"publish","type":"post","link":"https:\/\/www.aarquiteta.com.br\/blog\/estantes-multifuncionais-8-ideias-salas-estar-compactas\/","title":{"rendered":"Estantes Multifuncionais: 8 Ideias para Salas de Estar Compactas"},"content":{"rendered":"<p>Descubra como estantes multifuncionais podem transformar sua sala de estar compacta em um espa\u00e7o elegante e pr\u00e1tico, otimizando cada metro quadrado com estilo e funcionalidade.<\/p>\n<h2>Destaques principais<\/h2>\n<ul>\n<li><b>Estantes Multifuncionais:<\/b> Entenda o que s\u00e3o e como podem otimizar seu espa\u00e7o.<\/li>\n<li><b>Vantagens:<\/b> Conhe\u00e7a os benef\u00edcios de usar estantes que combinam armazenamento e estilo.<\/li>\n<li><b>Ideias Criativas:<\/b> Explore diversas op\u00e7\u00f5es de estantes que se adaptam a salas compactas.<\/li>\n<\/ul>\n<h2>1. O que s\u00e3o Estantes Multifuncionais?<\/h2>\n<p>As <b>estantes multifuncionais<\/b> s\u00e3o m\u00f3veis projetados para desempenhar mais de uma fun\u00e7\u00e3o, como armazenar livros, exibir objetos decorativos e at\u00e9 servir como divis\u00f3rias de ambientes. Elas s\u00e3o ideais para quem busca <b>otimizar espa\u00e7os<\/b> em salas de estar compactas, oferecendo praticidade e estilo em um \u00fanico item.<\/p>\n<h2>2. Vantagens de Usar Estantes Multifuncionais<\/h2>\n<p>Optar por estantes multifuncionais traz uma s\u00e9rie de <b>vantagens<\/b> que v\u00e3o al\u00e9m da est\u00e9tica. Vamos explorar algumas delas:<\/p>\n<h3>2.1. Economia de Espa\u00e7o<\/h3>\n<figure style=\"width: 1024px\" class=\"wp-caption aligncenter\"><img decoding=\"async\" src=\"https:\/\/www.aarquiteta.com.br\/blog\/wp-content\/uploads\/2024\/11\/estantes-multifuncionais-8-ideias-salas-estar-compactas04.jpg\" alt=\"Estantes Multifuncionais: 8 Ideias para Salas de Estar Compactas\" width=\"1024\" height=\"1024\" title=\"\"><figcaption class=\"wp-caption-text\">Estantes Multifuncionais: 8 Ideias para Salas de Estar Compactas<\/figcaption><\/figure>\n<p>Uma das principais vantagens \u00e9 a <b>economia de espa\u00e7o<\/b>. Com estantes que combinam v\u00e1rias fun\u00e7\u00f5es, voc\u00ea pode liberar espa\u00e7o no ch\u00e3o e manter a organiza\u00e7\u00e3o do ambiente.<\/p>\n<h3>2.2. Versatilidade no Design<\/h3>\n<figure style=\"width: 1024px\" class=\"wp-caption aligncenter\"><img decoding=\"async\" src=\"https:\/\/www.aarquiteta.com.br\/blog\/wp-content\/uploads\/2024\/11\/estantes-multifuncionais-8-ideias-salas-estar-compactas03.jpg\" alt=\"Estantes Multifuncionais: 8 Ideias para Salas de Estar Compactas\" width=\"1024\" height=\"1024\" title=\"\"><figcaption class=\"wp-caption-text\">Estantes Multifuncionais: 8 Ideias para Salas de Estar Compactas<\/figcaption><\/figure>\n<p>As estantes multifuncionais s\u00e3o extremamente <b>vers\u00e1teis<\/b>. Elas podem ser adaptadas a diferentes estilos de decora\u00e7\u00e3o, desde o moderno at\u00e9 o r\u00fastico, permitindo que voc\u00ea crie um ambiente \u00fanico e personalizado.<\/p>\n<h2>3. Ideias de Estantes Multifuncionais para Salas de Estar Compactas<\/h2>\n<p>Se voc\u00ea est\u00e1 em busca de inspira\u00e7\u00e3o, aqui est\u00e3o algumas <b>ideias criativas<\/b> de estantes multifuncionais que podem transformar sua sala de estar:<\/p>\n<h3>3.1. Estante com Sof\u00e1 Integrado<\/h3>\n<figure style=\"width: 1024px\" class=\"wp-caption aligncenter\"><img decoding=\"async\" src=\"https:\/\/www.aarquiteta.com.br\/blog\/wp-content\/uploads\/2024\/11\/estantes-multifuncionais-8-ideias-salas-estar-compactas02.jpg\" alt=\"Estantes Multifuncionais: 8 Ideias para Salas de Estar Compactas\" width=\"1024\" height=\"1024\" title=\"\"><figcaption class=\"wp-caption-text\">Estantes Multifuncionais: 8 Ideias para Salas de Estar Compactas<\/figcaption><\/figure>\n<p>Imagine um sof\u00e1 que tamb\u00e9m serve como estante! Essa \u00e9 uma solu\u00e7\u00e3o perfeita para quem deseja <b>maximizar o espa\u00e7o<\/b> e ainda ter um lugar confort\u00e1vel para sentar.<\/p>\n<h3>3.2. Estante de Canto<\/h3>\n<figure style=\"width: 1024px\" class=\"wp-caption aligncenter\"><img decoding=\"async\" src=\"https:\/\/www.aarquiteta.com.br\/blog\/wp-content\/uploads\/2024\/11\/estantes-multifuncionais-8-ideias-salas-estar-compactas01.jpg\" alt=\"Estantes Multifuncionais: 8 Ideias para Salas de Estar Compactas\" width=\"1024\" height=\"1024\" title=\"\"><figcaption class=\"wp-caption-text\">Estantes Multifuncionais: 8 Ideias para Salas de Estar Compactas<\/figcaption><\/figure>\n<p>As estantes de canto s\u00e3o ideais para aproveitar aqueles <b>espa\u00e7os esquecidos<\/b> da sala. Elas podem ser usadas para armazenar livros ou exibir plantas, trazendo vida ao ambiente.<\/p>\n<h3>3.3. Estante com Mesa de Centro<\/h3>\n<p>Uma estante que tamb\u00e9m funciona como mesa de centro \u00e9 uma \u00f3tima maneira de <b>unir funcionalidade e estilo<\/b>. Voc\u00ea pode armazenar itens na parte inferior e ainda ter um espa\u00e7o para colocar bebidas ou petiscos.<\/p>\n<h3>3.4. Estante Suspensa<\/h3>\n<h3>Assista agora a minha recomenda\u00e7\u00e3o de video abaixo sobre o tema que estamos tratando neste artigo: <\/h3>\n<p>https:\/\/www.youtube.com\/watch?v=<\/p>\n<p>As estantes suspensas s\u00e3o uma tend\u00eancia que traz um ar moderno ao ambiente. Elas ajudam a <b>liberar espa\u00e7o no ch\u00e3o<\/b> e podem ser usadas para exibir objetos decorativos.<\/p>\n<h3>3.5. Estante com Ilumina\u00e7\u00e3o Embutida<\/h3>\n<p>Adicionar ilumina\u00e7\u00e3o embutida em uma estante n\u00e3o s\u00f3 destaca os objetos expostos, mas tamb\u00e9m cria uma <b>atmosfera aconchegante<\/b> na sala de estar.<\/p>\n<h3>3.6. Estante Modular<\/h3>\n<p>As estantes modulares permitem que voc\u00ea crie sua pr\u00f3pria configura\u00e7\u00e3o, adaptando-se \u00e0s suas necessidades e ao espa\u00e7o dispon\u00edvel. Essa flexibilidade \u00e9 uma <b>vantagem incr\u00edvel<\/b> para quem vive em ambientes menores.<\/p>\n<h2>4. Como Escolher a Estante Ideal para Sua Sala<\/h2>\n<p>Escolher a estante ideal envolve considerar o <b>tamanho do espa\u00e7o<\/b>, o estilo de decora\u00e7\u00e3o e as funcionalidades que voc\u00ea deseja. \u00c9 importante medir o espa\u00e7o dispon\u00edvel e pensar em como a estante se integrar\u00e1 ao restante do ambiente.<\/p>\n<h2>5. Dicas de Decora\u00e7\u00e3o com Estantes Multifuncionais<\/h2>\n<p>Para decorar sua estante multifuncional, considere as seguintes dicas:<\/p>\n<ul>\n<li><b>Use Cores Neutras:<\/b> Estantes em cores neutras ajudam a criar um ambiente mais amplo.<\/li>\n<li><b>Adicione Plantas:<\/b> Plantas trazem vida e frescor ao espa\u00e7o.<\/li>\n<li><b>Varie os Itens:<\/b> Misture livros, objetos decorativos e fotos para um visual mais interessante.<\/li>\n<\/ul>\n<h2>Conclus\u00e3o<\/h2>\n<p>As estantes multifuncionais s\u00e3o uma solu\u00e7\u00e3o inteligente para quem deseja <b>otimizar espa\u00e7os<\/b> em salas de estar compactas. Com uma variedade de estilos e funcionalidades, elas n\u00e3o apenas ajudam a manter a organiza\u00e7\u00e3o, mas tamb\u00e9m adicionam um toque de <b>eleg\u00e2ncia<\/b> ao ambiente. Ao escolher a estante ideal e decor\u00e1-la de forma criativa, voc\u00ea pode transformar sua sala em um espa\u00e7o que reflete sua personalidade e estilo de vida.<\/p>\n","protected":false},"excerpt":{"rendered":"<p>Otimize espa\u00e7os em salas compactas com 8 ideias de estantes multifuncionais que combinam armazenamento e estilo.<\/p>\n","protected":false},"author":102,"featured_media":134294,"comment_status":"closed","ping_status":"closed","sticky":false,"template":"","format":"standard","meta":{"footnotes":""},"categories":[1484,971,18792,18794],"tags":[],"class_list":["post-134297","post","type-post","status-publish","format-standard","has-post-thumbnail","category-decoracao","category-design-de-interiores","category-decoracao-de-apartamento","category-projetos-de-decoracao-de-casas"],"_wp_attached_file":null,"_wp_attachment_metadata":null,"_wp_attachment_context":null,"_wp_attachment_is_custom_header":null,"geo_longitude":null,"geo_public":null,"geo_latitude":null,"_publicize_done_external":null,"_wpas_done_3897181":null,"publicize_twitter_user":null,"_wpas_done_3897175":null,"_wpas_skip_3897181":null,"_wpas_skip_3897175":null,"_wpas_skip_3924723":null,"_wpas_mess":null,"_wpas_done_3924723":null,"wps_subtitle":"","_links":{"self":[{"href":"https:\/\/www.aarquiteta.com.br\/blog\/wp-json\/wp\/v2\/posts\/134297","targetHints":{"allow":["GET"]}}],"collection":[{"href":"https:\/\/www.aarquiteta.com.br\/blog\/wp-json\/wp\/v2\/posts"}],"about":[{"href":"https:\/\/www.aarquiteta.com.br\/blog\/wp-json\/wp\/v2\/types\/post"}],"author":[{"embeddable":true,"href":"https:\/\/www.aarquiteta.com.br\/blog\/wp-json\/wp\/v2\/users\/102"}],"replies":[{"embeddable":true,"href":"https:\/\/www.aarquiteta.com.br\/blog\/wp-json\/wp\/v2\/comments?post=134297"}],"version-history":[{"count":0,"href":"https:\/\/www.aarquiteta.com.br\/blog\/wp-json\/wp\/v2\/posts\/134297\/revisions"}],"wp:featuredmedia":[{"embeddable":true,"href":"https:\/\/www.aarquiteta.com.br\/blog\/wp-json\/wp\/v2\/media\/134294"}],"wp:attachment":[{"href":"https:\/\/www.aarquiteta.com.br\/blog\/wp-json\/wp\/v2\/media?parent=134297"}],"wp:term":[{"taxonomy":"category","embeddable":true,"href":"https:\/\/www.aarquiteta.com.br\/blog\/wp-json\/wp\/v2\/categories?post=134297"},{"taxonomy":"post_tag","embeddable":true,"href":"https:\/\/www.aarquiteta.com.br\/blog\/wp-json\/wp\/v2\/tags?post=134297"}],"curies":[{"name":"wp","href":"https:\/\/api.w.org\/{rel}","templated":true}]}}