{"id":134291,"date":"2024-11-06T10:52:39","date_gmt":"2024-11-06T13:52:39","guid":{"rendered":"https:\/\/www.aarquiteta.com.br\/blog\/cadeira-de-balanco-suspensa\/"},"modified":"2024-11-06T12:04:08","modified_gmt":"2024-11-06T15:04:08","slug":"cadeira-de-balanco-suspensa","status":"publish","type":"post","link":"https:\/\/www.aarquiteta.com.br\/blog\/cadeira-de-balanco-suspensa\/","title":{"rendered":"Cadeiras de balan\u00e7o suspensas: ideias e dicas de como usa-las em sua casa."},"content":{"rendered":"<p>Descubra como a cadeira de balan\u00e7o suspensa pode transformar sua casa com charme e conforto, perfeita para relaxar e inovar na decora\u00e7\u00e3o dos <a href=\"https:\/\/www.aarquiteta.com.br\/blog\/decoracao\/ambientes-na-decoracao\/\" class=\"ilj-generated-link\">ambientes<\/a>. Inspire-se com 30 ideias e aprenda a mont\u00e1-las voc\u00ea mesmo!<\/p><h2>Introdu\u00e7\u00e3o<\/h2><p>A cadeira de balan\u00e7o suspensa \u00e9 um m\u00f3vel vers\u00e1til que traz aconchego e um toque divertido para qualquer ambiente. Neste artigo, voc\u00ea encontrar\u00e1 ideias criativas e pr\u00e1ticas sobre como incorpor\u00e1-las \u00e0 sua <a href=\"https:\/\/www.aarquiteta.com.br\/blog\/decoracao\/\" class=\"ilj-generated-link\">decora\u00e7\u00e3o<\/a>.<\/p><h2>Benef\u00edcios da Cadeira de Balan\u00e7o Suspensa<\/h2><h3>Conforto Duradouro<\/h3><p><img decoding=\"async\" src=\"https:\/\/www.aarquiteta.com.br\/blog\/wp-content\/uploads\/2024\/11\/cadeira-de-balanco-suspensa-5-730x730.jpg\" alt=\"Cadeira de balan\u00e7o suspensa macram\u00ea\" title=\"\"><\/p><p>A cadeira proporciona momentos de relaxamento e descanso. <b>N\u00e3o tem nada melhor do que um canto aconchegante<\/b> para desestressar ap\u00f3s um dia longo, n\u00e3o \u00e9 mesmo? Leve esse m\u00f3vel para seu espa\u00e7o e sinta a diferen\u00e7a que ele faz na sua rotina.<\/p><h3>Estilo Vers\u00e1til<\/h3><p><img decoding=\"async\" src=\"https:\/\/www.aarquiteta.com.br\/blog\/wp-content\/uploads\/2024\/11\/cadeira-de-balanco-suspensa01.jpg\" alt=\"\" width=\"1024\" height=\"1024\" title=\"\"><\/p><p>Dispon\u00edvel em diferentes materiais e estilos, a cadeira encaixa-se em qualquer decora\u00e7\u00e3o. <b>Seja no estilo r\u00fastico, moderno ou minimalista,<\/b> essa pe\u00e7a \u00e9 a carta na manga que faltava para dar um &#8216;up&#8217; no seu ambiente. Explorar as variedades \u00e9 parte da divers\u00e3o!<\/p><h2>Ideias Criativas para Decorar com Cadeiras de Balan\u00e7o Suspensas<\/h2><h3>Espa\u00e7os Externos<\/h3><p><img decoding=\"async\" src=\"https:\/\/www.aarquiteta.com.br\/blog\/wp-content\/uploads\/2024\/11\/cadeira-de-balanco-suspensa-0.png\" alt=\"Cadeira de balan\u00e7o suspensa em est\u00fadio\" title=\"\"><\/p><p>Utilize na <a href=\"https:\/\/www.aarquiteta.com.br\/blog\/?s=varanda\">varanda<\/a> ou jardim para um ambiente mais acolhedor. <b>Imagina s\u00f3 relaxar com uma x\u00edcara de caf\u00e9 na m\u00e3o, balan\u00e7ando levemente?<\/b> \u00c9 pura satisfa\u00e7\u00e3o e um convite ao descanso.<\/p><h3>Decora\u00e7\u00e3o de Interiores<\/h3><p><img decoding=\"async\" src=\"https:\/\/www.aarquiteta.com.br\/blog\/wp-content\/uploads\/2024\/11\/cadeira-de-balanco-suspensa02.jpg\" alt=\"\" width=\"1024\" height=\"1024\" title=\"\"><\/p><p>Adicione \u00e0 sua sala ou <a href=\"https:\/\/www.aarquiteta.com.br\/blog\/?s=quarto\">quarto<\/a> para um toque sofisticado. <b>Uma boa cadeira suspensa pode ser o ponto focal<\/b> do ambiente, trazendo um ar contempor\u00e2neo e cheio de personalidade.<\/p><h2>Materiais e Estilos Populares<\/h2><h3>Cadeiras de Macram\u00ea<\/h3><p><img decoding=\"async\" src=\"https:\/\/www.aarquiteta.com.br\/blog\/wp-content\/uploads\/2024\/11\/cadeira-de-balanco-suspensa-1-730x913.jpg\" alt=\"Cadeira de balan\u00e7o suspensa na varanda\" title=\"\"><\/p><p>Uma op\u00e7\u00e3o delicada e encantadora. <b>Cadeiras de macram\u00ea<\/b> s\u00e3o como poesia em forma de mob\u00edlia; elas trazem leveza e uma sensa\u00e7\u00e3o artesanal que encanta qualquer espa\u00e7o.<\/p><h3>Cadeiras de Vime e Fibra Sint\u00e9tica<\/h3><p><img decoding=\"async\" src=\"https:\/\/www.aarquiteta.com.br\/blog\/wp-content\/uploads\/2024\/11\/cadeira-de-balanco-suspensa03.jpg\" alt=\"\" width=\"1024\" height=\"1024\" title=\"\"><\/p><p>Ideais para ambientes externos por sua durabilidade. <b>Essas cadeiras s\u00e3o pr\u00e1ticas para quem ama ter uma \u00e1rea externa sempre \u00e0 disposi\u00e7\u00e3o.<\/b> O melhor de tudo \u00e9 que elas resistem ao tempo e transformam o espa\u00e7o em um o\u00e1sis de conforto.<\/p><h2>Como Fazer sua Pr\u00f3pria Cadeira de Balan\u00e7o Suspensa<\/h2><h3>Cadeira de Arame e Tecido<\/h3><p><img decoding=\"async\" src=\"https:\/\/www.aarquiteta.com.br\/blog\/wp-content\/uploads\/2024\/11\/cadeira-de-balanco-suspensa-2.jpg\" alt=\"Cadeira de balan\u00e7o suspensa na sala\" title=\"\"><\/p><p>Instru\u00e7\u00f5es passo a passo para criar sua pr\u00f3pria cadeira suspensa. <b>Com um aro met\u00e1lico, um pouco de corda e um tecido que voc\u00ea ama,<\/b> a possibilidade de personaliza\u00e7\u00e3o \u00e9 infinita. Basta colocar a m\u00e3o na massa e soltar a criatividade!<\/p><h3>Cadeira de Madeira para Jardim<\/h3><p><img decoding=\"async\" src=\"https:\/\/www.aarquiteta.com.br\/blog\/wp-content\/uploads\/2024\/11\/cadeira-de-balanco-suspensa4.jpg\" alt=\"\" width=\"1024\" height=\"1024\" title=\"\"><\/p><p>Tutorial simples utilizando materiais acess\u00edveis. <b>Uma cadeira de balan\u00e7o de <a href=\"https:\/\/www.aarquiteta.com.br\/blog\/?s=MADEIRA\">madeira<\/a> pode ser o projeto perfeito<\/b> para quem quer um toque r\u00fastico e ao mesmo tempo elegante no jardim. A simplicidade tem seu charme!<\/p><h2>Dicas de Instala\u00e7\u00e3o e Seguran\u00e7a<\/h2><h3>Pendurar a Cadeira Corretamente<\/h3><p><img decoding=\"async\" src=\"https:\/\/www.aarquiteta.com.br\/blog\/wp-content\/uploads\/2024\/11\/cadeira-de-balanco-suspensa-3-730x913.jpg\" alt=\"Cadeira de balan\u00e7o suspensa no quarto\" title=\"\"><\/p><p>Passo a passo para garantir a seguran\u00e7a da cadeira. <b>N\u00e3o esque\u00e7a, seguran\u00e7a em primeiro lugar!<\/b> Certifique-se de usar ganchos apropriados e verificar se a estrutura onde voc\u00ea vai pendurar \u00e9 resistente o suficiente para aguentar o balan\u00e7o todo.<\/p><h2>Conclus\u00e3o<\/h2><p>As cadeiras de balan\u00e7o suspensas proporcionam um toque especial \u00e0 decora\u00e7\u00e3o, al\u00e9m de conforto e estilo. <b>Explore as sugest\u00f5es apresentadas e aproveite para criar um espa\u00e7o \u00fanico e relaxante na sua casa!<\/b> Com essas dicas, sua nova pe\u00e7a vai se tornar o lugar perfeito para momentos de descontra\u00e7\u00e3o. Agora, que tal pendurar a sua e relaxar?<\/p><h3>Para se aprofundar mais sobre o tema, veja a minha recomenda\u00e7\u00e3o sobre o tema deste artigo no v\u00eddeo a seguir abaixo:<\/h3><p><iframe title=\"YouTube video player\" src=\"https:\/\/www.youtube.com\/embed\/\" width=\"560\" height=\"315\" frameborder=\"0\" allowfullscreen=\"allowfullscreen\"><\/iframe><\/p><p><img decoding=\"async\" src=\"https:\/\/www.aarquiteta.com.br\/blog\/wp-content\/uploads\/2024\/11\/cadeira-de-balanco-suspensa-4-730x913.jpg\" alt=\"Cadeira de balan\u00e7o suspensa em fibra sint\u00e9tica\" title=\"\"><\/p>","protected":false},"excerpt":{"rendered":"<p>Descubra como a cadeira de balan\u00e7o suspensa pode transformar sua casa com charme e conforto, perfeita para relaxar e inovar na decora\u00e7\u00e3o dos ambientes. Inspire-se com 30 ideias e aprenda a mont\u00e1-las voc\u00ea mesmo!Introdu\u00e7\u00e3oA cadeira de balan\u00e7o suspensa \u00e9 um m\u00f3vel vers\u00e1til que traz aconchego e um toque divertido para qualquer ambiente. Neste artigo, voc\u00ea [&hellip;]<\/p>\n","protected":false},"author":102,"featured_media":134284,"comment_status":"closed","ping_status":"closed","sticky":false,"template":"","format":"standard","meta":{"footnotes":""},"categories":[1484],"tags":[],"class_list":["post-134291","post","type-post","status-publish","format-standard","has-post-thumbnail","category-decoracao"],"_wp_attached_file":null,"_wp_attachment_metadata":null,"_wp_attachment_context":null,"_wp_attachment_is_custom_header":null,"geo_longitude":null,"geo_public":null,"geo_latitude":null,"_publicize_done_external":null,"_wpas_done_3897181":null,"publicize_twitter_user":null,"_wpas_done_3897175":null,"_wpas_skip_3897181":null,"_wpas_skip_3897175":null,"_wpas_skip_3924723":null,"_wpas_mess":null,"_wpas_done_3924723":null,"wps_subtitle":"","_links":{"self":[{"href":"https:\/\/www.aarquiteta.com.br\/blog\/wp-json\/wp\/v2\/posts\/134291","targetHints":{"allow":["GET"]}}],"collection":[{"href":"https:\/\/www.aarquiteta.com.br\/blog\/wp-json\/wp\/v2\/posts"}],"about":[{"href":"https:\/\/www.aarquiteta.com.br\/blog\/wp-json\/wp\/v2\/types\/post"}],"author":[{"embeddable":true,"href":"https:\/\/www.aarquiteta.com.br\/blog\/wp-json\/wp\/v2\/users\/102"}],"replies":[{"embeddable":true,"href":"https:\/\/www.aarquiteta.com.br\/blog\/wp-json\/wp\/v2\/comments?post=134291"}],"version-history":[{"count":0,"href":"https:\/\/www.aarquiteta.com.br\/blog\/wp-json\/wp\/v2\/posts\/134291\/revisions"}],"wp:featuredmedia":[{"embeddable":true,"href":"https:\/\/www.aarquiteta.com.br\/blog\/wp-json\/wp\/v2\/media\/134284"}],"wp:attachment":[{"href":"https:\/\/www.aarquiteta.com.br\/blog\/wp-json\/wp\/v2\/media?parent=134291"}],"wp:term":[{"taxonomy":"category","embeddable":true,"href":"https:\/\/www.aarquiteta.com.br\/blog\/wp-json\/wp\/v2\/categories?post=134291"},{"taxonomy":"post_tag","embeddable":true,"href":"https:\/\/www.aarquiteta.com.br\/blog\/wp-json\/wp\/v2\/tags?post=134291"}],"curies":[{"name":"wp","href":"https:\/\/api.w.org\/{rel}","templated":true}]}}