{"id":134242,"date":"2024-11-05T17:42:44","date_gmt":"2024-11-05T20:42:44","guid":{"rendered":"https:\/\/www.aarquiteta.com.br\/blog\/janelas-de-madeira\/"},"modified":"2024-11-05T17:59:31","modified_gmt":"2024-11-05T20:59:31","slug":"janelas-de-madeira","status":"publish","type":"post","link":"https:\/\/www.aarquiteta.com.br\/blog\/janelas-de-madeira\/","title":{"rendered":"10 op\u00e7\u00f5es de janelas de madeira que unem beleza e funcionalidade"},"content":{"rendered":"<p><body><\/p>\n<p>As <b>janelas de madeira<\/b> s\u00e3o uma escolha duradoura e de bom gosto para qualquer espa\u00e7o, trazendo beleza e funcionalidade. Delicie-se com op\u00e7\u00f5es que elevam a est\u00e9tica dos seus ambientes!<\/p>\n<h2>1. Introdu\u00e7\u00e3o<\/h2>\n<p>Encantar-se com janelas de madeira \u00e9 garantir um toque cl\u00e1ssico e sofisticado \u00e0 sua casa. Com a capacidade de adicionar um charme especial, essas janelas s\u00e3o altamente valorizadas em projetos arquitet\u00f4nicos por sua capacidade de contribuir tanto com a est\u00e9tica quanto com a efici\u00eancia.<\/p>\n<h2>2. Vantagens das Janelas de Madeira<\/h2>\n<h3>2.1 Durabilidade e Manuten\u00e7\u00e3o<\/h3>\n<figure style=\"width: 1024px\" class=\"wp-caption aligncenter\"><img decoding=\"async\" src=\"https:\/\/www.aarquiteta.com.br\/blog\/wp-content\/uploads\/2024\/11\/janelas-de-madeira01.jpg\" alt=\"60 op\u00e7\u00f5es de janelas de madeira que unem beleza e funcionalidade\" width=\"1024\" height=\"1024\" title=\"\"><figcaption class=\"wp-caption-text\">60 op\u00e7\u00f5es de janelas de madeira que unem beleza e funcionalidade<\/figcaption><\/figure>\n<p>Recentemente, estava conversando com um colega sobre como a madeira \u00e9 um <b>material resistente<\/b>. Sim, requer um pouco de cuidado, mas o tratamento correto proporciona alta durabilidade. Com o tempo, voc\u00ea aprende que um verniz em boa qualidade faz a diferen\u00e7a.<\/p>\n<h3>2.2 Estilo e Est\u00e9tica<\/h3>\n<figure style=\"width: 1024px\" class=\"wp-caption aligncenter\"><img decoding=\"async\" src=\"https:\/\/www.aarquiteta.com.br\/blog\/wp-content\/uploads\/2024\/11\/janelas-de-madeira-4.jpg\" alt=\"Vida de Vila\" title=\"\"><figcaption class=\"wp-caption-text\">Vida de Vila<\/figcaption><\/figure>\n<p>Ah, o estilo! As janelas de madeira t\u00eam a capacidade de se <b>integrar perfeitamente<\/b> a diferentes est\u00e9ticas de decora\u00e7\u00e3o. Se voc\u00ea apostar em um modelo r\u00fastico ou moderno, com certeza ser\u00e1 algo que vai encantar os visitantes.<\/p>\n<h2>3. Tipos de Janelas de Madeira<\/h2>\n<h3>3.1 Janelas de Abrir<\/h3>\n<figure style=\"width: 1024px\" class=\"wp-caption aligncenter\"><img decoding=\"async\" src=\"https:\/\/www.aarquiteta.com.br\/blog\/wp-content\/uploads\/2024\/11\/janelas-de-madeira-00.jpg\" alt=\"CM2T Arquitetura\" title=\"\"><figcaption class=\"wp-caption-text\">CM2T Arquitetura<\/figcaption><\/figure>\n<p>Ideal para quem ama um toque vintage, as janelas de abrir t\u00eam o potencial <b>de trazer frescor<\/b> e ventila\u00e7\u00e3o para o ambiente. Lembro de um projeto onde essas janelas eram o foco, e a sensa\u00e7\u00e3o ao abrir era como liberar o ar fresco da primavera.<\/p>\n<h3>3.2 Janelas de Correr<\/h3>\n<figure style=\"width: 1024px\" class=\"wp-caption aligncenter\"><img decoding=\"async\" src=\"https:\/\/www.aarquiteta.com.br\/blog\/wp-content\/uploads\/2024\/11\/janelas-de-madeira02.jpg\" alt=\"60 op\u00e7\u00f5es de janelas de madeira que unem beleza e funcionalidade\" width=\"1024\" height=\"1024\" title=\"\"><figcaption class=\"wp-caption-text\">60 op\u00e7\u00f5es de janelas de madeira que unem beleza e funcionalidade<\/figcaption><\/figure>\n<p>Essas s\u00e3o as queridinhas dos pequenos espa\u00e7os. <b>Pr\u00e1ticas e funcionais<\/b>, as janelas de correr otimizam \u00e1reas sem comprometer a est\u00e9tica. Lembro de j\u00e1 ter utilizado em cozinhas, e o resultado foi impressionante.<\/p>\n<h3>3.3 Janelas Guilhotina<\/h3>\n<figure style=\"width: 1024px\" class=\"wp-caption aligncenter\"><img decoding=\"async\" src=\"https:\/\/www.aarquiteta.com.br\/blog\/wp-content\/uploads\/2024\/11\/janelas-de-madeira-1-730x484.jpg\" alt=\"Lucia Manzano Arquitetura\" title=\"\"><figcaption class=\"wp-caption-text\">Lucia Manzano Arquitetura<\/figcaption><\/figure>\n<p>Ah, as guilhotinas! Elas t\u00eam um <b>charme retr\u00f4<\/b> que \u00e9 de tirar o f\u00f4lego. S\u00e3o perfeitas para aqueles que buscam nostalgia em casa. Instalem em um espa\u00e7o conectado \u00e0 hist\u00f3ria, voc\u00ea vai se sentir em um filme de \u00e9poca!<\/p>\n<h3>3.4 Janelas com Venezianas<\/h3>\n<figure style=\"width: 1024px\" class=\"wp-caption aligncenter\"><img decoding=\"async\" src=\"https:\/\/www.aarquiteta.com.br\/blog\/wp-content\/uploads\/2024\/11\/janelas-de-madeira03.jpg\" alt=\"60 op\u00e7\u00f5es de janelas de madeira que unem beleza e funcionalidade\" width=\"1024\" height=\"1024\" title=\"\"><figcaption class=\"wp-caption-text\">60 op\u00e7\u00f5es de janelas de madeira que unem beleza e funcionalidade<\/figcaption><\/figure>\n<p>Para quem preza a privacidade, essas s\u00e3o a pedida. A alegria de poder <b>ajustar a luz<\/b> que entra faz uma enorme diferen\u00e7a, principalmente pela manh\u00e3. Um projeto onde utilizei essas janelas trouxe um ar calmante ao ambiente.<\/p>\n<h2>4. Aplica\u00e7\u00f5es em Diferentes Ambientes<\/h2>\n<h3>4.1 Janelas de Madeira para a Sala<\/h3>\n<figure style=\"width: 1024px\" class=\"wp-caption aligncenter\"><img decoding=\"async\" src=\"https:\/\/www.aarquiteta.com.br\/blog\/wp-content\/uploads\/2024\/11\/janelas-de-madeira-2-730x912.jpg\" alt=\"SHINAGAWA ARQUITETURA\" title=\"\"><figcaption class=\"wp-caption-text\">SHINAGAWA ARQUITETURA<\/figcaption><\/figure>\n<p>Na sala, <b>as janelas de madeira n\u00e3o s\u00f3 embelezam<\/b>, mas tamb\u00e9m podem ser o elemento que agrega valor ao espa\u00e7o. Um c\u00f4modo iluminado e arejado se transforma em um convite para receber amigos.<\/p>\n<h3>4.2 Janelas de Madeira para o Quarto<\/h3>\n<figure style=\"width: 1024px\" class=\"wp-caption aligncenter\"><img decoding=\"async\" src=\"https:\/\/www.aarquiteta.com.br\/blog\/wp-content\/uploads\/2024\/11\/janelas-de-madeira4.jpg\" alt=\"60 op\u00e7\u00f5es de janelas de madeira que unem beleza e funcionalidade\" width=\"1024\" height=\"1024\" title=\"\"><figcaption class=\"wp-caption-text\">60 op\u00e7\u00f5es de janelas de madeira que unem beleza e funcionalidade<\/figcaption><\/figure>\n<p>O quarto merece um toque especial, n\u00e3o \u00e9 mesmo? O uso de janelas de madeira pode <b>garantir um ambiente acolhedor<\/b>, ideal para relaxar ao final do dia. Recentemente, projetei uma su\u00edte que deixou todos os visitantes impressionados.<\/p>\n<h3>4.3 Janelas de Madeira para a Cozinha<\/h3>\n<figure style=\"width: 1024px\" class=\"wp-caption aligncenter\"><img decoding=\"async\" src=\"https:\/\/www.aarquiteta.com.br\/blog\/wp-content\/uploads\/2024\/11\/janelas-de-madeira-3-730x487.jpg\" alt=\"Felipe Hess Arquitetos\" title=\"\"><figcaption class=\"wp-caption-text\">Felipe Hess Arquitetos<\/figcaption><\/figure>\n<p>Se tem um lugar onde eu amo usar janelas de madeira \u00e9 na cozinha! <b>Elas trazem luz natural<\/b>, essencial na prepara\u00e7\u00e3o dos pratos. Gosto de projetar para que a madeira combine com outros elementos da decora\u00e7\u00e3o da cozinha, criando um visual harm\u00f4nico.<\/p>\n<h3>4.4 Janelas de Madeira para o Banheiro<\/h3>\n<p><iframe title=\"YouTube video player\" src=\"https:\/\/www.youtube.com\/embed\/\" width=\"560\" height=\"315\" frameborder=\"0\" allowfullscreen=\"allowfullscreen\"><\/iframe><\/p>\n<p>Parece que banheiros n\u00e3o precisam de muita aten\u00e7\u00e3o, n\u00e9? Mas a verdade \u00e9 que janelas de madeira podem <b>garantir a ventila\u00e7\u00e3o<\/b> que esse ambiente precisa. A luz suave \u00e9 uma maravilha, principalmente para aqueles banhos relaxantes.<\/p>\n<h2>5. Tend\u00eancias em Janelas de Madeira<\/h2>\n<p>Manter-se atualizado \u00e9 fundamental. As <b>tend\u00eancias atuais<\/b> mostram uma busca por designs que enfatizam a sustentabilidade. A jun\u00e7\u00e3o da madeira com vidro \u00e9 uma combina\u00e7\u00e3o que faz qualquer arquiteto se emocionar.<\/p>\n<h2>6. Considera\u00e7\u00f5es Finais<\/h2>\n<p>Em suma, as janelas de madeira s\u00e3o uma j\u00f3ia que combina <b>beleza e funcionalidade<\/b>. Ao optar por esse material, voc\u00ea n\u00e3o est\u00e1 apenas investindo em est\u00e9tica, mas tamb\u00e9m criando um cen\u00e1rio acolhedor e longevo para seu lar.<\/p>\n<p><\/body><\/p>\n<figure style=\"width: 1024px\" class=\"wp-caption aligncenter\"><img decoding=\"async\" src=\"https:\/\/www.aarquiteta.com.br\/blog\/wp-content\/uploads\/2024\/11\/janelas-de-madeira-6-730x858.jpg\" alt=\"GOAA Arquitetura | Compre similar no Shoptime\" title=\"\"><figcaption class=\"wp-caption-text\">GOAA Arquitetura | Compre similar no Shoptime<\/figcaption><\/figure>\n","protected":false},"excerpt":{"rendered":"<p>Descubra 60 op\u00e7\u00f5es de janelas de madeira que aliam beleza e funcionalidade para transformar sua casa.<\/p>\n","protected":false},"author":102,"featured_media":134235,"comment_status":"closed","ping_status":"closed","sticky":false,"template":"","format":"standard","meta":{"footnotes":""},"categories":[1507,249],"tags":[],"class_list":["post-134242","post","type-post","status-publish","format-standard","has-post-thumbnail","category-arquitetura","category-engenharia-e-construcao-civil"],"_wp_attached_file":null,"_wp_attachment_metadata":null,"_wp_attachment_context":null,"_wp_attachment_is_custom_header":null,"geo_longitude":null,"geo_public":null,"geo_latitude":null,"_publicize_done_external":null,"_wpas_done_3897181":null,"publicize_twitter_user":null,"_wpas_done_3897175":null,"_wpas_skip_3897181":null,"_wpas_skip_3897175":null,"_wpas_skip_3924723":null,"_wpas_mess":null,"_wpas_done_3924723":null,"wps_subtitle":"","_links":{"self":[{"href":"https:\/\/www.aarquiteta.com.br\/blog\/wp-json\/wp\/v2\/posts\/134242","targetHints":{"allow":["GET"]}}],"collection":[{"href":"https:\/\/www.aarquiteta.com.br\/blog\/wp-json\/wp\/v2\/posts"}],"about":[{"href":"https:\/\/www.aarquiteta.com.br\/blog\/wp-json\/wp\/v2\/types\/post"}],"author":[{"embeddable":true,"href":"https:\/\/www.aarquiteta.com.br\/blog\/wp-json\/wp\/v2\/users\/102"}],"replies":[{"embeddable":true,"href":"https:\/\/www.aarquiteta.com.br\/blog\/wp-json\/wp\/v2\/comments?post=134242"}],"version-history":[{"count":0,"href":"https:\/\/www.aarquiteta.com.br\/blog\/wp-json\/wp\/v2\/posts\/134242\/revisions"}],"wp:featuredmedia":[{"embeddable":true,"href":"https:\/\/www.aarquiteta.com.br\/blog\/wp-json\/wp\/v2\/media\/134235"}],"wp:attachment":[{"href":"https:\/\/www.aarquiteta.com.br\/blog\/wp-json\/wp\/v2\/media?parent=134242"}],"wp:term":[{"taxonomy":"category","embeddable":true,"href":"https:\/\/www.aarquiteta.com.br\/blog\/wp-json\/wp\/v2\/categories?post=134242"},{"taxonomy":"post_tag","embeddable":true,"href":"https:\/\/www.aarquiteta.com.br\/blog\/wp-json\/wp\/v2\/tags?post=134242"}],"curies":[{"name":"wp","href":"https:\/\/api.w.org\/{rel}","templated":true}]}}