{"id":134216,"date":"2024-11-05T12:53:52","date_gmt":"2024-11-05T15:53:52","guid":{"rendered":"https:\/\/www.aarquiteta.com.br\/blog\/prateleiras-nicho-7-ideias-exibir-decoracao-sala-estar\/"},"modified":"2024-11-05T12:53:52","modified_gmt":"2024-11-05T15:53:52","slug":"prateleiras-nicho-7-ideias-exibir-decoracao-sala-estar","status":"publish","type":"post","link":"https:\/\/www.aarquiteta.com.br\/blog\/prateleiras-nicho-7-ideias-exibir-decoracao-sala-estar\/","title":{"rendered":"Prateleiras de Nicho: 7 Ideias para Exibir Decora\u00e7\u00e3o na Sala de Estar"},"content":{"rendered":"<p><body><\/p>\n<p>As prateleiras de nicho s\u00e3o uma solu\u00e7\u00e3o pr\u00e1tica e estilosa para exibir sua decora\u00e7\u00e3o na sala de estar. Neste artigo, apresentamos 7 ideias criativas que v\u00e3o transformar seu espa\u00e7o, unindo funcionalidade e est\u00e9tica.<\/p>\n<h2>Destaques principais<\/h2>\n<ul>\n<li><b>Prateleiras Flutuantes:<\/b> Descubra como essas prateleiras podem criar um efeito visual leve e moderno em sua sala.<\/li>\n<li><b>Nichos Geom\u00e9tricos:<\/b> Aprenda a usar formas e cores para dar um toque contempor\u00e2neo \u00e0 sua decora\u00e7\u00e3o.<\/li>\n<li><b>Materiais Sustent\u00e1veis:<\/b> Conhe\u00e7a as vantagens de optar por nichos feitos com materiais ecol\u00f3gicos e como isso pode impactar seu ambiente.<\/li>\n<\/ul>\n<h2>1. Prateleiras de Nicho Flutuantes<\/h2>\n<p>As <b>prateleiras flutuantes<\/b> s\u00e3o uma tend\u00eancia que n\u00e3o sai de moda. Elas criam a ilus\u00e3o de que est\u00e3o suspensas na parede, proporcionando um visual clean e moderno. Al\u00e9m disso, s\u00e3o \u00f3timas para otimizar espa\u00e7os pequenos.<\/p>\n<h3>Vantagens das Prateleiras Flutuantes<\/h3>\n<figure style=\"width: 1024px\" class=\"wp-caption aligncenter\"><img decoding=\"async\" src=\"https:\/\/www.aarquiteta.com.br\/blog\/wp-content\/uploads\/2024\/11\/prateleiras-nicho-7-ideias-exibir-decoracao-sala-estar04.jpg\" alt=\"Prateleiras de Nicho: 7 Ideias para Exibir Decora\u00e7\u00e3o na Sala de Estar\" width=\"1024\" height=\"1024\" title=\"\"><figcaption class=\"wp-caption-text\">Prateleiras de Nicho: 7 Ideias para Exibir Decora\u00e7\u00e3o na Sala de Estar<\/figcaption><\/figure>\n<p>Uma das principais vantagens \u00e9 a <b>versatilidade<\/b>. Elas podem ser instaladas em qualquer lugar, desde a sala de estar at\u00e9 o quarto. Outro ponto positivo \u00e9 que, por n\u00e3o terem suportes vis\u00edveis, elas ajudam a manter a <b>limpeza visual<\/b> do ambiente.<\/p>\n<h3>Como Instalar Corretamente<\/h3>\n<figure style=\"width: 1024px\" class=\"wp-caption aligncenter\"><img decoding=\"async\" src=\"https:\/\/www.aarquiteta.com.br\/blog\/wp-content\/uploads\/2024\/11\/prateleiras-nicho-7-ideias-exibir-decoracao-sala-estar03.jpg\" alt=\"Prateleiras de Nicho: 7 Ideias para Exibir Decora\u00e7\u00e3o na Sala de Estar\" width=\"1024\" height=\"1024\" title=\"\"><figcaption class=\"wp-caption-text\">Prateleiras de Nicho: 7 Ideias para Exibir Decora\u00e7\u00e3o na Sala de Estar<\/figcaption><\/figure>\n<p>Para garantir a seguran\u00e7a e a durabilidade, \u00e9 essencial seguir algumas etapas. Primeiro, escolha um local adequado e use um n\u00edvel para garantir que a prateleira fique reta. Em seguida, fixe-a na parede com <b>parafusos adequados<\/b> e, se necess\u00e1rio, use buchas para maior suporte.<\/p>\n<h2>2. Nichos em Formato Geom\u00e9trico<\/h2>\n<p>Os <b>nichos geom\u00e9tricos<\/b> s\u00e3o uma maneira divertida de adicionar um toque moderno \u00e0 sua decora\u00e7\u00e3o. Eles podem ser encontrados em diversas formas, como tri\u00e2ngulos, hex\u00e1gonos e quadrados, e podem ser combinados de v\u00e1rias maneiras.<\/p>\n<h3>Estilo Moderno e Sofisticado<\/h3>\n<figure style=\"width: 1024px\" class=\"wp-caption aligncenter\"><img decoding=\"async\" src=\"https:\/\/www.aarquiteta.com.br\/blog\/wp-content\/uploads\/2024\/11\/prateleiras-nicho-7-ideias-exibir-decoracao-sala-estar02.jpg\" alt=\"Prateleiras de Nicho: 7 Ideias para Exibir Decora\u00e7\u00e3o na Sala de Estar\" width=\"1024\" height=\"1024\" title=\"\"><figcaption class=\"wp-caption-text\">Prateleiras de Nicho: 7 Ideias para Exibir Decora\u00e7\u00e3o na Sala de Estar<\/figcaption><\/figure>\n<p>Esses nichos trazem um ar de <b>sofistica\u00e7\u00e3o<\/b> ao ambiente. Ao escolher um design geom\u00e9trico, voc\u00ea pode criar um ponto focal interessante na sala, que certamente chamar\u00e1 a aten\u00e7\u00e3o dos visitantes.<\/p>\n<h3>Combina\u00e7\u00f5es de Cores e Materiais<\/h3>\n<figure style=\"width: 1024px\" class=\"wp-caption aligncenter\"><img decoding=\"async\" src=\"https:\/\/www.aarquiteta.com.br\/blog\/wp-content\/uploads\/2024\/11\/prateleiras-nicho-7-ideias-exibir-decoracao-sala-estar01.jpg\" alt=\"Prateleiras de Nicho: 7 Ideias para Exibir Decora\u00e7\u00e3o na Sala de Estar\" width=\"1024\" height=\"1024\" title=\"\"><figcaption class=\"wp-caption-text\">Prateleiras de Nicho: 7 Ideias para Exibir Decora\u00e7\u00e3o na Sala de Estar<\/figcaption><\/figure>\n<p>Brinque com <b>cores e texturas<\/b> para dar vida aos nichos. Materiais como madeira, metal e vidro podem ser combinados para criar um visual \u00fanico e personalizado.<\/p>\n<h2>3. Prateleiras de Nicho com Ilumina\u00e7\u00e3o Embutida<\/h2>\n<p>Adicionar <b>ilumina\u00e7\u00e3o embutida<\/b> aos nichos \u00e9 uma maneira incr\u00edvel de destacar objetos decorativos. A luz suave cria um ambiente acolhedor e real\u00e7a a beleza dos itens expostos.<\/p>\n<h3>Tipos de Ilumina\u00e7\u00e3o para Nichos<\/h3>\n<p>Voc\u00ea pode optar por fitas de LED, spots ou at\u00e9 mesmo luzes embutidas. O importante \u00e9 escolher uma ilumina\u00e7\u00e3o que complemente a <b>decora\u00e7\u00e3o<\/b> e n\u00e3o a ofusque.<\/p>\n<h3>Impacto Visual na Decora\u00e7\u00e3o<\/h3>\n<h3>Assista agora a minha recomenda\u00e7\u00e3o de video abaixo sobre o tema que estamos tratando neste artigo: <\/h3>\n<p>https:\/\/www.youtube.com\/watch?v=<\/p>\n<p>A ilumina\u00e7\u00e3o n\u00e3o s\u00f3 destaca os objetos, mas tamb\u00e9m transforma o ambiente. Um nicho iluminado pode se tornar o <b>ponto central<\/b> da sala, atraindo olhares e criando uma atmosfera convidativa.<\/p>\n<h2>4. Nichos para Livros e Objetos Decorativos<\/h2>\n<p>Os nichos s\u00e3o perfeitos para organizar <b>livros<\/b> e objetos decorativos. Eles ajudam a manter a sala arrumada e ainda permitem que voc\u00ea exiba suas cole\u00e7\u00f5es de forma estilosa.<\/p>\n<h3>Organiza\u00e7\u00e3o e Estilo<\/h3>\n<p>Ao organizar os itens, pense na <b>harmonia<\/b> das cores e formas. Misturar livros com objetos decorativos pode criar um visual din\u00e2mico e interessante.<\/p>\n<h3>Como Escolher os Itens para Exibir<\/h3>\n<p>Escolha itens que tenham um significado especial para voc\u00ea. Isso n\u00e3o s\u00f3 personaliza o espa\u00e7o, mas tamb\u00e9m conta uma <b>hist\u00f3ria<\/b> sobre quem voc\u00ea \u00e9.<\/p>\n<h2>5. Prateleiras de Nicho em Diferentes Alturas<\/h2>\n<p>Brincar com a <b>altura<\/b> das prateleiras pode criar um efeito visual incr\u00edvel. Nichos em diferentes n\u00edveis trazem movimento e dinamismo ao ambiente.<\/p>\n<h3>Cria\u00e7\u00e3o de N\u00edveis na Decora\u00e7\u00e3o<\/h3>\n<p>Ao variar as alturas, voc\u00ea pode criar uma sensa\u00e7\u00e3o de <b>profundidade<\/b> e interesse visual. Isso \u00e9 especialmente eficaz em salas de estar maiores.<\/p>\n<h3>Equil\u00edbrio e Harmonia no Ambiente<\/h3>\n<p>\u00c9 importante manter um <b>equil\u00edbrio<\/b> visual. Evite sobrecarregar um lado da prateleira, garantindo que a distribui\u00e7\u00e3o dos itens seja harmoniosa.<\/p>\n<h2>6. Nichos Personalizados com Materiais Sustent\u00e1veis<\/h2>\n<p>Optar por <b>materiais sustent\u00e1veis<\/b> \u00e9 uma escolha consciente e moderna. Nichos feitos de madeira reciclada ou outros materiais ecol\u00f3gicos s\u00e3o uma excelente op\u00e7\u00e3o para quem se preocupa com o meio ambiente.<\/p>\n<h3>Benef\u00edcios do Uso de Materiais Ecol\u00f3gicos<\/h3>\n<p>Al\u00e9m de serem mais amig\u00e1veis ao meio ambiente, esses materiais costumam ter um <b>design \u00fanico<\/b> e podem adicionar um charme especial \u00e0 sua decora\u00e7\u00e3o.<\/p>\n<h3>Ideias de DIY para Nichos Sustent\u00e1veis<\/h3>\n<p><\/body><\/p>\n","protected":false},"excerpt":{"rendered":"<p>Exiba decora\u00e7\u00e3o na sala de estar com 7 ideias de prateleiras de nicho funcionais e elegantes.<\/p>\n","protected":false},"author":102,"featured_media":134213,"comment_status":"closed","ping_status":"closed","sticky":false,"template":"","format":"standard","meta":{"footnotes":""},"categories":[1484,971,18792,18794],"tags":[],"class_list":["post-134216","post","type-post","status-publish","format-standard","has-post-thumbnail","category-decoracao","category-design-de-interiores","category-decoracao-de-apartamento","category-projetos-de-decoracao-de-casas"],"_wp_attached_file":null,"_wp_attachment_metadata":null,"_wp_attachment_context":null,"_wp_attachment_is_custom_header":null,"geo_longitude":null,"geo_public":null,"geo_latitude":null,"_publicize_done_external":null,"_wpas_done_3897181":null,"publicize_twitter_user":null,"_wpas_done_3897175":null,"_wpas_skip_3897181":null,"_wpas_skip_3897175":null,"_wpas_skip_3924723":null,"_wpas_mess":null,"_wpas_done_3924723":null,"wps_subtitle":"","_links":{"self":[{"href":"https:\/\/www.aarquiteta.com.br\/blog\/wp-json\/wp\/v2\/posts\/134216","targetHints":{"allow":["GET"]}}],"collection":[{"href":"https:\/\/www.aarquiteta.com.br\/blog\/wp-json\/wp\/v2\/posts"}],"about":[{"href":"https:\/\/www.aarquiteta.com.br\/blog\/wp-json\/wp\/v2\/types\/post"}],"author":[{"embeddable":true,"href":"https:\/\/www.aarquiteta.com.br\/blog\/wp-json\/wp\/v2\/users\/102"}],"replies":[{"embeddable":true,"href":"https:\/\/www.aarquiteta.com.br\/blog\/wp-json\/wp\/v2\/comments?post=134216"}],"version-history":[{"count":0,"href":"https:\/\/www.aarquiteta.com.br\/blog\/wp-json\/wp\/v2\/posts\/134216\/revisions"}],"wp:featuredmedia":[{"embeddable":true,"href":"https:\/\/www.aarquiteta.com.br\/blog\/wp-json\/wp\/v2\/media\/134213"}],"wp:attachment":[{"href":"https:\/\/www.aarquiteta.com.br\/blog\/wp-json\/wp\/v2\/media?parent=134216"}],"wp:term":[{"taxonomy":"category","embeddable":true,"href":"https:\/\/www.aarquiteta.com.br\/blog\/wp-json\/wp\/v2\/categories?post=134216"},{"taxonomy":"post_tag","embeddable":true,"href":"https:\/\/www.aarquiteta.com.br\/blog\/wp-json\/wp\/v2\/tags?post=134216"}],"curies":[{"name":"wp","href":"https:\/\/api.w.org\/{rel}","templated":true}]}}