{"id":134134,"date":"2024-11-04T13:48:50","date_gmt":"2024-11-04T16:48:50","guid":{"rendered":"https:\/\/www.aarquiteta.com.br\/blog\/projeto-arquitetonico-sustentavel-praticas-materiais\/"},"modified":"2024-11-04T13:48:50","modified_gmt":"2024-11-04T16:48:50","slug":"projeto-arquitetonico-sustentavel-praticas-materiais","status":"publish","type":"post","link":"https:\/\/www.aarquiteta.com.br\/blog\/projeto-arquitetonico-sustentavel-praticas-materiais\/","title":{"rendered":"Projeto arquitet\u00f4nico sustent\u00e1vel: pr\u00e1ticas e materiais"},"content":{"rendered":"<p><body><\/p>\n<p>Descubra como implementar pr\u00e1ticas e materiais sustent\u00e1veis em projetos arquitet\u00f4nicos, promovendo efici\u00eancia energ\u00e9tica e respeito ao meio ambiente.<\/p>\n<h2>1. O que \u00e9 Arquitetura Sustent\u00e1vel?<\/h2>\n<p>A <b>arquitetura sustent\u00e1vel<\/b> \u00e9 uma abordagem que busca minimizar o impacto ambiental das constru\u00e7\u00f5es, utilizando recursos de forma consciente e promovendo a harmonia entre o ser humano e a natureza. \u00c9 como se cada projeto fosse uma conversa entre o edif\u00edcio e o meio ambiente, onde ambos se respeitam e se beneficiam.<\/p>\n<h2>2. Import\u00e2ncia da Sustentabilidade na Arquitetura<\/h2>\n<p>Nos dias de hoje, a <b>sustentabilidade<\/b> na arquitetura n\u00e3o \u00e9 apenas uma tend\u00eancia, mas uma necessidade. Com as mudan\u00e7as clim\u00e1ticas e a escassez de recursos, \u00e9 fundamental que os arquitetos adotem pr\u00e1ticas que garantam um futuro mais verde. Afinal, quem n\u00e3o gostaria de viver em um lugar que n\u00e3o s\u00f3 \u00e9 bonito, mas tamb\u00e9m cuida do planeta?<\/p>\n<h2>3. Materiais Sustent\u00e1veis para Constru\u00e7\u00e3o<\/h2>\n<p>Escolher os <b>materiais certos<\/b> \u00e9 crucial para um projeto sustent\u00e1vel. Vamos explorar algumas op\u00e7\u00f5es que fazem a diferen\u00e7a.<\/p>\n<h3>3.1. Madeira de Reflorestamento<\/h3>\n<figure style=\"width: 1024px\" class=\"wp-caption aligncenter\"><img decoding=\"async\" src=\"https:\/\/www.aarquiteta.com.br\/blog\/wp-content\/uploads\/2024\/11\/projeto-arquitetonico-sustentavel-praticas-materiais04.jpg\" alt=\"Projeto arquitet\u00f4nico sustent\u00e1vel: pr\u00e1ticas e materiais\" width=\"1024\" height=\"1024\" title=\"\"><figcaption class=\"wp-caption-text\">Projeto arquitet\u00f4nico sustent\u00e1vel: pr\u00e1ticas e materiais<\/figcaption><\/figure>\n<p>A <b>madeira de reflorestamento<\/b> \u00e9 uma alternativa excelente, pois garante que as florestas sejam preservadas enquanto ainda utilizamos esse material t\u00e3o vers\u00e1til. \u00c9 como escolher um presente que, ao inv\u00e9s de ser apenas bonito, tamb\u00e9m faz bem ao planeta.<\/p>\n<h3>3.2. Concreto Ecol\u00f3gico<\/h3>\n<figure style=\"width: 1024px\" class=\"wp-caption aligncenter\"><img decoding=\"async\" src=\"https:\/\/www.aarquiteta.com.br\/blog\/wp-content\/uploads\/2024\/11\/projeto-arquitetonico-sustentavel-praticas-materiais03.jpg\" alt=\"Projeto arquitet\u00f4nico sustent\u00e1vel: pr\u00e1ticas e materiais\" width=\"1024\" height=\"1024\" title=\"\"><figcaption class=\"wp-caption-text\">Projeto arquitet\u00f4nico sustent\u00e1vel: pr\u00e1ticas e materiais<\/figcaption><\/figure>\n<p>O <b>concreto ecol\u00f3gico<\/b> \u00e9 uma inova\u00e7\u00e3o que reduz a emiss\u00e3o de CO2 durante sua produ\u00e7\u00e3o. Ele \u00e9 feito com materiais reciclados e pode ser uma escolha inteligente para quem busca efici\u00eancia e sustentabilidade. Imagine um concreto que, al\u00e9m de resistente, tamb\u00e9m ajuda a limpar o ar!<\/p>\n<h3>3.3. Materiais Reciclados<\/h3>\n<figure style=\"width: 1024px\" class=\"wp-caption aligncenter\"><img decoding=\"async\" src=\"https:\/\/www.aarquiteta.com.br\/blog\/wp-content\/uploads\/2024\/11\/projeto-arquitetonico-sustentavel-praticas-materiais02.jpg\" alt=\"Projeto arquitet\u00f4nico sustent\u00e1vel: pr\u00e1ticas e materiais\" width=\"1024\" height=\"1024\" title=\"\"><figcaption class=\"wp-caption-text\">Projeto arquitet\u00f4nico sustent\u00e1vel: pr\u00e1ticas e materiais<\/figcaption><\/figure>\n<p>Utilizar <b>materiais reciclados<\/b> \u00e9 uma forma de dar uma nova vida a itens que, de outra forma, seriam descartados. Isso n\u00e3o s\u00f3 reduz o desperd\u00edcio, mas tamb\u00e9m traz um charme \u00fanico aos projetos. \u00c9 como transformar lixo em arte!<\/p>\n<h2>4. Pr\u00e1ticas Sustent\u00e1veis no Projeto Arquitet\u00f4nico<\/h2>\n<p>Al\u00e9m dos materiais, as <b>pr\u00e1ticas sustent\u00e1veis<\/b> s\u00e3o essenciais para garantir que o projeto seja realmente eficiente.<\/p>\n<h3>4.1. Aproveitamento da Luz Natural<\/h3>\n<figure style=\"width: 1024px\" class=\"wp-caption aligncenter\"><img decoding=\"async\" src=\"https:\/\/www.aarquiteta.com.br\/blog\/wp-content\/uploads\/2024\/11\/projeto-arquitetonico-sustentavel-praticas-materiais01.jpg\" alt=\"Projeto arquitet\u00f4nico sustent\u00e1vel: pr\u00e1ticas e materiais\" width=\"1024\" height=\"1024\" title=\"\"><figcaption class=\"wp-caption-text\">Projeto arquitet\u00f4nico sustent\u00e1vel: pr\u00e1ticas e materiais<\/figcaption><\/figure>\n<p>Um bom projeto deve aproveitar ao m\u00e1ximo a <b>luz natural<\/b>. Isso n\u00e3o s\u00f3 reduz o consumo de energia, mas tamb\u00e9m cria ambientes mais agrad\u00e1veis e saud\u00e1veis. Quem n\u00e3o ama um espa\u00e7o iluminado pelo sol, n\u00e3o \u00e9 mesmo?<\/p>\n<h3>4.2. Sistemas de Capta\u00e7\u00e3o de \u00c1gua da Chuva<\/h3>\n<p>Implementar <b>sistemas de capta\u00e7\u00e3o de \u00e1gua da chuva<\/b> \u00e9 uma maneira inteligente de economizar \u00e1gua e ainda contribuir para a sustentabilidade. \u00c9 como ter um reservat\u00f3rio de b\u00ean\u00e7\u00e3os que cai do c\u00e9u!<\/p>\n<h2>5. Efici\u00eancia Energ\u00e9tica em Projetos Sustent\u00e1veis<\/h2>\n<p>A <b>efici\u00eancia energ\u00e9tica<\/b> \u00e9 um dos pilares da arquitetura sustent\u00e1vel. Vamos ver algumas solu\u00e7\u00f5es que podem ser aplicadas.<\/p>\n<h3>5.1. Uso de Pain\u00e9is Solares<\/h3>\n<figure id=\"attachment_131809\" aria-describedby=\"caption-attachment-131809\" style=\"width: 1280px\" class=\"wp-caption alignnone\"><a href=\"https:\/\/lp.aarquiteta.com.br\/arqprojetos\/\"><img decoding=\"async\" class=\"Aprenda a desenvolver um Projeto Arquitet\u00f4nico completo. Seja estudante ou profissional formado. Clique na imagem. wp-image-131809 size-full\" title=\"Aprenda a desenvolver um Projeto Arquitet\u00f4nico completo. Seja estudante ou profissional formado. Clique na imagem.\" src=\"https:\/\/www.aarquiteta.com.br\/blog\/wp-content\/uploads\/2024\/09\/banner-curso-blog.jpg\" alt=\"banner curso projeto arquitetonico\" width=\"1280\" height=\"720\" \/><\/a><figcaption id=\"caption-attachment-131809\" class=\"wp-caption-text\">Aprenda a desenvolver um Projeto Arquitet\u00f4nico completo. Seja estudante ou profissional formado. Clique na imagem.<\/figcaption><\/figure>\n<p>Os <b>pain\u00e9is solares<\/b> s\u00e3o uma excelente forma de gerar energia limpa. Eles transformam a luz do sol em eletricidade, reduzindo a depend\u00eancia de fontes n\u00e3o renov\u00e1veis. \u00c9 como ter um pequeno sol em casa, sempre pronto para iluminar e aquecer!<\/p>\n<h3>5.2. Isolamento T\u00e9rmico<\/h3>\n<p>Um bom <b>isolamento t\u00e9rmico<\/b> \u00e9 fundamental para manter a temperatura interna agrad\u00e1vel, reduzindo a necessidade de aquecimento ou resfriamento artificial. Isso n\u00e3o s\u00f3 economiza energia, mas tamb\u00e9m proporciona conforto. \u00c9 como ter um cobertor quentinho em um dia frio!<\/p>\n<h2>6. Exemplos de Projetos Arquitet\u00f4nicos Sustent\u00e1veis<\/h2>\n<p>Existem muitos exemplos inspiradores de <b>projetos sustent\u00e1veis<\/b> ao redor do mundo. Desde edif\u00edcios que se integram \u00e0 paisagem at\u00e9 aqueles que utilizam tecnologias inovadoras, cada um deles mostra que \u00e9 poss\u00edvel construir de forma consciente e respons\u00e1vel.<\/p>\n<h2>Conclus\u00e3o<\/h2>\n<p>Em resumo, a <b>arquitetura sustent\u00e1vel<\/b> \u00e9 uma jornada que todos n\u00f3s devemos embarcar. Ao escolher materiais e pr\u00e1ticas que respeitam o meio ambiente, estamos n\u00e3o apenas construindo edif\u00edcios, mas tamb\u00e9m um futuro melhor para as pr\u00f3ximas gera\u00e7\u00f5es. Vamos juntos transformar nossos projetos em verdadeiros aliados da natureza!<\/p>\n<h2>Destaques principais<\/h2>\n<ul>\n<li><b>Arquitetura Sustent\u00e1vel:<\/b> Uma abordagem que minimiza o impacto ambiental e promove a harmonia com a natureza.<\/li>\n<li><b>Materiais Sustent\u00e1veis:<\/b> A escolha de madeira de reflorestamento, concreto ecol\u00f3gico e materiais reciclados faz toda a diferen\u00e7a.<\/li>\n<li><b>Pr\u00e1ticas Eficientes:<\/b> Aproveitar a luz natural e implementar sistemas de capta\u00e7\u00e3o de \u00e1gua da chuva s\u00e3o essenciais para um projeto sustent\u00e1vel.<\/li>\n<\/ul>\n<p><\/body><\/p>\n<h3>Assista agora a minha recomenda\u00e7\u00e3o de video abaixo sobre o tema que estamos tratando neste artigo:<\/h3>\n<div class=\"youtube-embed\" data-video_id=\"mzt32d5Rbbs\"><iframe title=\"Desenvolva um Projeto Arquitet\u00f4nico PERFEITO em 30 Dias!\" width=\"696\" height=\"392\" src=\"https:\/\/www.youtube.com\/embed\/mzt32d5Rbbs?feature=oembed&#038;enablejsapi=1\" frameborder=\"0\" allow=\"accelerometer; autoplay; clipboard-write; encrypted-media; gyroscope; picture-in-picture; web-share\" referrerpolicy=\"strict-origin-when-cross-origin\" allowfullscreen><\/iframe><\/div>\n","protected":false},"excerpt":{"rendered":"<p>Conhe\u00e7a pr\u00e1ticas e materiais sustent\u00e1veis para desenvolver um projeto arquitet\u00f4nico ecol\u00f3gico e eficiente.<\/p>\n","protected":false},"author":102,"featured_media":134131,"comment_status":"closed","ping_status":"closed","sticky":false,"template":"","format":"standard","meta":{"footnotes":""},"categories":[1507,6,35354,15],"tags":[],"class_list":["post-134134","post","type-post","status-publish","format-standard","has-post-thumbnail","category-arquitetura","category-carreira-de-arquitetura","category-desenvolvimento-de-projetos-de-arquitetura","category-projetos-de-arquitetura-como-fazer"],"_wp_attached_file":null,"_wp_attachment_metadata":null,"_wp_attachment_context":null,"_wp_attachment_is_custom_header":null,"geo_longitude":null,"geo_public":null,"geo_latitude":null,"_publicize_done_external":null,"_wpas_done_3897181":null,"publicize_twitter_user":null,"_wpas_done_3897175":null,"_wpas_skip_3897181":null,"_wpas_skip_3897175":null,"_wpas_skip_3924723":null,"_wpas_mess":null,"_wpas_done_3924723":null,"wps_subtitle":"","_links":{"self":[{"href":"https:\/\/www.aarquiteta.com.br\/blog\/wp-json\/wp\/v2\/posts\/134134","targetHints":{"allow":["GET"]}}],"collection":[{"href":"https:\/\/www.aarquiteta.com.br\/blog\/wp-json\/wp\/v2\/posts"}],"about":[{"href":"https:\/\/www.aarquiteta.com.br\/blog\/wp-json\/wp\/v2\/types\/post"}],"author":[{"embeddable":true,"href":"https:\/\/www.aarquiteta.com.br\/blog\/wp-json\/wp\/v2\/users\/102"}],"replies":[{"embeddable":true,"href":"https:\/\/www.aarquiteta.com.br\/blog\/wp-json\/wp\/v2\/comments?post=134134"}],"version-history":[{"count":0,"href":"https:\/\/www.aarquiteta.com.br\/blog\/wp-json\/wp\/v2\/posts\/134134\/revisions"}],"wp:featuredmedia":[{"embeddable":true,"href":"https:\/\/www.aarquiteta.com.br\/blog\/wp-json\/wp\/v2\/media\/134131"}],"wp:attachment":[{"href":"https:\/\/www.aarquiteta.com.br\/blog\/wp-json\/wp\/v2\/media?parent=134134"}],"wp:term":[{"taxonomy":"category","embeddable":true,"href":"https:\/\/www.aarquiteta.com.br\/blog\/wp-json\/wp\/v2\/categories?post=134134"},{"taxonomy":"post_tag","embeddable":true,"href":"https:\/\/www.aarquiteta.com.br\/blog\/wp-json\/wp\/v2\/tags?post=134134"}],"curies":[{"name":"wp","href":"https:\/\/api.w.org\/{rel}","templated":true}]}}