{"id":134064,"date":"2024-11-03T16:59:36","date_gmt":"2024-11-03T19:59:36","guid":{"rendered":"https:\/\/www.aarquiteta.com.br\/blog\/sofa-sem-braco\/"},"modified":"2024-11-03T16:59:36","modified_gmt":"2024-11-03T19:59:36","slug":"sofa-sem-braco","status":"publish","type":"post","link":"https:\/\/www.aarquiteta.com.br\/blog\/sofa-sem-braco\/","title":{"rendered":"Sof\u00e1 sem bra\u00e7o: otimize seu espa\u00e7o com 10 modelos aconchegantes"},"content":{"rendered":"<p><body><\/p>\n<p>O sof\u00e1 sem bra\u00e7o \u00e9 a pe\u00e7a perfeita para quem busca <b>otimizar espa\u00e7os<\/b> e ao mesmo tempo trazer <b>modernidade<\/b> e <b>conforto<\/b> ao ambiente. Com uma variedade de modelos dispon\u00edveis, essa op\u00e7\u00e3o proporciona <b>versatilidade<\/b> na decora\u00e7\u00e3o, se adaptando facilmente a diferentes estilos e necessidades.<\/p>\n<h2>Introdu\u00e7\u00e3o<\/h2>\n<p>A cada dia que passa, sinto que os espa\u00e7os em nossas casas e apartamentos ficam mais <b>reduzidos<\/b>. Assim, \u00e9 essencial encontrar solu\u00e7\u00f5es que melhorem a funcionalidade e a est\u00e9tica dos ambientes. Neste artigo, vou explorar as vantagens dos sof\u00e1s sem bra\u00e7o, mostrar diferentes estilos e modelos e oferecer dicas que v\u00e3o transformar seu espa\u00e7o.<\/p>\n<h2>1. Vantagens do Sof\u00e1 Sem Bra\u00e7o<\/h2>\n<h3>1.1 Optimaliza\u00e7\u00e3o do Espa\u00e7o<\/h3>\n<figure style=\"width: 1024px\" class=\"wp-caption aligncenter\"><img decoding=\"async\" src=\"https:\/\/www.aarquiteta.com.br\/blog\/wp-content\/uploads\/2024\/11\/sofa-sem-braco-5-1-1076x1200.jpg\" alt=\"Solu\u00e7\u00e3o pr\u00e1tica para a casa com sof\u00e1 sem bra\u00e7o.\" title=\"\"><figcaption class=\"wp-caption-text\">Solu\u00e7\u00e3o pr\u00e1tica para a casa com sof\u00e1 sem bra\u00e7o.<\/figcaption><\/figure>\n<p>Primeiramente, uma das principais <b>vantagens<\/b> do sof\u00e1 sem bra\u00e7o \u00e9 sua capacidade de otimizar o espa\u00e7o. Esse tipo de m\u00f3vel ocupa menos \u00e1rea, permitindo que voc\u00ea tenha mais liberdade de circula\u00e7\u00e3o. Imagine como seria vantajoso poder andar \u00e0 vontade, sem obst\u00e1culos! Isso \u00e9 particularmente \u00fatil para apartamentos pequenos, onde cada metro quadrado conta.<\/p>\n<h3>1.2 Sensa\u00e7\u00e3o de Amplitude<\/h3>\n<figure style=\"width: 1024px\" class=\"wp-caption aligncenter\"><img decoding=\"async\" src=\"https:\/\/www.aarquiteta.com.br\/blog\/wp-content\/uploads\/2024\/11\/sofa-sem-braco01.jpg\" alt=\"Sof\u00e1 sem bra\u00e7o: otimize seu espa\u00e7o com 60 modelos aconchegantes\" width=\"1024\" height=\"1024\" title=\"\"><figcaption class=\"wp-caption-text\">Sof\u00e1 sem bra\u00e7o: otimize seu espa\u00e7o com 60 modelos aconchegantes<\/figcaption><\/figure>\n<p>Al\u00e9m de otimizar, o sof\u00e1 sem bra\u00e7o cria a <b>sensa\u00e7\u00e3o de amplitude<\/b> no ambiente. Ao n\u00e3o ter bra\u00e7os, ele parece flutuar, dando leveza ao espa\u00e7o. \u00c9 como se o m\u00f3vel dissesse: &#8220;Aqui, h\u00e1 espa\u00e7o de sobra para respirar!&#8221; Essa caracter\u00edstica se traduz em ambientes mais abertos e acolhedores, tornando-os agrad\u00e1veis e convidativos.<\/p>\n<h2>2. Estilos de Sof\u00e1 Sem Bra\u00e7o<\/h2>\n<h3>2.1 Modelos para Diferentes Decora\u00e7\u00f5es<\/h3>\n<figure style=\"width: 1024px\" class=\"wp-caption aligncenter\"><img decoding=\"async\" src=\"https:\/\/www.aarquiteta.com.br\/blog\/wp-content\/uploads\/2024\/11\/sofa-sem-braco.webp\" alt=\"Sof\u00e1 sem bra\u00e7o que \u00e9 super aconchegante com toque minimalista.\" title=\"\"><figcaption class=\"wp-caption-text\">Sof\u00e1 sem bra\u00e7o que \u00e9 super aconchegante com toque minimalista.<\/figcaption><\/figure>\n<p>Os sof\u00e1s sem bra\u00e7o v\u00eam em diversos estilos, desde os mais <b>minimalistas<\/b> at\u00e9 os mais extravagantes. Posso garantir que n\u00e3o importa qual seja seu gosto, h\u00e1 um modelo que combina perfeitamente com a sua decora\u00e7\u00e3o. Se voc\u00ea busca um toque moderno, opte por um sof\u00e1 de linhas retas e tecidos neutros. J\u00e1 os mais ousados podem escolher estampas e cores vibrantes que transformam a rotina.<\/p>\n<h3>2.2 Sof\u00e1s Funcionais com Chaise<\/h3>\n<figure style=\"width: 1024px\" class=\"wp-caption aligncenter\"><img decoding=\"async\" src=\"https:\/\/www.aarquiteta.com.br\/blog\/wp-content\/uploads\/2024\/11\/sofa-sem-braco02.jpg\" alt=\"Sof\u00e1 sem bra\u00e7o: otimize seu espa\u00e7o com 60 modelos aconchegantes\" width=\"1024\" height=\"1024\" title=\"\"><figcaption class=\"wp-caption-text\">Sof\u00e1 sem bra\u00e7o: otimize seu espa\u00e7o com 60 modelos aconchegantes<\/figcaption><\/figure>\n<p>Outro modelo que vem fazendo sucesso \u00e9 o sof\u00e1 sem bra\u00e7o com chaise. Esse tipo de sof\u00e1 n\u00e3o \u00e9 apenas um m\u00f3vel, \u00e9 uma verdadeira <b>solu\u00e7\u00e3o funcional<\/b>. Imagine ter uma \u00e1rea dedicada ao descanso, onde voc\u00ea pode relaxar ap\u00f3s um longo dia ou receber amigos. A presen\u00e7a da chaise permite criar um espa\u00e7o aconchegante sem ocupar muito espa\u00e7o.<\/p>\n<h2>3. Sof\u00e1s Sem Bra\u00e7o para Ambientes Espec\u00edficos<\/h2>\n<h3>3.1 Decora\u00e7\u00e3o Infantil<\/h3>\n<figure style=\"width: 1024px\" class=\"wp-caption aligncenter\"><img decoding=\"async\" src=\"https:\/\/www.aarquiteta.com.br\/blog\/wp-content\/uploads\/2024\/11\/sofa-sem-braco-1.webp\" alt=\"O sof\u00e1 ideal deve ter tudo o que voc\u00ea precisa.\" title=\"\"><figcaption class=\"wp-caption-text\">O sof\u00e1 ideal deve ter tudo o que voc\u00ea precisa.<\/figcaption><\/figure>\n<p>Os sof\u00e1s sem bra\u00e7o s\u00e3o ideais para <b>decora\u00e7\u00e3o infantil<\/b>. Eles oferecem seguran\u00e7a \u00e0s crian\u00e7as, evitando batidas e quedas. Um toque de cor e formato divertido podem tornar o espa\u00e7o l\u00fadico e atraente. Garanto que os pequenos v\u00e3o adorar ter um sof\u00e1 que combina com a brincadeira e com a tranquilidade para assistir a um filme.<\/p>\n<h3>3.2 Home Office Convidativo<\/h3>\n<figure style=\"width: 1024px\" class=\"wp-caption aligncenter\"><img decoding=\"async\" src=\"https:\/\/www.aarquiteta.com.br\/blog\/wp-content\/uploads\/2024\/11\/sofa-sem-braco03.jpg\" alt=\"Sof\u00e1 sem bra\u00e7o: otimize seu espa\u00e7o com 60 modelos aconchegantes\" width=\"1024\" height=\"1024\" title=\"\"><figcaption class=\"wp-caption-text\">Sof\u00e1 sem bra\u00e7o: otimize seu espa\u00e7o com 60 modelos aconchegantes<\/figcaption><\/figure>\n<p>Se voc\u00ea tem um <b>home office<\/b> ou um cantinho para trabalhar, um sof\u00e1 sem bra\u00e7o pode ser uma excelente escolha. Ele pode servir tanto para relaxar quanto para receber visitas. Ao incluir um sof\u00e1, voc\u00ea torna o ambiente mais acolhedor e estimula a criatividade. \u00c9 um jeito simples de deixar o espa\u00e7o de trabalho mais agrad\u00e1vel e motivador.<\/p>\n<h2>4. Combina\u00e7\u00f5es de Cores e Estilos<\/h2>\n<h3>4.1 Paletas de Cores Neutras<\/h3>\n<figure style=\"width: 1024px\" class=\"wp-caption aligncenter\"><img decoding=\"async\" src=\"https:\/\/www.aarquiteta.com.br\/blog\/wp-content\/uploads\/2024\/11\/sofa-sem-braco-2.webp\" alt=\"Ambiente confort\u00e1vel com sof\u00e1 sem bra\u00e7o.\" title=\"\"><figcaption class=\"wp-caption-text\">Ambiente confort\u00e1vel com sof\u00e1 sem bra\u00e7o.<\/figcaption><\/figure>\n<p>Ao escolher um sof\u00e1 sem bra\u00e7o, considere uma paleta de cores neutras. Essas cores criam um ambiente <b>harmonioso<\/b> e s\u00e3o super f\u00e1ceis de combinar com outros m\u00f3veis e acess\u00f3rios. \u00c9 como se o sof\u00e1 fosse o cen\u00e1rio perfeito para a decora\u00e7\u00e3o, permitindo que outros elementos se destaquem. O neutro nunca sai de moda!<\/p>\n<h3>4.2 Toques de Cor para Alegrar o Ambiente<\/h3>\n<figure style=\"width: 1024px\" class=\"wp-caption aligncenter\"><img decoding=\"async\" src=\"https:\/\/www.aarquiteta.com.br\/blog\/wp-content\/uploads\/2024\/11\/sofa-sem-braco4.jpg\" alt=\"Sof\u00e1 sem bra\u00e7o: otimize seu espa\u00e7o com 60 modelos aconchegantes\" width=\"1024\" height=\"1024\" title=\"\"><figcaption class=\"wp-caption-text\">Sof\u00e1 sem bra\u00e7o: otimize seu espa\u00e7o com 60 modelos aconchegantes<\/figcaption><\/figure>\n<p>Se voc\u00ea ama cores vibrantes, n\u00e3o hesite em adicionar toques coloridos ao sof\u00e1. Almofadas em tons cheios de vida podem fazer toda a diferen\u00e7a. Um sof\u00e1 mais discreto com almofadas coloridas pode trazer um ar de alegria ao espa\u00e7o. Afinal, o sof\u00e1 \u00e9 um ponto focal na sala e pode refletir sua personalidade.<\/p>\n<h2>5. A Import\u00e2ncia das Almofadas<\/h2>\n<h3>5.1 Estampas e Texturas que Transformam<\/h3>\n<figure style=\"width: 1024px\" class=\"wp-caption aligncenter\"><img decoding=\"async\" src=\"https:\/\/www.aarquiteta.com.br\/blog\/wp-content\/uploads\/2024\/11\/sofa-sem-braco-61.webp\" alt=\"Um bom local para relaxar com sof\u00e1 sem bra\u00e7o.\" title=\"\"><figcaption class=\"wp-caption-text\">Um bom local para relaxar com sof\u00e1 sem bra\u00e7o.<\/figcaption><\/figure>\n<p>As almofadas, em minha opini\u00e3o, s\u00e3o o acess\u00f3rio mais <b>vers\u00e1til<\/b> em um sof\u00e1 sem bra\u00e7o. Elas t\u00eam o poder de transformar completamente o visual do ambiente. Al\u00e9m de oferecerem conforto, as almofadas tamb\u00e9m podem trazer cores, estampas e texturas. \u00cdntimas e divertidas, elas podem compor o cen\u00e1rio desejado, seja ele mais s\u00e9rio ou descontra\u00eddo.<\/p>\n<h2>6. Sof\u00e1 Sem Bra\u00e7o na Sala de Estar<\/h2>\n<h3>6.1 Mobili\u00e1rio Central e Atraente<\/h3>\n<h3>Para se aprofundar mais sobre o tema, veja a minha recomenda\u00e7\u00e3o sobre o tema deste artigo no v\u00eddeo a seguir abaixo:<\/h3>\n<p><iframe title=\"YouTube video player\" src=\"https:\/\/www.youtube.com\/embed\/\" width=\"560\" height=\"315\" frameborder=\"0\" allowfullscreen=\"allowfullscreen\"><\/iframe><\/p>\n<p>Posicionar um sof\u00e1 sem bra\u00e7o no centro da <b>sala de estar<\/b> \u00e9 uma tend\u00eancia que vem crescendo. Ao fazer isso, ele se torna n\u00e3o apenas um m\u00f3vel, mas um meio de intera\u00e7\u00e3o entre as pessoas. \u00c9 como se o sof\u00e1 chamasse a todos para uma conversa ou um momento de descontra\u00e7\u00e3o. \u00c9 uma forma de valorizar o espa\u00e7o, trazendo uni\u00e3o.<\/p>\n<h3>6.2 Criando um Espa\u00e7o de Relaxamento<\/h3>\n<figure style=\"width: 1024px\" class=\"wp-caption aligncenter\"><img decoding=\"async\" src=\"https:\/\/www.aarquiteta.com.br\/blog\/wp-content\/uploads\/2024\/11\/sofa-sem-braco-4.webp\" alt=\"Sof\u00e1 sem bra\u00e7o perfeito para receber amigos.\" title=\"\"><figcaption class=\"wp-caption-text\">Sof\u00e1 sem bra\u00e7o perfeito para receber amigos.<\/figcaption><\/figure>\n<p>Combinado com outras pe\u00e7as como mesas de centro e cadeiras, o sof\u00e1 sem bra\u00e7o tem o potencial de criar um <b>espa\u00e7o de relaxamento<\/b> maravilhoso. Esse espa\u00e7o pode ser utilizado para ler um livro, tomar um caf\u00e9 ou simplesmente jogar conversa fora. Um sof\u00e1 confort\u00e1vel \u00e9 um convite ao descanso, seja ap\u00f3s um dia cansativo ou durante momentos de lazer.<\/p>\n<h2>Conclus\u00e3o<\/h2>\n<p>O sof\u00e1 sem bra\u00e7o \u00e9, sem d\u00favida, um item essencial para quem deseja <b>otimizar<\/b> e embelezar a decora\u00e7\u00e3o do lar. Com suas diversas op\u00e7\u00f5es de modelos e estilos, ele traz <b>conforto<\/b> e eleg\u00e2ncia para qualquer ambiente. Portanto, ao escolher o sof\u00e1 ideal, lembre-se de que ele pode n\u00e3o apenas embelezar seu espa\u00e7o, mas tamb\u00e9m melhorar a conviv\u00eancia e a funcionalidade do dia a dia. Aposte nessa pe\u00e7a e transforme sua casa!<\/p>\n<p><\/body><\/p>\n","protected":false},"excerpt":{"rendered":"<p>Descubra como otimizar seu espa\u00e7o com 60 modelos aconchegantes de sof\u00e1 sem bra\u00e7o. Estilo e conforto para qualquer ambiente!<\/p>\n","protected":false},"author":102,"featured_media":134056,"comment_status":"closed","ping_status":"closed","sticky":false,"template":"","format":"standard","meta":{"footnotes":""},"categories":[1484],"tags":[],"class_list":["post-134064","post","type-post","status-publish","format-standard","has-post-thumbnail","category-decoracao"],"_wp_attached_file":null,"_wp_attachment_metadata":null,"_wp_attachment_context":null,"_wp_attachment_is_custom_header":null,"geo_longitude":null,"geo_public":null,"geo_latitude":null,"_publicize_done_external":null,"_wpas_done_3897181":null,"publicize_twitter_user":null,"_wpas_done_3897175":null,"_wpas_skip_3897181":null,"_wpas_skip_3897175":null,"_wpas_skip_3924723":null,"_wpas_mess":null,"_wpas_done_3924723":null,"wps_subtitle":"","_links":{"self":[{"href":"https:\/\/www.aarquiteta.com.br\/blog\/wp-json\/wp\/v2\/posts\/134064","targetHints":{"allow":["GET"]}}],"collection":[{"href":"https:\/\/www.aarquiteta.com.br\/blog\/wp-json\/wp\/v2\/posts"}],"about":[{"href":"https:\/\/www.aarquiteta.com.br\/blog\/wp-json\/wp\/v2\/types\/post"}],"author":[{"embeddable":true,"href":"https:\/\/www.aarquiteta.com.br\/blog\/wp-json\/wp\/v2\/users\/102"}],"replies":[{"embeddable":true,"href":"https:\/\/www.aarquiteta.com.br\/blog\/wp-json\/wp\/v2\/comments?post=134064"}],"version-history":[{"count":0,"href":"https:\/\/www.aarquiteta.com.br\/blog\/wp-json\/wp\/v2\/posts\/134064\/revisions"}],"wp:featuredmedia":[{"embeddable":true,"href":"https:\/\/www.aarquiteta.com.br\/blog\/wp-json\/wp\/v2\/media\/134056"}],"wp:attachment":[{"href":"https:\/\/www.aarquiteta.com.br\/blog\/wp-json\/wp\/v2\/media?parent=134064"}],"wp:term":[{"taxonomy":"category","embeddable":true,"href":"https:\/\/www.aarquiteta.com.br\/blog\/wp-json\/wp\/v2\/categories?post=134064"},{"taxonomy":"post_tag","embeddable":true,"href":"https:\/\/www.aarquiteta.com.br\/blog\/wp-json\/wp\/v2\/tags?post=134064"}],"curies":[{"name":"wp","href":"https:\/\/api.w.org\/{rel}","templated":true}]}}