{"id":134052,"date":"2024-11-03T15:16:15","date_gmt":"2024-11-03T18:16:15","guid":{"rendered":"https:\/\/www.aarquiteta.com.br\/blog\/iluminacao-led-cozinha-8-dicas-ambiente-funcional\/"},"modified":"2024-11-03T15:16:15","modified_gmt":"2024-11-03T18:16:15","slug":"iluminacao-led-cozinha-8-dicas-ambiente-funcional","status":"publish","type":"post","link":"https:\/\/www.aarquiteta.com.br\/blog\/iluminacao-led-cozinha-8-dicas-ambiente-funcional\/","title":{"rendered":"Ilumina\u00e7\u00e3o LED para Cozinha: 8 Dicas para Um Ambiente Funcional"},"content":{"rendered":"<p><body><\/p>\n<p>A ilumina\u00e7\u00e3o LED \u00e9 uma excelente escolha para cozinhas, pois proporciona efici\u00eancia energ\u00e9tica, durabilidade e uma variedade de op\u00e7\u00f5es de design. Descubra como transformar sua cozinha em um ambiente funcional e acolhedor com nossas 8 dicas pr\u00e1ticas.<\/p>\n<h2>Destaques principais<\/h2>\n<ul>\n<li><b>Temperatura de Cor:<\/b> A escolha da temperatura de cor ideal pode influenciar a atmosfera da sua cozinha, tornando-a mais acolhedora ou energizante.<\/li>\n<li><b>Ilumina\u00e7\u00e3o Direcionada:<\/b> Combinar diferentes tipos de ilumina\u00e7\u00e3o, como geral e direcionada, melhora a funcionalidade e a est\u00e9tica do espa\u00e7o.<\/li>\n<li><b>Controle de Intensidade:<\/b> Utilizar dimmers permite ajustar a intensidade da luz, criando ambientes variados conforme a necessidade.<\/li>\n<\/ul>\n<h2>Dica 1: Escolha a Temperatura de Cor Ideal<\/h2>\n<h3>Entendendo as Temperaturas de Cor<\/h3>\n<figure style=\"width: 1024px\" class=\"wp-caption aligncenter\"><img decoding=\"async\" src=\"https:\/\/www.aarquiteta.com.br\/blog\/wp-content\/uploads\/2024\/11\/iluminacao-led-cozinha-8-dicas-ambiente-funcional04.jpg\" alt=\"Ilumina\u00e7\u00e3o LED para Cozinha: 8 Dicas para Um Ambiente Funcional\" width=\"1024\" height=\"1024\" title=\"\"><figcaption class=\"wp-caption-text\">Ilumina\u00e7\u00e3o LED para Cozinha: 8 Dicas para Um Ambiente Funcional<\/figcaption><\/figure>\n<p>Quando falamos de <b>temperatura de cor<\/b>, estamos nos referindo \u00e0 tonalidade da luz emitida pelas l\u00e2mpadas. As op\u00e7\u00f5es variam de luz quente (amarelada) a luz fria (azulada). Para cozinhas, uma temperatura entre 3000K e 4000K \u00e9 ideal, pois proporciona um ambiente acolhedor e ao mesmo tempo funcional.<\/p>\n<h3>Impacto na Ambi\u00eancia da Cozinha<\/h3>\n<figure style=\"width: 1024px\" class=\"wp-caption aligncenter\"><img decoding=\"async\" src=\"https:\/\/www.aarquiteta.com.br\/blog\/wp-content\/uploads\/2024\/11\/iluminacao-led-cozinha-8-dicas-ambiente-funcional03.jpg\" alt=\"Ilumina\u00e7\u00e3o LED para Cozinha: 8 Dicas para Um Ambiente Funcional\" width=\"1024\" height=\"1024\" title=\"\"><figcaption class=\"wp-caption-text\">Ilumina\u00e7\u00e3o LED para Cozinha: 8 Dicas para Um Ambiente Funcional<\/figcaption><\/figure>\n<p>A temperatura de cor pode <b>transformar completamente<\/b> a percep\u00e7\u00e3o do espa\u00e7o. Luzes quentes criam um clima mais \u00edntimo, enquanto luzes frias s\u00e3o perfeitas para atividades que exigem mais aten\u00e7\u00e3o, como cozinhar.<\/p>\n<h2>Dica 2: Ilumina\u00e7\u00e3o Geral e Direcionada<\/h2>\n<h3>Combina\u00e7\u00e3o de Luzes para Melhor Funcionalidade<\/h3>\n<figure style=\"width: 1024px\" class=\"wp-caption aligncenter\"><img decoding=\"async\" src=\"https:\/\/www.aarquiteta.com.br\/blog\/wp-content\/uploads\/2024\/11\/iluminacao-led-cozinha-8-dicas-ambiente-funcional02.jpg\" alt=\"Ilumina\u00e7\u00e3o LED para Cozinha: 8 Dicas para Um Ambiente Funcional\" width=\"1024\" height=\"1024\" title=\"\"><figcaption class=\"wp-caption-text\">Ilumina\u00e7\u00e3o LED para Cozinha: 8 Dicas para Um Ambiente Funcional<\/figcaption><\/figure>\n<p>Uma boa ilumina\u00e7\u00e3o deve incluir tanto a <b>ilumina\u00e7\u00e3o geral<\/b> quanto a direcionada. A ilumina\u00e7\u00e3o geral \u00e9 respons\u00e1vel por iluminar todo o ambiente, enquanto a ilumina\u00e7\u00e3o direcionada foca em \u00e1reas espec\u00edficas, como bancadas e fog\u00f5es.<\/p>\n<h3>Exemplos de Ilumina\u00e7\u00e3o Direcionada<\/h3>\n<figure style=\"width: 1024px\" class=\"wp-caption aligncenter\"><img decoding=\"async\" src=\"https:\/\/www.aarquiteta.com.br\/blog\/wp-content\/uploads\/2024\/11\/iluminacao-led-cozinha-8-dicas-ambiente-funcional01.jpg\" alt=\"Ilumina\u00e7\u00e3o LED para Cozinha: 8 Dicas para Um Ambiente Funcional\" width=\"1024\" height=\"1024\" title=\"\"><figcaption class=\"wp-caption-text\">Ilumina\u00e7\u00e3o LED para Cozinha: 8 Dicas para Um Ambiente Funcional<\/figcaption><\/figure>\n<p>Utilizar spots ou trilhos de luz pode ser uma excelente forma de <b>destacar \u00e1reas de trabalho<\/b> na cozinha. Al\u00e9m disso, as luzes sob os arm\u00e1rios s\u00e3o uma \u00f3tima op\u00e7\u00e3o para iluminar superf\u00edcies de preparo.<\/p>\n<h2>Dica 3: Utilize Luzes de Teto e Pendentes<\/h2>\n<h3>Vantagens das Luzes de Teto<\/h3>\n<p>As luzes de teto s\u00e3o essenciais para garantir uma <b>ilumina\u00e7\u00e3o uniforme<\/b> em toda a cozinha. Elas ajudam a eliminar sombras e criam um ambiente mais seguro e agrad\u00e1vel.<\/p>\n<h3>Estilo e Funcionalidade com Pendentes<\/h3>\n<h3>Assista agora a minha recomenda\u00e7\u00e3o de video abaixo sobre o tema que estamos tratando neste artigo: <\/h3>\n<p>https:\/\/www.youtube.com\/watch?v=<\/p>\n<p>Os pendentes, al\u00e9m de funcionais, s\u00e3o uma forma de <b>adicionar estilo<\/b> \u00e0 sua cozinha. Eles podem ser usados sobre ilhas ou mesas, criando um ponto focal interessante.<\/p>\n<h2>Dica 4: Ilumina\u00e7\u00e3o Sob os Arm\u00e1rios<\/h2>\n<h3>Benef\u00edcios da Luz Sob os Arm\u00e1rios<\/h3>\n<p>A ilumina\u00e7\u00e3o sob os arm\u00e1rios \u00e9 uma das melhores maneiras de <b>melhorar a visibilidade<\/b> nas \u00e1reas de trabalho. Isso n\u00e3o s\u00f3 facilita o preparo dos alimentos, mas tamb\u00e9m adiciona um toque moderno ao ambiente.<\/p>\n<h3>Tipos de Lumin\u00e1rias para Esta Aplica\u00e7\u00e3o<\/h3>\n<p>As fitas de LED s\u00e3o uma op\u00e7\u00e3o popular para ilumina\u00e7\u00e3o sob os arm\u00e1rios, pois s\u00e3o discretas e oferecem uma luz suave. Al\u00e9m disso, as l\u00e2mpadas embutidas tamb\u00e9m s\u00e3o uma escolha elegante e funcional.<\/p>\n<h2>Dica 5: Luzes de Destaque para Elementos Decorativos<\/h2>\n<h3>Real\u00e7ando a Decora\u00e7\u00e3o da Cozinha<\/h3>\n<p>Utilizar luzes de destaque pode <b>real\u00e7ar elementos decorativos<\/b> como prateleiras, quadros ou plantas. Isso n\u00e3o s\u00f3 embeleza o espa\u00e7o, mas tamb\u00e9m cria uma atmosfera mais convidativa.<\/p>\n<h3>Como Escolher as Luzes de Destaque<\/h3>\n<p>Ao escolher as luzes de destaque, opte por l\u00e2mpadas que complementem a decora\u00e7\u00e3o existente. Luzes com dimmers s\u00e3o uma \u00f3tima escolha, pois permitem ajustar a intensidade conforme o momento.<\/p>\n<h2>Dica 6: Controle de Intensidade da Luz<\/h2>\n<h3>Import\u00e2ncia do Controle de Intensidade<\/h3>\n<p>O controle de intensidade \u00e9 fundamental para criar diferentes <b>ambientes na cozinha<\/b>. \u00c0s vezes, voc\u00ea pode querer uma luz mais suave para um jantar rom\u00e2ntico, enquanto em outras ocasi\u00f5es, uma luz mais intensa \u00e9 necess\u00e1ria para cozinhar.<\/p>\n<h3>Op\u00e7\u00f5es de Dimmer para Ilumina\u00e7\u00e3o LED<\/h3>\n<p><\/body><\/p>\n","protected":false},"excerpt":{"rendered":"<p>Melhore a funcionalidade da sua cozinha com 8 dicas de ilumina\u00e7\u00e3o LED pr\u00e1ticas e elegantes.<\/p>\n","protected":false},"author":102,"featured_media":134049,"comment_status":"closed","ping_status":"closed","sticky":false,"template":"","format":"standard","meta":{"footnotes":""},"categories":[1484,971,18792,18794],"tags":[],"class_list":["post-134052","post","type-post","status-publish","format-standard","has-post-thumbnail","category-decoracao","category-design-de-interiores","category-decoracao-de-apartamento","category-projetos-de-decoracao-de-casas"],"_wp_attached_file":null,"_wp_attachment_metadata":null,"_wp_attachment_context":null,"_wp_attachment_is_custom_header":null,"geo_longitude":null,"geo_public":null,"geo_latitude":null,"_publicize_done_external":null,"_wpas_done_3897181":null,"publicize_twitter_user":null,"_wpas_done_3897175":null,"_wpas_skip_3897181":null,"_wpas_skip_3897175":null,"_wpas_skip_3924723":null,"_wpas_mess":null,"_wpas_done_3924723":null,"wps_subtitle":"","_links":{"self":[{"href":"https:\/\/www.aarquiteta.com.br\/blog\/wp-json\/wp\/v2\/posts\/134052","targetHints":{"allow":["GET"]}}],"collection":[{"href":"https:\/\/www.aarquiteta.com.br\/blog\/wp-json\/wp\/v2\/posts"}],"about":[{"href":"https:\/\/www.aarquiteta.com.br\/blog\/wp-json\/wp\/v2\/types\/post"}],"author":[{"embeddable":true,"href":"https:\/\/www.aarquiteta.com.br\/blog\/wp-json\/wp\/v2\/users\/102"}],"replies":[{"embeddable":true,"href":"https:\/\/www.aarquiteta.com.br\/blog\/wp-json\/wp\/v2\/comments?post=134052"}],"version-history":[{"count":0,"href":"https:\/\/www.aarquiteta.com.br\/blog\/wp-json\/wp\/v2\/posts\/134052\/revisions"}],"wp:featuredmedia":[{"embeddable":true,"href":"https:\/\/www.aarquiteta.com.br\/blog\/wp-json\/wp\/v2\/media\/134049"}],"wp:attachment":[{"href":"https:\/\/www.aarquiteta.com.br\/blog\/wp-json\/wp\/v2\/media?parent=134052"}],"wp:term":[{"taxonomy":"category","embeddable":true,"href":"https:\/\/www.aarquiteta.com.br\/blog\/wp-json\/wp\/v2\/categories?post=134052"},{"taxonomy":"post_tag","embeddable":true,"href":"https:\/\/www.aarquiteta.com.br\/blog\/wp-json\/wp\/v2\/tags?post=134052"}],"curies":[{"name":"wp","href":"https:\/\/api.w.org\/{rel}","templated":true}]}}