{"id":134033,"date":"2024-11-03T13:44:22","date_gmt":"2024-11-03T16:44:22","guid":{"rendered":"https:\/\/www.aarquiteta.com.br\/blog\/parede-de-pedra-2\/"},"modified":"2024-11-04T10:03:01","modified_gmt":"2024-11-04T13:03:01","slug":"parede-de-pedra-2","status":"publish","type":"post","link":"https:\/\/www.aarquiteta.com.br\/blog\/parede-de-pedra-2\/","title":{"rendered":"10 FOTOS DE PAREDES DE PEDRA QUE TRANSFORMAM SEU AMBIENTE"},"content":{"rendered":"<p><body><\/p>\n<p>A parede de pedra \u00e9 uma excelente escolha para transformar ambientes, trazendo charme, modernidade e resist\u00eancia tanto para \u00e1reas internas quanto externas da sua casa. Aqui voc\u00ea encontrar\u00e1 dicas e inspira\u00e7\u00f5es para apostar nesse revestimento incr\u00edvel!<\/p>\n<h2>Introdu\u00e7\u00e3o<\/h2>\n<p>Entender como a parede de pedra pode impactar a decora\u00e7\u00e3o da sua casa \u00e9 fundamental. Neste artigo, vamos explorar os diferentes aspectos desse revestimento encantador e vers\u00e1til.<\/p>\n<ul>\n<li><b>Estilo e Est\u00e9tica<\/b>: A parede de pedra \u00e9 um elemento que adiciona sofistica\u00e7\u00e3o.<\/li>\n<li><b>Resist\u00eancia e Durabilidade<\/b>: Materiais de qualidade garantem longa vida \u00fatil.<\/li>\n<li><b>Tipos de Pedras<\/b>: Conhe\u00e7a as pedras naturais e sint\u00e9ticas dispon\u00edveis.<\/li>\n<li><b>Aplica\u00e7\u00f5es em Ambientes<\/b>: Explore ideias para interiores e exteriores.<\/li>\n<li><b>Manuten\u00e7\u00e3o<\/b>: Dicas pr\u00e1ticas para conservar a beleza da pedra.<\/li>\n<li><b>Inspira\u00e7\u00f5es de Decora\u00e7\u00e3o<\/b>: Exemplos de como integrar pedras na sua casa.<\/li>\n<\/ul>\n<h2>Benef\u00edcios da Parede de Pedra<\/h2>\n<h3>Estilo e Est\u00e9tica<\/h3>\n<figure style=\"width: 1024px\" class=\"wp-caption aligncenter\"><img decoding=\"async\" src=\"https:\/\/www.aarquiteta.com.br\/blog\/wp-content\/uploads\/2024\/11\/parede-de-pedra01.jpg\" alt=\"60 FOTOS DE PAREDES DE PEDRA QUE TRANSFORMAM SEU AMBIENTE\" width=\"1024\" height=\"1024\" title=\"\"><figcaption class=\"wp-caption-text\">60 FOTOS DE PAREDES DE PEDRA QUE TRANSFORMAM SEU AMBIENTE<\/figcaption><\/figure>\n<p>Vamos ser sinceros, a <b>parede de pedra<\/b> traz um ar de sofistica\u00e7\u00e3o que poucos materiais conseguem. Imagina voc\u00ea entrando numa sala com uma parede de pedra r\u00fastica e aconchegante! Ela pode facilmente se tornar o ponto focal de qualquer ambiente. \u00c9 quase como se as pedras contassem a hist\u00f3ria de quem vive ali, n\u00e3o acham?<\/p>\n<h3>Resist\u00eancia e Durabilidade<\/h3>\n<figure style=\"width: 1024px\" class=\"wp-caption aligncenter\"><img decoding=\"async\" src=\"https:\/\/www.aarquiteta.com.br\/blog\/wp-content\/uploads\/2024\/11\/parede-de-pedra-1-730x424.webp\" alt=\"A aplica\u00e7\u00e3o em formato de mosaico fica descontra\u00edda e garante um toque moderno para o ambiente.\" title=\"\"><figcaption class=\"wp-caption-text\">A aplica\u00e7\u00e3o em formato de mosaico fica descontra\u00edda e garante um toque moderno para o ambiente.<\/figcaption><\/figure>\n<p>Outra grande vantagem das paredes de pedra \u00e9 sua <b>durabilidade<\/b>. Ao contr\u00e1rio de certos materiais que precisam de constantes reformas, a parede de pedra resiste ao tempo e \u00e0s intemp\u00e9ries. Em \u00e1reas externas, especialmente em locais com varia\u00e7\u00f5es clim\u00e1ticas, \u00e9 uma escolha certeira. Pense bem, quem n\u00e3o quer um revestimento que dure at\u00e9 mais do que a decora\u00e7\u00e3o da casa?<\/p>\n<h2>Tipos de Pedras para Revestimento<\/h2>\n<h3>Pedras Naturais<\/h3>\n<figure style=\"width: 1024px\" class=\"wp-caption aligncenter\"><img decoding=\"async\" src=\"https:\/\/www.aarquiteta.com.br\/blog\/wp-content\/uploads\/2024\/11\/parede-de-pedra-0.webp\" alt=\"A parede de pedra pode transformar qualquer ambiente, seja ele interno, como a sala de estar, ou externo como o jardim. Al\u00e9m de garantir um toque r\u00fastico para a decora\u00e7\u00e3o, esse \u00e9 um material resistente.\" title=\"\"><figcaption class=\"wp-caption-text\">A parede de pedra pode transformar qualquer ambiente, seja ele interno, como a sala de estar, ou externo como o jardim. Al\u00e9m de garantir um toque r\u00fastico para a decora\u00e7\u00e3o, esse \u00e9 um material resistente.<\/figcaption><\/figure>\n<p>As <b>pedras naturais<\/b> possuem caracter\u00edsticas \u00fanicas que as tornam ideais para diferentes estilos de decora\u00e7\u00e3o. Elas podem variar em textura, cor e formato, possibilitando diversas combina\u00e7\u00f5es que v\u00e3o desde o rustico at\u00e9 o contempor\u00e2neo. As mais comuns s\u00e3o a granito e m\u00e1rmore, cada uma trazendo um charme especial, como um bom vinho com a refei\u00e7\u00e3o.<\/p>\n<h3>Pedras Falsas<\/h3>\n<figure style=\"width: 1024px\" class=\"wp-caption aligncenter\"><img decoding=\"async\" src=\"https:\/\/www.aarquiteta.com.br\/blog\/wp-content\/uploads\/2024\/11\/parede-de-pedra02.jpg\" alt=\"60 FOTOS DE PAREDES DE PEDRA QUE TRANSFORMAM SEU AMBIENTE\" width=\"1024\" height=\"1024\" title=\"\"><figcaption class=\"wp-caption-text\">60 FOTOS DE PAREDES DE PEDRA QUE TRANSFORMAM SEU AMBIENTE<\/figcaption><\/figure>\n<p>Agora, se a grana t\u00e1 curta, as <b>pedras falsas<\/b> s\u00e3o uma op\u00e7\u00e3o acess\u00edvel e pr\u00e1tica. Usando revestimentos em poliuretano ou argamassa, voc\u00ea consegue o mesmo efeito visual de uma parede de pedra com um custo menor. Sem contar que a instala\u00e7\u00e3o \u00e9 super f\u00e1cil e r\u00e1pida, ideal para quem quer mudar a cara da casa sem dor de cabe\u00e7a.<\/p>\n<h2>Aplica\u00e7\u00f5es em Diferentes Ambientes<\/h2>\n<h3>Ambientes Internos<\/h3>\n<figure style=\"width: 1024px\" class=\"wp-caption aligncenter\"><img decoding=\"async\" src=\"https:\/\/www.aarquiteta.com.br\/blog\/wp-content\/uploads\/2024\/11\/pedra-ferro-00-1-286x160.jpg\" alt=\"Vers\u00e1til, a parede de pedra d\u00e1 um toque de charme surpreendente para a decora\u00e7\u00e3o.\" title=\"\"><figcaption class=\"wp-caption-text\">Vers\u00e1til, a parede de pedra d\u00e1 um toque de charme surpreendente para a decora\u00e7\u00e3o.<\/figcaption><\/figure>\n<p>As paredes de pedra s\u00e3o vers\u00e1teis, podendo ser aplicadas em <b>salas, quartos e banheiros<\/b>. Imagine uma sala de estar com uma parede de pedra que traz charme e aconchego, perfeita para receber os amigos ou aquela visita inesperada. Para os banheiros, uma parede de pedra n\u00e3o s\u00f3 adiciona beleza, mas tamb\u00e9m \u00e9 resistente \u00e0 umidade. Dif\u00edcil achar uma combina\u00e7\u00e3o melhor!<\/p>\n<h3>Ambientes Externos<\/h3>\n<figure style=\"width: 1024px\" class=\"wp-caption aligncenter\"><img decoding=\"async\" src=\"https:\/\/www.aarquiteta.com.br\/blog\/wp-content\/uploads\/2024\/11\/parede-de-pedra03.jpg\" alt=\"60 FOTOS DE PAREDES DE PEDRA QUE TRANSFORMAM SEU AMBIENTE\" width=\"1024\" height=\"1024\" title=\"\"><figcaption class=\"wp-caption-text\">60 FOTOS DE PAREDES DE PEDRA QUE TRANSFORMAM SEU AMBIENTE<\/figcaption><\/figure>\n<p>Se voc\u00ea deseja dar um toque especial ao seu jardim ou fachada, as <b>paredes de pedra<\/b> s\u00e3o excelentes op\u00e7\u00f5es. Elas podem ser combinadas com plantas para criar um ambiente harmonioso e acolhedor. Pense em uma fachada imponente de pedra que chame a aten\u00e7\u00e3o dos vizinhos! Quem n\u00e3o gostaria de ter a casa mais bonita do quarteir\u00e3o?<\/p>\n<h2>Cuidados e Manuten\u00e7\u00e3o<\/h2>\n<p>N\u00e3o adianta ter uma parede incr\u00edvel se voc\u00ea n\u00e3o cuida dela, n\u00e9? Para manter a beleza das <b>paredes de pedra<\/b>, \u00e9 fundamental realizar limpezas regulares e aplicar produtos espec\u00edficos que ajudem na preserva\u00e7\u00e3o. Com cuidados simples, sua parede pode permanecer linda como no primeiro dia.<\/p>\n<h2>Inspira\u00e7\u00f5es e Ideias de Decora\u00e7\u00e3o<\/h2>\n<p>Quando se trata de <b>decora\u00e7\u00e3o<\/b>, a parede de pedra \u00e9 como uma lousa em branco, pronta para ganhar vida. Voc\u00ea pode optar por ilumina\u00e7\u00e3o direta, quadros ou at\u00e9 mesmo combinar com m\u00f3veis de madeira para um estilo r\u00fastico. \u00c9 s\u00f3 usar a criatividade! Cada parede conta uma hist\u00f3ria, e a sua pode ser a mais linda, cheia de vida e personalidade.<\/p>\n<h2>Conclus\u00e3o<\/h2>\n<p>Aparecer com uma <b>parede de pedra<\/b> pode n\u00e3o apenas real\u00e7ar a beleza da sua casa, mas tamb\u00e9m facilitar a manuten\u00e7\u00e3o e garantir durabilidade. Afinal, quem n\u00e3o gostaria de ter um espa\u00e7o que une charme, resist\u00eancia e sofistica\u00e7\u00e3o? Invista nesse encanto natural e transforme seus ambientes com uma obra-prima que sua casa merece!<\/p>\n<p><\/body><br \/>\n<figure style=\"width: 1024px\" class=\"wp-caption aligncenter\"><img decoding=\"async\" src=\"https:\/\/www.aarquiteta.com.br\/blog\/wp-content\/uploads\/2024\/11\/pedra-miracema-capa-1-286x160.webp\" alt=\"Combinando a pedra madeira com os tons da decora\u00e7\u00e3o cria um efeito de destaque.\" title=\"\"><figcaption class=\"wp-caption-text\">Combinando a pedra madeira com os tons da decora\u00e7\u00e3o cria um efeito de destaque.<\/figcaption><\/figure>\n<figure style=\"width: 1024px\" class=\"wp-caption aligncenter\"><img decoding=\"async\" src=\"https:\/\/www.aarquiteta.com.br\/blog\/wp-content\/uploads\/2024\/11\/parede-de-pedra4.jpg\" alt=\"60 FOTOS DE PAREDES DE PEDRA QUE TRANSFORMAM SEU AMBIENTE\" width=\"1024\" height=\"1024\" title=\"\"><figcaption class=\"wp-caption-text\">60 FOTOS DE PAREDES DE PEDRA QUE TRANSFORMAM SEU AMBIENTE<\/figcaption><\/figure>\n<figure style=\"width: 1024px\" class=\"wp-caption aligncenter\"><img decoding=\"async\" src=\"https:\/\/www.aarquiteta.com.br\/blog\/wp-content\/uploads\/2024\/11\/fachadas-de-casas-modernas-0-286x160.jpg\" alt=\"As cores mais claras garantem leveza para o ambiente.\" title=\"\"><figcaption class=\"wp-caption-text\">As cores mais claras garantem leveza para o ambiente.<\/figcaption><\/figure>\n<p><iframe title=\"YouTube video player\" src=\"https:\/\/www.youtube.com\/embed\/\" width=\"560\" height=\"315\" frameborder=\"0\" allowfullscreen=\"allowfullscreen\"><\/iframe><\/p>\n<figure style=\"width: 1024px\" class=\"wp-caption aligncenter\"><img decoding=\"async\" src=\"https:\/\/www.aarquiteta.com.br\/blog\/wp-content\/uploads\/2024\/11\/parede-de-pedra-2-730x548.webp\" alt=\"A aplica\u00e7\u00e3o de pedra no banheiro \u00e9 uma excelente escolha devido \u00e0 sua resist\u00eancia \u00e0 \u00e1gua.\" title=\"\"><figcaption class=\"wp-caption-text\">A aplica\u00e7\u00e3o de pedra no banheiro \u00e9 uma excelente escolha devido \u00e0 sua resist\u00eancia \u00e0 \u00e1gua.<\/figcaption><\/figure>\n","protected":false},"excerpt":{"rendered":"<p>Explore 60 fotos de paredes de pedra que dar\u00e3o um toque moderno e r\u00fastico ao seu espa\u00e7o, harmonizando ambientes internos e externos.<\/p>\n","protected":false},"author":102,"featured_media":134026,"comment_status":"closed","ping_status":"closed","sticky":false,"template":"","format":"standard","meta":{"footnotes":""},"categories":[1507,249],"tags":[],"class_list":["post-134033","post","type-post","status-publish","format-standard","has-post-thumbnail","category-arquitetura","category-engenharia-e-construcao-civil"],"_wp_attached_file":null,"_wp_attachment_metadata":null,"_wp_attachment_context":null,"_wp_attachment_is_custom_header":null,"geo_longitude":null,"geo_public":null,"geo_latitude":null,"_publicize_done_external":null,"_wpas_done_3897181":null,"publicize_twitter_user":null,"_wpas_done_3897175":null,"_wpas_skip_3897181":null,"_wpas_skip_3897175":null,"_wpas_skip_3924723":null,"_wpas_mess":null,"_wpas_done_3924723":null,"wps_subtitle":"","_links":{"self":[{"href":"https:\/\/www.aarquiteta.com.br\/blog\/wp-json\/wp\/v2\/posts\/134033","targetHints":{"allow":["GET"]}}],"collection":[{"href":"https:\/\/www.aarquiteta.com.br\/blog\/wp-json\/wp\/v2\/posts"}],"about":[{"href":"https:\/\/www.aarquiteta.com.br\/blog\/wp-json\/wp\/v2\/types\/post"}],"author":[{"embeddable":true,"href":"https:\/\/www.aarquiteta.com.br\/blog\/wp-json\/wp\/v2\/users\/102"}],"replies":[{"embeddable":true,"href":"https:\/\/www.aarquiteta.com.br\/blog\/wp-json\/wp\/v2\/comments?post=134033"}],"version-history":[{"count":0,"href":"https:\/\/www.aarquiteta.com.br\/blog\/wp-json\/wp\/v2\/posts\/134033\/revisions"}],"wp:featuredmedia":[{"embeddable":true,"href":"https:\/\/www.aarquiteta.com.br\/blog\/wp-json\/wp\/v2\/media\/134026"}],"wp:attachment":[{"href":"https:\/\/www.aarquiteta.com.br\/blog\/wp-json\/wp\/v2\/media?parent=134033"}],"wp:term":[{"taxonomy":"category","embeddable":true,"href":"https:\/\/www.aarquiteta.com.br\/blog\/wp-json\/wp\/v2\/categories?post=134033"},{"taxonomy":"post_tag","embeddable":true,"href":"https:\/\/www.aarquiteta.com.br\/blog\/wp-json\/wp\/v2\/tags?post=134033"}],"curies":[{"name":"wp","href":"https:\/\/api.w.org\/{rel}","templated":true}]}}