{"id":134017,"date":"2024-11-03T11:44:04","date_gmt":"2024-11-03T14:44:04","guid":{"rendered":"https:\/\/www.aarquiteta.com.br\/blog\/plantas-pequenas-para-dentro-de-casa\/"},"modified":"2024-11-03T11:44:04","modified_gmt":"2024-11-03T14:44:04","slug":"plantas-pequenas-para-dentro-de-casa","status":"publish","type":"post","link":"https:\/\/www.aarquiteta.com.br\/blog\/plantas-pequenas-para-dentro-de-casa\/","title":{"rendered":"Plantas pequenas para dentro de casa: harmonize o ambiente com eleg\u00e2ncia e praticidade"},"content":{"rendered":"<p>Descubra como as plantas pequenas podem transformar seu ambiente interno, trazendo frescor, beleza e benef\u00edcios \u00e0 sa\u00fade, com dicas de especialistas em jardinagem.<\/p>\n<h2>Benef\u00edcios das Plantas Pequenas em Ambientes Internos<\/h2>\n<p>As <b>plantas pequenas<\/b> s\u00e3o verdadeiros aliados na decora\u00e7\u00e3o de interiores. Elas n\u00e3o apenas embelezam o espa\u00e7o, mas tamb\u00e9m oferecem uma s\u00e9rie de benef\u00edcios, como a purifica\u00e7\u00e3o do ar e a promo\u00e7\u00e3o do bem-estar. Al\u00e9m disso, s\u00e3o ideais para quem vive em apartamentos ou espa\u00e7os reduzidos, pois ocupam pouco espa\u00e7o e podem ser facilmente integradas \u00e0 decora\u00e7\u00e3o.<\/p>\n<h2>Escolhendo as Plantas Certas para Seu Espa\u00e7o<\/h2>\n<p>Na hora de escolher as plantas, \u00e9 fundamental considerar as <b>condi\u00e7\u00f5es de luz<\/b> e umidade do ambiente. Algumas esp\u00e9cies se adaptam melhor a ambientes com luz indireta, enquanto outras precisam de mais luz direta. Aqui est\u00e3o algumas op\u00e7\u00f5es:<\/p>\n<h3>Esp\u00e9cies Ideais para Luz Indireta<\/h3>\n<figure style=\"width: 1024px\" class=\"wp-caption aligncenter\"><img decoding=\"async\" src=\"https:\/\/www.aarquiteta.com.br\/blog\/wp-content\/uploads\/2024\/11\/plantas-pequenas-para-dentro-de-casa04.jpg\" alt=\"Plantas pequenas para dentro de casa: harmonize o ambiente com eleg\u00e2ncia e praticidade\" width=\"1024\" height=\"1024\" title=\"\"><figcaption class=\"wp-caption-text\">Plantas pequenas para dentro de casa: harmonize o ambiente com eleg\u00e2ncia e praticidade<\/figcaption><\/figure>\n<ul>\n<li><b>Peperomia obtusifolia<\/b>: Compacta e de f\u00e1cil cuidado, ideal para estantes e mesas.<\/li>\n<li><b>Espada-de-S\u00e3o-Jorge<\/b>: Resistente e capaz de prosperar em diversas condi\u00e7\u00f5es de luz.<\/li>\n<\/ul>\n<h3>Plantas Arom\u00e1ticas que Transformam o Ambiente<\/h3>\n<figure style=\"width: 1024px\" class=\"wp-caption aligncenter\"><img decoding=\"async\" src=\"https:\/\/www.aarquiteta.com.br\/blog\/wp-content\/uploads\/2024\/11\/plantas-pequenas-para-dentro-de-casa03.jpg\" alt=\"Plantas pequenas para dentro de casa: harmonize o ambiente com eleg\u00e2ncia e praticidade\" width=\"1024\" height=\"1024\" title=\"\"><figcaption class=\"wp-caption-text\">Plantas pequenas para dentro de casa: harmonize o ambiente com eleg\u00e2ncia e praticidade<\/figcaption><\/figure>\n<p>As plantas arom\u00e1ticas, como a <b>Lavanda compacta<\/b>, n\u00e3o s\u00f3 embelezam, mas tamb\u00e9m perfumam o ambiente, trazendo uma sensa\u00e7\u00e3o de tranquilidade e frescor.<\/p>\n<h2>Cuidados Essenciais para Plantas de Interior<\/h2>\n<p>Cuidar de plantas pequenas requer aten\u00e7\u00e3o a alguns detalhes. A <b>rega<\/b> e a <b>umidade<\/b> s\u00e3o fundamentais para garantir que suas plantas se mantenham saud\u00e1veis e vibrantes.<\/p>\n<h3>Rega e Umidade: Como Manter suas Plantas Saud\u00e1veis<\/h3>\n<figure style=\"width: 1024px\" class=\"wp-caption aligncenter\"><img decoding=\"async\" src=\"https:\/\/www.aarquiteta.com.br\/blog\/wp-content\/uploads\/2024\/11\/plantas-pequenas-para-dentro-de-casa02.jpg\" alt=\"Plantas pequenas para dentro de casa: harmonize o ambiente com eleg\u00e2ncia e praticidade\" width=\"1024\" height=\"1024\" title=\"\"><figcaption class=\"wp-caption-text\">Plantas pequenas para dentro de casa: harmonize o ambiente com eleg\u00e2ncia e praticidade<\/figcaption><\/figure>\n<p>\u00c9 importante monitorar a umidade do solo. Plantas como a <b>Fit\u00f4nia<\/b> apreciam um ambiente mais \u00famido, enquanto a <b>Crassula ovata<\/b> (Planta-jade) prefere regas mais espa\u00e7adas.<\/p>\n<h3>Aduba\u00e7\u00e3o e Nutri\u00e7\u00e3o para um Crescimento Saud\u00e1vel<\/h3>\n<figure style=\"width: 1024px\" class=\"wp-caption aligncenter\"><img decoding=\"async\" src=\"https:\/\/www.aarquiteta.com.br\/blog\/wp-content\/uploads\/2024\/11\/plantas-pequenas-para-dentro-de-casa01.jpg\" alt=\"Plantas pequenas para dentro de casa: harmonize o ambiente com eleg\u00e2ncia e praticidade\" width=\"1024\" height=\"1024\" title=\"\"><figcaption class=\"wp-caption-text\">Plantas pequenas para dentro de casa: harmonize o ambiente com eleg\u00e2ncia e praticidade<\/figcaption><\/figure>\n<p>Utilizar <b>fertilizantes l\u00edquidos<\/b> dilu\u00eddos uma vez por m\u00eas pode ajudar no crescimento saud\u00e1vel das plantas, especialmente durante a primavera e o ver\u00e3o.<\/p>\n<h2>Estilo \u00danico com Plantas Tropicais: Fit\u00f4nia<\/h2>\n<p>A <b>Fit\u00f4nia<\/b> \u00e9 uma planta que se destaca pela sua beleza e resist\u00eancia. Suas folhas vibrantes adicionam um toque de cor ao ambiente, tornando-a perfeita para mesas de centro ou aparadores.<\/p>\n<h2>Toque Ex\u00f3tico com Suculentas: Crassula Ovata<\/h2>\n<p>As <b>suculentas<\/b> s\u00e3o uma excelente escolha para quem busca plantas de baixa manuten\u00e7\u00e3o. A <b>Crassula ovata<\/b> \u00e9 uma op\u00e7\u00e3o popular, pois se adapta bem a diferentes condi\u00e7\u00f5es de luz e requer pouca \u00e1gua.<\/p>\n<h2>Integrando a Est\u00e9tica com a Funcionalidade<\/h2>\n<p>Ao escolher plantas para o interior, \u00e9 essencial equilibrar a <b>est\u00e9tica<\/b> com a <b>funcionalidade<\/b>. Plantas como a <b>Espada-de-S\u00e3o-Jorge<\/b> n\u00e3o s\u00f3 embelezam, mas tamb\u00e9m ajudam a purificar o ar.<\/p>\n<h2>Considera\u00e7\u00f5es Finais<\/h2>\n<p>Incorporar plantas pequenas na decora\u00e7\u00e3o interna pode trazer in\u00fameros benef\u00edcios est\u00e9ticos e de bem-estar. Esp\u00e9cies como <b>Peperomia obtusifolia<\/b>, <b>Lavanda compacta<\/b>, <b>Espada-de-S\u00e3o-Jorge<\/b>, <b>Fit\u00f4nia<\/b> e <b>Crassula ovata<\/b> s\u00e3o escolhas ideais para complementar qualquer espa\u00e7o de forma elegante e pr\u00e1tica.<\/p>\n<p>Ao escolher suas plantas, busque aquelas que n\u00e3o s\u00f3 encaixem fisicamente no espa\u00e7o, mas que tamb\u00e9m elevem a experi\u00eancia do seu ambiente. Assim, voc\u00ea transformar\u00e1 seu lar em um verdadeiro o\u00e1sis verde, contribuindo para a sua est\u00e9tica, sa\u00fade e bem-estar.<\/p>\n<h3>Assista agora a minha recomenda\u00e7\u00e3o de video abaixo sobre o tema que estamos tratando neste artigo: <\/h3>\n<p>https:\/\/www.youtube.com\/watch?v=<\/p>\n","protected":false},"excerpt":{"rendered":"<p>Descubra como as plantas pequenas podem transformar seu ambiente interno, trazendo frescor, beleza e benef\u00edcios \u00e0 sa\u00fade, com dicas de especialistas em jardinagem. Benef\u00edcios das Plantas Pequenas em Ambientes Internos As plantas pequenas s\u00e3o verdadeiros aliados na decora\u00e7\u00e3o de interiores. Elas n\u00e3o apenas embelezam o espa\u00e7o, mas tamb\u00e9m oferecem uma s\u00e9rie de benef\u00edcios, como a [&hellip;]<\/p>\n","protected":false},"author":102,"featured_media":134014,"comment_status":"closed","ping_status":"closed","sticky":false,"template":"","format":"standard","meta":{"footnotes":""},"categories":[9612,18792,18794],"tags":[],"class_list":["post-134017","post","type-post","status-publish","format-standard","has-post-thumbnail","category-jardinagem","category-decoracao-de-apartamento","category-projetos-de-decoracao-de-casas"],"_wp_attached_file":null,"_wp_attachment_metadata":null,"_wp_attachment_context":null,"_wp_attachment_is_custom_header":null,"geo_longitude":null,"geo_public":null,"geo_latitude":null,"_publicize_done_external":null,"_wpas_done_3897181":null,"publicize_twitter_user":null,"_wpas_done_3897175":null,"_wpas_skip_3897181":null,"_wpas_skip_3897175":null,"_wpas_skip_3924723":null,"_wpas_mess":null,"_wpas_done_3924723":null,"wps_subtitle":"","_links":{"self":[{"href":"https:\/\/www.aarquiteta.com.br\/blog\/wp-json\/wp\/v2\/posts\/134017","targetHints":{"allow":["GET"]}}],"collection":[{"href":"https:\/\/www.aarquiteta.com.br\/blog\/wp-json\/wp\/v2\/posts"}],"about":[{"href":"https:\/\/www.aarquiteta.com.br\/blog\/wp-json\/wp\/v2\/types\/post"}],"author":[{"embeddable":true,"href":"https:\/\/www.aarquiteta.com.br\/blog\/wp-json\/wp\/v2\/users\/102"}],"replies":[{"embeddable":true,"href":"https:\/\/www.aarquiteta.com.br\/blog\/wp-json\/wp\/v2\/comments?post=134017"}],"version-history":[{"count":0,"href":"https:\/\/www.aarquiteta.com.br\/blog\/wp-json\/wp\/v2\/posts\/134017\/revisions"}],"wp:featuredmedia":[{"embeddable":true,"href":"https:\/\/www.aarquiteta.com.br\/blog\/wp-json\/wp\/v2\/media\/134014"}],"wp:attachment":[{"href":"https:\/\/www.aarquiteta.com.br\/blog\/wp-json\/wp\/v2\/media?parent=134017"}],"wp:term":[{"taxonomy":"category","embeddable":true,"href":"https:\/\/www.aarquiteta.com.br\/blog\/wp-json\/wp\/v2\/categories?post=134017"},{"taxonomy":"post_tag","embeddable":true,"href":"https:\/\/www.aarquiteta.com.br\/blog\/wp-json\/wp\/v2\/tags?post=134017"}],"curies":[{"name":"wp","href":"https:\/\/api.w.org\/{rel}","templated":true}]}}