{"id":133985,"date":"2024-11-03T09:46:30","date_gmt":"2024-11-03T12:46:30","guid":{"rendered":"https:\/\/www.aarquiteta.com.br\/blog\/cortina-preta\/"},"modified":"2024-11-03T09:46:30","modified_gmt":"2024-11-03T12:46:30","slug":"cortina-preta","status":"publish","type":"post","link":"https:\/\/www.aarquiteta.com.br\/blog\/cortina-preta\/","title":{"rendered":"Cortina preta: 10 decora\u00e7\u00f5es para um espa\u00e7o luxuoso e \u00fanico."},"content":{"rendered":"<p><body><\/p>\n<p>As cortinas pretas s\u00e3o uma escolha que confere <b>sofistica\u00e7\u00e3o<\/b> e <b>estilo<\/b> a qualquer ambiente, sendo vers\u00e1teis e elegantes. Seja em decora\u00e7\u00f5es modernas ou cl\u00e1ssicas, elas prometem transformar os espa\u00e7os, trazendo um toque de personalidade e acolhimento.<\/p>\n<h2>1. Principais Benef\u00edcios das Cortinas Pretas<\/h2>\n<h3>1.1 O Toque de Sofistica\u00e7\u00e3o<\/h3>\n<figure style=\"width: 1024px\" class=\"wp-caption aligncenter\"><img decoding=\"async\" src=\"https:\/\/www.tuacasa.com.br\/wp-content\/uploads\/2020\/05\/cortina-preta-36-730x729.jpg\" alt=\"Cortina preta em ambiente de cozinha com um corte mais curto.\" title=\"\"><figcaption class=\"wp-caption-text\">Cortina preta em ambiente de cozinha com um corte mais curto.<\/figcaption><\/figure>\n<p>Uma das grandes vantagens da <b>cortina preta<\/b> \u00e9 a eleg\u00e2ncia que ela traz. Ao contr\u00e1rio do que muitos pensam, o preto n\u00e3o necessariamente escurece o ambiente, mas pode, ao contr\u00e1rio, <b>real\u00e7ar<\/b> a beleza dos d\u00e9cor, destacando outros elementos que comp\u00f5em o espa\u00e7o. Uma cortina preta bem escolhida pode ser a pe\u00e7a que faltava para completar um projeto de decora\u00e7\u00e3o.<\/p>\n<h3>1.2 Versatilidade para Diferentes Ambientes<\/h3>\n<figure style=\"width: 1024px\" class=\"wp-caption aligncenter\"><img decoding=\"async\" src=\"https:\/\/www.aarquiteta.com.br\/blog\/wp-content\/uploads\/2024\/11\/cortina-preta01.jpg\" alt=\"Cortina preta: 35 decora\u00e7\u00f5es para um espa\u00e7o luxuoso e \u00fanico\" width=\"1024\" height=\"1024\" title=\"\"><figcaption class=\"wp-caption-text\">Cortina preta: 35 decora\u00e7\u00f5es para um espa\u00e7o luxuoso e \u00fanico<\/figcaption><\/figure>\n<p>Essas cortinas se adequam a diversos <b>estilos de decora\u00e7\u00e3o<\/b>, do moderno ao cl\u00e1ssico, do minimalista ao afetuoso. Imagine uma sala de estar com paredes claras e m\u00f3veis em tons neutros, onde a <b>cortina preta<\/b> faz um contraste perfeito, criando um ponto focal que atrai olhares.<\/p>\n<h2>2. Estilos de Cortinas Pretas<\/h2>\n<h3>2.1 Cortinas de Tecido Macio<\/h3>\n<figure style=\"width: 1024px\" class=\"wp-caption aligncenter\"><img decoding=\"async\" src=\"https:\/\/www.aarquiteta.com.br\/blog\/wp-content\/uploads\/2024\/11\/cortina-preta-capa.jpg\" alt=\"Capa sobre cortinas pretas, apresentando ideias diversas para o uso no espa\u00e7o.\" title=\"\"><figcaption class=\"wp-caption-text\">Capa sobre cortinas pretas, apresentando ideias diversas para o uso no espa\u00e7o.<\/figcaption><\/figure>\n<p>As cortinas de tecido macio s\u00e3o ideais para ambientes aconchegantes, criando uma atmosfera muito mais <b>acolhedora<\/b>. Elas filtram a luz de forma delicada, permitindo uma entrada suave de ilumina\u00e7\u00e3o natural, o que \u00e9 perfeito para salas de estar ou quartos. Voc\u00ea pode optar por tecidos leves, que proporcionam <b>movimento e fluidez<\/b> ao espa\u00e7o.<\/p>\n<h3>2.2 Cortinas de Estilo G\u00f3tico<\/h3>\n<figure style=\"width: 1024px\" class=\"wp-caption aligncenter\"><img decoding=\"async\" src=\"https:\/\/www.aarquiteta.com.br\/blog\/wp-content\/uploads\/2024\/11\/cortina-preta02.jpg\" alt=\"Cortina preta: 35 decora\u00e7\u00f5es para um espa\u00e7o luxuoso e \u00fanico\" width=\"1024\" height=\"1024\" title=\"\"><figcaption class=\"wp-caption-text\">Cortina preta: 35 decora\u00e7\u00f5es para um espa\u00e7o luxuoso e \u00fanico<\/figcaption><\/figure>\n<p>As cortinas pretas tamb\u00e9m podem adquirir um <b>visual g\u00f3tico<\/b>, se destacando por seu impacto visual. S\u00e3o ideais para ambientes que buscam um toque de mist\u00e9rio e sofistica\u00e7\u00e3o, como bibliotecas ou salas de jantar que desejam um toque de dramaticidade. Combinadas a acess\u00f3rios de decora\u00e7\u00e3o, criam um ambiente digno de um conto de fadas obscuro.<\/p>\n<h2>3. Como Combinar Cortinas Pretas com o Interior<\/h2>\n<h3>3.1 Harmonia entre Cores<\/h3>\n<figure style=\"width: 1024px\" class=\"wp-caption aligncenter\"><img decoding=\"async\" src=\"https:\/\/www.aarquiteta.com.br\/blog\/wp-content\/uploads\/2024\/11\/cortina-preta-1.webp\" alt=\"Cortina preta com um formato espec\u00edfico, trazendo um toque de sofistica\u00e7\u00e3o.\" title=\"\"><figcaption class=\"wp-caption-text\">Cortina preta com um formato espec\u00edfico, trazendo um toque de sofistica\u00e7\u00e3o.<\/figcaption><\/figure>\n<p>A combina\u00e7\u00e3o de cortinas pretas com outros elementos decorativos \u00e9 fundamental para criar um <b>equil\u00edbrio<\/b> no ambiente. Por exemplo, m\u00f3veis em tons claros ou madeira clara podem criar um contraste impressionante. Al\u00e9m disso, <b>plantas verdes<\/b> trazem frescor e vitalidade ao ambiente, equilibrando a sobriedade do preto.<\/p>\n<h3>3.2 O Poder dos Acess\u00f3rios<\/h3>\n<figure style=\"width: 1024px\" class=\"wp-caption aligncenter\"><img decoding=\"async\" src=\"https:\/\/www.aarquiteta.com.br\/blog\/wp-content\/uploads\/2024\/11\/cortina-preta03.jpg\" alt=\"Cortina preta: 35 decora\u00e7\u00f5es para um espa\u00e7o luxuoso e \u00fanico\" width=\"1024\" height=\"1024\" title=\"\"><figcaption class=\"wp-caption-text\">Cortina preta: 35 decora\u00e7\u00f5es para um espa\u00e7o luxuoso e \u00fanico<\/figcaption><\/figure>\n<p>Uma <b>cortina preta<\/b> n\u00e3o est\u00e1 sozinha; ela dialoga com os outros itens do c\u00f4modo. Lustres, almofadas e tapetes podem auxiliar na cria\u00e7\u00e3o de uma atmosfera \u00fanica. Um candelabro, por exemplo, junto com uma cortina preta, pode elevar o n\u00edvel de requinte do espa\u00e7o, tornando a decora\u00e7\u00e3o ainda mais <b>impactante<\/b>.<\/p>\n<h2>4. Efeitos de Luz e Claridade<\/h2>\n<h3>4.1 Controlando a Luminosidade<\/h3>\n<figure style=\"width: 1024px\" class=\"wp-caption aligncenter\"><img decoding=\"async\" src=\"https:\/\/www.aarquiteta.com.br\/blog\/wp-content\/uploads\/2024\/11\/cortina-preta-2-730x871.jpg\" alt=\"Cortina preta estampada, harmonizada com outros elementos coloridos.\" title=\"\"><figcaption class=\"wp-caption-text\">Cortina preta estampada, harmonizada com outros elementos coloridos.<\/figcaption><\/figure>\n<p>Outro ponto a considerar ao optar pelas cortinas pretas \u00e9 o controle da luz natural. Elas podem ser usadas para diminuir a claridade em ambientes muito iluminados, criando um espa\u00e7o mais <b>intimista<\/b> e confort\u00e1vel. Uma cortina blackout, por exemplo, pode transformar totalmente um quarto, tornando-o ideal para o descanso.<\/p>\n<h3>4.2 Luz e Crom\u00e1tica<\/h3>\n<figure style=\"width: 1024px\" class=\"wp-caption aligncenter\"><img decoding=\"async\" src=\"https:\/\/www.aarquiteta.com.br\/blog\/wp-content\/uploads\/2024\/11\/cortina-preta4.jpg\" alt=\"Cortina preta: 35 decora\u00e7\u00f5es para um espa\u00e7o luxuoso e \u00fanico\" width=\"1024\" height=\"1024\" title=\"\"><figcaption class=\"wp-caption-text\">Cortina preta: 35 decora\u00e7\u00f5es para um espa\u00e7o luxuoso e \u00fanico<\/figcaption><\/figure>\n<p>\u00c9 interessante tamb\u00e9m mesclar sombras e luz, utilizando cortinas pretas com tecidos claros em um mesmo ambiente. Isso n\u00e3o apenas traz profundidade, mas tamb\u00e9m uma <b>din\u00e2mica visual<\/b> muito atraente. Para quem adora mudan\u00e7as, essa mistura pode ser uma boa dica.<\/p>\n<h2>5. Dicas Pr\u00e1ticas na Escolha de Cortinas Pretas<\/h2>\n<h3>5.1 Tecido e Comprimento<\/h3>\n<figure style=\"width: 1024px\" class=\"wp-caption aligncenter\"><img decoding=\"async\" src=\"https:\/\/www.aarquiteta.com.br\/blog\/wp-content\/uploads\/2024\/11\/cortina-preta-3-730x730.webp\" alt=\"Cortina preta em ambiente com lustres, contribuindo para a eleg\u00e2ncia do espa\u00e7o.\" title=\"\"><figcaption class=\"wp-caption-text\">Cortina preta em ambiente com lustres, contribuindo para a eleg\u00e2ncia do espa\u00e7o.<\/figcaption><\/figure>\n<p>Quando for escolher a cortina, considere o <b>comprimento<\/b> e o toque do tecido. Cortinas longas tendem a criar uma sensa\u00e7\u00e3o de espa\u00e7o, enquanto as curtas podem proporcionar um ar moderninho e descontra\u00eddo. Explore diferentes texturas, como veludo ou linho, para encontrar a combina\u00e7\u00e3o perfeita.<\/p>\n<h3>5.2 Conex\u00e3o com Elementos Decorativos<\/h3>\n<h3>Para se aprofundar mais sobre o tema, veja a minha recomenda\u00e7\u00e3o sobre o tema deste artigo no v\u00eddeo a seguir abaixo:<\/h3>\n<p><iframe title=\"YouTube video player\" src=\"https:\/\/www.youtube.com\/embed\/\" width=\"560\" height=\"315\" frameborder=\"0\" allowfullscreen=\"allowfullscreen\"><\/iframe><\/p>\n<p>Por fim, \u00e9 essencial que os acess\u00f3rios e os m\u00f3veis sejam pensados em conjunto. A cortina preta pode funcionar como um elemento unificador, desde que a paleta de cores dos m\u00f3veis, tapetes e d\u00e9cor harmonizem-se com ela. <b>Estudar o espa\u00e7o<\/b> \u00e9 a chave para n\u00e3o errar na combina\u00e7\u00e3o!<\/p>\n<h2>6. Conclus\u00e3o<\/h2>\n<p>Resumindo, a <b>cortina preta<\/b> \u00e9 muito mais do que um simples peda\u00e7o de tecido; \u00e9 uma pe\u00e7a que pode transformar e elevar o seu ambiente. Com aten\u00e7\u00e3o ao estilo, \u00e0 combina\u00e7\u00e3o de cores e ao uso de acess\u00f3rios, \u00e9 poss\u00edvel criar espa\u00e7os que refletem sua <b>personalidade<\/b> e <b>estilo de vida<\/b>. Portanto, n\u00e3o subestime o poder que uma cortina pode ter na decora\u00e7\u00e3o; ela \u00e9, sem d\u00favida, uma aliada fundamental!<\/p>\n<p><\/body><br \/>\n<figure style=\"width: 1024px\" class=\"wp-caption aligncenter\"><img decoding=\"async\" src=\"https:\/\/www.aarquiteta.com.br\/blog\/wp-content\/uploads\/2024\/11\/cortina-preta-4-730x730.jpg\" alt=\"Cortina preta combinada com tecido claro, permitindo a entrada de luz natural.\" title=\"\"><figcaption class=\"wp-caption-text\">Cortina preta combinada com tecido claro, permitindo a entrada de luz natural.<\/figcaption><\/figure>\n","protected":false},"excerpt":{"rendered":"<p>Descubra 35 ideias incr\u00edveis de cortinas pretas que transformam seu espa\u00e7o em um local elegante e sofisticado.<\/p>\n","protected":false},"author":102,"featured_media":133979,"comment_status":"closed","ping_status":"closed","sticky":false,"template":"","format":"standard","meta":{"footnotes":""},"categories":[1484],"tags":[],"class_list":["post-133985","post","type-post","status-publish","format-standard","has-post-thumbnail","category-decoracao"],"_wp_attached_file":null,"_wp_attachment_metadata":null,"_wp_attachment_context":null,"_wp_attachment_is_custom_header":null,"geo_longitude":null,"geo_public":null,"geo_latitude":null,"_publicize_done_external":null,"_wpas_done_3897181":null,"publicize_twitter_user":null,"_wpas_done_3897175":null,"_wpas_skip_3897181":null,"_wpas_skip_3897175":null,"_wpas_skip_3924723":null,"_wpas_mess":null,"_wpas_done_3924723":null,"wps_subtitle":"","_links":{"self":[{"href":"https:\/\/www.aarquiteta.com.br\/blog\/wp-json\/wp\/v2\/posts\/133985","targetHints":{"allow":["GET"]}}],"collection":[{"href":"https:\/\/www.aarquiteta.com.br\/blog\/wp-json\/wp\/v2\/posts"}],"about":[{"href":"https:\/\/www.aarquiteta.com.br\/blog\/wp-json\/wp\/v2\/types\/post"}],"author":[{"embeddable":true,"href":"https:\/\/www.aarquiteta.com.br\/blog\/wp-json\/wp\/v2\/users\/102"}],"replies":[{"embeddable":true,"href":"https:\/\/www.aarquiteta.com.br\/blog\/wp-json\/wp\/v2\/comments?post=133985"}],"version-history":[{"count":0,"href":"https:\/\/www.aarquiteta.com.br\/blog\/wp-json\/wp\/v2\/posts\/133985\/revisions"}],"wp:featuredmedia":[{"embeddable":true,"href":"https:\/\/www.aarquiteta.com.br\/blog\/wp-json\/wp\/v2\/media\/133979"}],"wp:attachment":[{"href":"https:\/\/www.aarquiteta.com.br\/blog\/wp-json\/wp\/v2\/media?parent=133985"}],"wp:term":[{"taxonomy":"category","embeddable":true,"href":"https:\/\/www.aarquiteta.com.br\/blog\/wp-json\/wp\/v2\/categories?post=133985"},{"taxonomy":"post_tag","embeddable":true,"href":"https:\/\/www.aarquiteta.com.br\/blog\/wp-json\/wp\/v2\/tags?post=133985"}],"curies":[{"name":"wp","href":"https:\/\/api.w.org\/{rel}","templated":true}]}}