{"id":133975,"date":"2024-11-02T23:09:05","date_gmt":"2024-11-03T02:09:05","guid":{"rendered":"https:\/\/www.aarquiteta.com.br\/blog\/estante-para-tv-6-modelos-funcionais-organizar-sala\/"},"modified":"2024-11-02T23:09:05","modified_gmt":"2024-11-03T02:09:05","slug":"estante-para-tv-6-modelos-funcionais-organizar-sala","status":"publish","type":"post","link":"https:\/\/www.aarquiteta.com.br\/blog\/estante-para-tv-6-modelos-funcionais-organizar-sala\/","title":{"rendered":"Estante para TV: 6 Modelos Funcionais para Organizar Sua Sala"},"content":{"rendered":"<p>Descubra como um estante para TV pode transformar sua sala, oferecendo funcionalidade e estilo. Neste artigo, apresentamos 6 modelos pr\u00e1ticos que ajudam a organizar seu espa\u00e7o e a valorizar a decora\u00e7\u00e3o.<\/p>\n<h2>1. Estante para TV Suspensa<\/h2>\n<h3>Vantagens da instala\u00e7\u00e3o suspensa<\/h3>\n<figure style=\"width: 1024px\" class=\"wp-caption aligncenter\"><img decoding=\"async\" src=\"https:\/\/www.aarquiteta.com.br\/blog\/wp-content\/uploads\/2024\/11\/estante-para-tv-6-modelos-funcionais-organizar-sala04.jpg\" alt=\"Estante para TV: 6 Modelos Funcionais para Organizar Sua Sala\" width=\"1024\" height=\"1024\" title=\"\"><figcaption class=\"wp-caption-text\">Estante para TV: 6 Modelos Funcionais para Organizar Sua Sala<\/figcaption><\/figure>\n<p>Uma <b>estante para TV suspensa<\/b> \u00e9 uma excelente op\u00e7\u00e3o para quem busca otimizar o espa\u00e7o. Ao elevar a TV, voc\u00ea libera \u00e1rea no ch\u00e3o, criando uma sensa\u00e7\u00e3o de amplitude no ambiente. Al\u00e9m disso, a instala\u00e7\u00e3o suspensa facilita a limpeza, evitando ac\u00famulo de poeira.<\/p>\n<h3>Estilo moderno e minimalista<\/h3>\n<figure style=\"width: 1024px\" class=\"wp-caption aligncenter\"><img decoding=\"async\" src=\"https:\/\/www.aarquiteta.com.br\/blog\/wp-content\/uploads\/2024\/11\/estante-para-tv-6-modelos-funcionais-organizar-sala03.jpg\" alt=\"Estante para TV: 6 Modelos Funcionais para Organizar Sua Sala\" width=\"1024\" height=\"1024\" title=\"\"><figcaption class=\"wp-caption-text\">Estante para TV: 6 Modelos Funcionais para Organizar Sua Sala<\/figcaption><\/figure>\n<p>Esse modelo traz um <b>design contempor\u00e2neo<\/b> que combina com diversos estilos de decora\u00e7\u00e3o. A leveza visual da estante suspensa contribui para um ambiente mais arejado e elegante.<\/p>\n<h2>2. Estante com Painel para TV<\/h2>\n<h3>Integra\u00e7\u00e3o com a parede<\/h3>\n<figure style=\"width: 1024px\" class=\"wp-caption aligncenter\"><img decoding=\"async\" src=\"https:\/\/www.aarquiteta.com.br\/blog\/wp-content\/uploads\/2024\/11\/estante-para-tv-6-modelos-funcionais-organizar-sala02.jpg\" alt=\"Estante para TV: 6 Modelos Funcionais para Organizar Sua Sala\" width=\"1024\" height=\"1024\" title=\"\"><figcaption class=\"wp-caption-text\">Estante para TV: 6 Modelos Funcionais para Organizar Sua Sala<\/figcaption><\/figure>\n<p>As estantes com painel para TV s\u00e3o ideais para quem deseja uma <b>integra\u00e7\u00e3o harmoniosa<\/b> com a parede. Esse tipo de estante cria um visual clean e organizado, al\u00e9m de esconder fios e cabos, proporcionando um ambiente mais agrad\u00e1vel.<\/p>\n<h3>Espa\u00e7o para decora\u00e7\u00e3o<\/h3>\n<figure style=\"width: 1024px\" class=\"wp-caption aligncenter\"><img decoding=\"async\" src=\"https:\/\/www.aarquiteta.com.br\/blog\/wp-content\/uploads\/2024\/11\/estante-para-tv-6-modelos-funcionais-organizar-sala01.jpg\" alt=\"Estante para TV: 6 Modelos Funcionais para Organizar Sua Sala\" width=\"1024\" height=\"1024\" title=\"\"><figcaption class=\"wp-caption-text\">Estante para TV: 6 Modelos Funcionais para Organizar Sua Sala<\/figcaption><\/figure>\n<p>Com prateleiras adicionais, voc\u00ea pode expor <b>objetos decorativos<\/b> e fotos, personalizando ainda mais o espa\u00e7o. Essa funcionalidade transforma a estante em um verdadeiro ponto focal da sala.<\/p>\n<h2>3. Estante com Rod\u00edzios<\/h2>\n<h3>Mobilidade e praticidade<\/h3>\n<p>Uma estante com rod\u00edzios \u00e9 perfeita para quem gosta de <b>flexibilidade<\/b> no layout. Voc\u00ea pode facilmente mover a estante para diferentes posi\u00e7\u00f5es, adaptando o ambiente conforme necess\u00e1rio.<\/p>\n<h3>Ideal para ambientes pequenos<\/h3>\n<h3>Assista agora a minha recomenda\u00e7\u00e3o de video abaixo sobre o tema que estamos tratando neste artigo: <\/h3>\n<p>https:\/\/www.youtube.com\/watch?v=<\/p>\n<p>Esse modelo \u00e9 especialmente \u00fatil em <b>espa\u00e7os reduzidos<\/b>, onde cada cent\u00edmetro conta. A mobilidade permite que voc\u00ea aproveite ao m\u00e1ximo o espa\u00e7o dispon\u00edvel, sem comprometer a funcionalidade.<\/p>\n<h2>4. Estante em L<\/h2>\n<h3>Otimiza\u00e7\u00e3o de espa\u00e7o<\/h3>\n<p>A estante em L \u00e9 uma solu\u00e7\u00e3o inteligente para <b>cantinhos<\/b> da sala que muitas vezes ficam esquecidos. Ela se encaixa perfeitamente em \u00e2ngulos, aproveitando \u00e1reas que normalmente n\u00e3o seriam utilizadas.<\/p>\n<h3>Perfeita para cantos<\/h3>\n<p>Al\u00e9m de otimizar o espa\u00e7o, esse modelo tamb\u00e9m oferece uma <b>est\u00e9tica diferenciada<\/b>, tornando o ambiente mais interessante e din\u00e2mico.<\/p>\n<h2>5. Estante Multiuso<\/h2>\n<h3>Versatilidade na organiza\u00e7\u00e3o<\/h3>\n<p>As estantes multiuso s\u00e3o verdadeiros coringas na decora\u00e7\u00e3o. Elas podem ser utilizadas para <b>armazenar livros<\/b>, DVDs, e at\u00e9 mesmo como suporte para plantas, trazendo vida ao ambiente.<\/p>\n<h3>Uso em diferentes ambientes<\/h3>\n<p>Essas estantes s\u00e3o t\u00e3o vers\u00e1teis que podem ser utilizadas em <b>quartos<\/b>, escrit\u00f3rios e at\u00e9 na cozinha, adaptando-se \u00e0s suas necessidades e estilo de vida.<\/p>\n<h2>6. Estante com Nichos Abertos<\/h2>\n<h3>Exposi\u00e7\u00e3o de objetos decorativos<\/h3>\n<p>As estantes com nichos abertos s\u00e3o ideais para quem gosta de <b>exibir<\/b> suas cole\u00e7\u00f5es e objetos favoritos. Elas permitem que voc\u00ea crie uma decora\u00e7\u00e3o personalizada e cheia de personalidade.<\/p>\n<h3>Facilidade de acesso<\/h3>\n","protected":false},"excerpt":{"rendered":"<p>Organize sua sala com 6 modelos funcionais de estantes para TV que combinam estilo e praticidade.<\/p>\n","protected":false},"author":102,"featured_media":133972,"comment_status":"closed","ping_status":"closed","sticky":false,"template":"","format":"standard","meta":{"footnotes":""},"categories":[1484,971,18792,18794],"tags":[],"class_list":["post-133975","post","type-post","status-publish","format-standard","has-post-thumbnail","category-decoracao","category-design-de-interiores","category-decoracao-de-apartamento","category-projetos-de-decoracao-de-casas"],"_wp_attached_file":null,"_wp_attachment_metadata":null,"_wp_attachment_context":null,"_wp_attachment_is_custom_header":null,"geo_longitude":null,"geo_public":null,"geo_latitude":null,"_publicize_done_external":null,"_wpas_done_3897181":null,"publicize_twitter_user":null,"_wpas_done_3897175":null,"_wpas_skip_3897181":null,"_wpas_skip_3897175":null,"_wpas_skip_3924723":null,"_wpas_mess":null,"_wpas_done_3924723":null,"wps_subtitle":"","_links":{"self":[{"href":"https:\/\/www.aarquiteta.com.br\/blog\/wp-json\/wp\/v2\/posts\/133975","targetHints":{"allow":["GET"]}}],"collection":[{"href":"https:\/\/www.aarquiteta.com.br\/blog\/wp-json\/wp\/v2\/posts"}],"about":[{"href":"https:\/\/www.aarquiteta.com.br\/blog\/wp-json\/wp\/v2\/types\/post"}],"author":[{"embeddable":true,"href":"https:\/\/www.aarquiteta.com.br\/blog\/wp-json\/wp\/v2\/users\/102"}],"replies":[{"embeddable":true,"href":"https:\/\/www.aarquiteta.com.br\/blog\/wp-json\/wp\/v2\/comments?post=133975"}],"version-history":[{"count":0,"href":"https:\/\/www.aarquiteta.com.br\/blog\/wp-json\/wp\/v2\/posts\/133975\/revisions"}],"wp:featuredmedia":[{"embeddable":true,"href":"https:\/\/www.aarquiteta.com.br\/blog\/wp-json\/wp\/v2\/media\/133972"}],"wp:attachment":[{"href":"https:\/\/www.aarquiteta.com.br\/blog\/wp-json\/wp\/v2\/media?parent=133975"}],"wp:term":[{"taxonomy":"category","embeddable":true,"href":"https:\/\/www.aarquiteta.com.br\/blog\/wp-json\/wp\/v2\/categories?post=133975"},{"taxonomy":"post_tag","embeddable":true,"href":"https:\/\/www.aarquiteta.com.br\/blog\/wp-json\/wp\/v2\/tags?post=133975"}],"curies":[{"name":"wp","href":"https:\/\/api.w.org\/{rel}","templated":true}]}}