{"id":133965,"date":"2024-11-02T17:30:33","date_gmt":"2024-11-02T20:30:33","guid":{"rendered":"https:\/\/www.aarquiteta.com.br\/blog\/aprenda-a-fazer-porta-temperos-caseiro-renda\/"},"modified":"2024-11-02T17:30:33","modified_gmt":"2024-11-02T20:30:33","slug":"aprenda-a-fazer-porta-temperos-caseiro-renda","status":"publish","type":"post","link":"https:\/\/www.aarquiteta.com.br\/blog\/aprenda-a-fazer-porta-temperos-caseiro-renda\/","title":{"rendered":"5 Maneiras Criativas de Fazer Porta Temperos Caseiro e Lucrar."},"content":{"rendered":"<p>Aprender a fazer um porta temperos caseiro n\u00e3o s\u00f3 embeleza a cozinha, mas tamb\u00e9m pode se transformar em uma fonte extra de renda. Neste artigo, um profissional ensina o passo a passo para criar esse item decorativo e funcional, que pode ser feito com materiais simples e acess\u00edveis.<\/p>\n<h2>Profissional ensina como fazer porta temperos caseiro com passo a passo detalhado<\/h2>\n<h3>O valor da decora\u00e7\u00e3o acess\u00edvel<\/h3>\n<p>Quando se fala em <b>decora\u00e7\u00e3o<\/b>, muitas pessoas pensam que \u00e9 preciso gastar uma fortuna para deixar a casa bonita. No entanto, o que muitos n\u00e3o sabem \u00e9 que existem alternativas econ\u00f4micas que podem ser feitas em casa. O youtuber Carlos Machado, por exemplo, mostra como um simples porta temperos pode ser uma solu\u00e7\u00e3o pr\u00e1tica e charmosa. Ao optar por fazer o pr\u00f3prio porta temperos, o indiv\u00edduo n\u00e3o s\u00f3 economiza, mas tamb\u00e9m coloca um pouco de sua personalidade na decora\u00e7\u00e3o.<\/p>\n<h3>Materiais necess\u00e1rios para o projeto<\/h3>\n<figure style=\"width: 1024px\" class=\"wp-caption aligncenter\"><img decoding=\"async\" src=\"https:\/\/www.aarquiteta.com.br\/blog\/wp-content\/uploads\/2024\/11\/porta-temperos-caseiro-2.jpg\" alt=\"5 Maneiras Criativas de Fazer Porta Temperos Caseiro e Lucrar.\" width=\"1024\" height=\"1024\" title=\"\"><figcaption class=\"wp-caption-text\">Source: <a href=\"https:\/\/ndmais.com.br\/arquitetura-e-decoracao\/aprenda-como-fazer-porta-temperos-caseiro-que-pode-servir-ate-como-fonte-extra-de-renda\/\" target=\"_blank\" rel=\"noopener\">NDMAIS<\/a><\/figcaption><\/figure>\n<p>Para come\u00e7ar, \u00e9 fundamental ter em m\u00e3os os materiais certos. O profissional recomenda o uso de <b>madeira<\/b>, cola, parafusos e verniz. Esses itens s\u00e3o facilmente encontrados em lojas de materiais de constru\u00e7\u00e3o e n\u00e3o custam muito. Al\u00e9m disso, \u00e9 importante ter ferramentas como r\u00e9gua, esquadro e lixa, que s\u00e3o essenciais para garantir que o projeto saia conforme o planejado. Com esses materiais, qualquer um pode dar vida a um porta temperos que n\u00e3o s\u00f3 \u00e9 funcional, mas tamb\u00e9m um verdadeiro item de decora\u00e7\u00e3o.<\/p>\n<h3>Passo a passo para a confec\u00e7\u00e3o do porta temperos<\/h3>\n<p>O primeiro passo \u00e9 fazer as marca\u00e7\u00f5es nas madeiras. O profissional sugere marcar tr\u00eas cent\u00edmetros na parte reta das madeiras menores e 1,5 cm nas pontas. Com a r\u00e9gua ou esquadro, \u00e9 poss\u00edvel fazer cortes precisos, criando as pontas que dar\u00e3o um acabamento especial ao porta temperos. Ap\u00f3s os cortes, \u00e9 hora de lixar as madeiras, garantindo que n\u00e3o haja farpas ou imperfei\u00e7\u00f5es. <b>Esse cuidado faz toda a diferen\u00e7a<\/b> na hora de montar o acess\u00f3rio.<\/p>\n<h3>Montagem e finaliza\u00e7\u00e3o do porta temperos<\/h3>\n<h3>Assista agora a minha recomenda\u00e7\u00e3o de video abaixo sobre o tema que estamos tratando neste artigo: <\/h3>\n<p><iframe title=\"YouTube video player\" src=\"https:\/\/www.youtube.com\/embed\/OpDE71T971w?feature=oembed&#038;enablejsapi=1&#038;origin=https:\/\/ndmais.com.br\" width=\"560\" height=\"315\" frameborder=\"0\" allowfullscreen=\"allowfullscreen\"><\/iframe><\/p>\n<p>Com as partes j\u00e1 cortadas e lixadas, o pr\u00f3ximo passo \u00e9 encaixar as madeiras menores com a maior. O profissional recomenda usar cola para fixar, mas tamb\u00e9m sugere fazer furos para inserir parafusos, garantindo que a estrutura fique bem firme. Para esconder os buracos dos parafusos, uma mistura de serragem com cola \u00e9 aplicada, proporcionando um acabamento mais bonito. Por fim, \u00e9 hora de aplicar o verniz, que n\u00e3o s\u00f3 protege a madeira, mas tamb\u00e9m real\u00e7a sua beleza natural. <b>Ap\u00f3s a secagem, o porta temperos est\u00e1 pronto para uso!<\/b><\/p>\n<h3>Transformando o hobby em renda extra<\/h3>\n<p>Al\u00e9m de ser uma atividade prazerosa, fazer porta temperos pode se transformar em uma <b>fonte de renda extra<\/b>. O profissional destaca que esses itens s\u00e3o bastante procurados, especialmente em feiras de artesanato e plataformas online. Com um pouco de criatividade, \u00e9 poss\u00edvel personalizar os porta temperos, oferecendo diferentes estilos e acabamentos. Isso n\u00e3o s\u00f3 atrai mais clientes, mas tamb\u00e9m valoriza o trabalho artesanal, que est\u00e1 em alta atualmente.<\/p>\n<h3>Erros comuns na decora\u00e7\u00e3o que podem ser evitados<\/h3>\n<p>Ao se aventurar na decora\u00e7\u00e3o, \u00e9 f\u00e1cil cometer alguns erros que podem desvalorizar o ambiente. O designer de interiores alerta para a import\u00e2ncia de escolher itens que harmonizem com o restante da decora\u00e7\u00e3o. Por exemplo, um porta temperos muito chamativo pode destoar em uma cozinha com um estilo mais r\u00fastico. <b>Portanto, \u00e9 essencial pensar na coer\u00eancia est\u00e9tica<\/b> ao escolher e criar pe\u00e7as decorativas.<\/p>\n<h3>O futuro da decora\u00e7\u00e3o: tend\u00eancias e inova\u00e7\u00f5es<\/h3>\n<p>O mundo da decora\u00e7\u00e3o est\u00e1 sempre em evolu\u00e7\u00e3o, e as tend\u00eancias para os pr\u00f3ximos anos prometem trazer ainda mais op\u00e7\u00f5es criativas. O estilo Farmhouse Moderno, por exemplo, \u00e9 uma das apostas para 2025, combinando elementos r\u00fasticos com toques contempor\u00e2neos. Isso significa que o porta temperos caseiro pode se encaixar perfeitamente nesse estilo, desde que seja feito com aten\u00e7\u00e3o aos detalhes e acabamentos. <b>Inovar \u00e9 a chave para se destacar no mercado<\/b>.<\/p>\n<h2>Conclus\u00e3o<\/h2>\n<p>Fazer um porta temperos caseiro \u00e9 uma atividade que une praticidade e criatividade. Al\u00e9m de embelezar a cozinha, essa pe\u00e7a pode se tornar uma fonte de renda extra, especialmente se for feita com carinho e aten\u00e7\u00e3o aos detalhes. Ao seguir o passo a passo ensinado por profissionais, qualquer um pode criar um item \u00fanico e funcional. Portanto, que tal colocar a m\u00e3o na massa e dar um toque especial \u00e0 sua casa?<\/p>\n","protected":false},"excerpt":{"rendered":"<p>Aprender a fazer um porta temperos caseiro n\u00e3o s\u00f3 embeleza a cozinha, mas tamb\u00e9m pode se transformar em uma fonte extra de renda. Neste artigo, um profissional ensina o passo a passo para criar esse item decorativo e funcional, que pode ser feito com materiais simples e acess\u00edveis. Profissional ensina como fazer porta temperos caseiro [&hellip;]<\/p>\n","protected":false},"author":102,"featured_media":133964,"comment_status":"closed","ping_status":"closed","sticky":false,"template":"","format":"standard","meta":{"footnotes":""},"categories":[249,19127],"tags":[],"class_list":["post-133965","post","type-post","status-publish","format-standard","has-post-thumbnail","category-engenharia-e-construcao-civil","category-reforma-e-manutencao"],"_wp_attached_file":null,"_wp_attachment_metadata":null,"_wp_attachment_context":null,"_wp_attachment_is_custom_header":null,"geo_longitude":null,"geo_public":null,"geo_latitude":null,"_publicize_done_external":null,"_wpas_done_3897181":null,"publicize_twitter_user":null,"_wpas_done_3897175":null,"_wpas_skip_3897181":null,"_wpas_skip_3897175":null,"_wpas_skip_3924723":null,"_wpas_mess":null,"_wpas_done_3924723":null,"wps_subtitle":"","_links":{"self":[{"href":"https:\/\/www.aarquiteta.com.br\/blog\/wp-json\/wp\/v2\/posts\/133965","targetHints":{"allow":["GET"]}}],"collection":[{"href":"https:\/\/www.aarquiteta.com.br\/blog\/wp-json\/wp\/v2\/posts"}],"about":[{"href":"https:\/\/www.aarquiteta.com.br\/blog\/wp-json\/wp\/v2\/types\/post"}],"author":[{"embeddable":true,"href":"https:\/\/www.aarquiteta.com.br\/blog\/wp-json\/wp\/v2\/users\/102"}],"replies":[{"embeddable":true,"href":"https:\/\/www.aarquiteta.com.br\/blog\/wp-json\/wp\/v2\/comments?post=133965"}],"version-history":[{"count":0,"href":"https:\/\/www.aarquiteta.com.br\/blog\/wp-json\/wp\/v2\/posts\/133965\/revisions"}],"wp:featuredmedia":[{"embeddable":true,"href":"https:\/\/www.aarquiteta.com.br\/blog\/wp-json\/wp\/v2\/media\/133964"}],"wp:attachment":[{"href":"https:\/\/www.aarquiteta.com.br\/blog\/wp-json\/wp\/v2\/media?parent=133965"}],"wp:term":[{"taxonomy":"category","embeddable":true,"href":"https:\/\/www.aarquiteta.com.br\/blog\/wp-json\/wp\/v2\/categories?post=133965"},{"taxonomy":"post_tag","embeddable":true,"href":"https:\/\/www.aarquiteta.com.br\/blog\/wp-json\/wp\/v2\/tags?post=133965"}],"curies":[{"name":"wp","href":"https:\/\/api.w.org\/{rel}","templated":true}]}}