{"id":133941,"date":"2024-11-02T14:18:34","date_gmt":"2024-11-02T17:18:34","guid":{"rendered":"https:\/\/www.aarquiteta.com.br\/blog\/armario-de-cozinha-cinza-2\/"},"modified":"2024-11-02T14:18:34","modified_gmt":"2024-11-02T17:18:34","slug":"armario-de-cozinha-cinza-2","status":"publish","type":"post","link":"https:\/\/www.aarquiteta.com.br\/blog\/armario-de-cozinha-cinza-2\/","title":{"rendered":"10 Op\u00e7\u00f5es de Arm\u00e1rio de Cozinha Cinza para Uma Organiza\u00e7\u00e3o Sofisticada"},"content":{"rendered":"<p><body><\/p>\n<p>O arm\u00e1rio de cozinha cinza \u00e9 uma escolha que une <b>eleg\u00e2ncia<\/b> e <b>funcionalidade<\/b>, perfeito para quem aspira a um espa\u00e7o moderno e pr\u00e1tico. Neste artigo, voc\u00ea encontrar\u00e1 ideias, inspira\u00e7\u00f5es e dicas para encontrar o arm\u00e1rio ideal para a sua cozinha.<\/p>\n<h2>Introdu\u00e7\u00e3o<\/h2>\n<p>A cozinha \u00e9 o cora\u00e7\u00e3o da casa e merece estar em harmonia com a est\u00e9tica e a funcionalidade. O arm\u00e1rio de cozinha cinza aparece como uma solu\u00e7\u00e3o vers\u00e1til, permitindo criar ambientes sofisticados sem perder a praticidade. Vamos explorar op\u00e7\u00f5es que atendam \u00e0s suas necessidades e desejos!<\/p>\n<h2>Por que escolher o arm\u00e1rio de cozinha cinza?<\/h2>\n<h3>Eleg\u00e2ncia e sofistica\u00e7\u00e3o<\/h3>\n<figure style=\"width: 1024px\" class=\"wp-caption aligncenter\"><img decoding=\"async\" src=\"https:\/\/www.aarquiteta.com.br\/blog\/wp-content\/uploads\/2024\/11\/armario-de-cozinha-cinza-05-730x913.webp\" alt=\"Exemplo de arm\u00e1rio cinza espelhado trazendo modernidade.\" title=\"\"><figcaption class=\"wp-caption-text\">Exemplo de arm\u00e1rio cinza espelhado trazendo modernidade.<\/figcaption><\/figure>\n<p>Optar pelo <b>cinza<\/b> na decora\u00e7\u00e3o \u00e9 como intercalar versos em um poema, ele proporciona uma sensa\u00e7\u00e3o de modernidade e <b>requinte<\/b> ao ambiente. Essa cor, muitas vezes subestimada, cria um <b>clima<\/b> contempor\u00e2neo e \u00e9 uma escolha certeira para quem procura dar um toque de classe \u00e0 cozinha.<\/p>\n<h3>Cores neutras para combina\u00e7\u00f5es flex\u00edveis<\/h3>\n<figure style=\"width: 1024px\" class=\"wp-caption aligncenter\"><img decoding=\"async\" src=\"https:\/\/www.aarquiteta.com.br\/blog\/wp-content\/uploads\/2024\/11\/armario-de-cozinha-cinza01.jpg\" alt=\"70 Op\u00e7\u00f5es de Arm\u00e1rio de Cozinha Cinza para Uma Organiza\u00e7\u00e3o Sofisticada\" width=\"1024\" height=\"1024\" title=\"\"><figcaption class=\"wp-caption-text\">70 Op\u00e7\u00f5es de Arm\u00e1rio de Cozinha Cinza para Uma Organiza\u00e7\u00e3o Sofisticada<\/figcaption><\/figure>\n<p>Um dos grandes trunfos do cinza \u00e9 sua capacidade de se integrar a diversas <b>paletas<\/b>. Isso significa que voc\u00ea pode adicionar detalhes vibrantes, como alimentos ou utens\u00edlios, e ainda manter um equil\u00edbrio no visual da sua cozinha. A <b>neutralidade<\/b> do cinza encanta tanto em rela\u00e7\u00e3o \u00e0 sua est\u00e9tica quanto \u00e0 sua funcionalidade.<\/p>\n<h2>Tipos de arm\u00e1rios de cozinha cinza<\/h2>\n<h3>Arm\u00e1rios cinza escuro<\/h3>\n<figure style=\"width: 1024px\" class=\"wp-caption aligncenter\"><img decoding=\"async\" src=\"https:\/\/www.aarquiteta.com.br\/blog\/wp-content\/uploads\/2024\/11\/armario-de-cozinha-cinza-00.webp\" alt=\"Op\u00e7\u00f5es de arm\u00e1rio de cozinha cinza para uma organiza\u00e7\u00e3o sofisticada.\" title=\"\"><figcaption class=\"wp-caption-text\">Op\u00e7\u00f5es de arm\u00e1rio de cozinha cinza para uma organiza\u00e7\u00e3o sofisticada.<\/figcaption><\/figure>\n<p>Os arm\u00e1rios em tons mais escuros t\u00eam uma presen\u00e7a <b>impactante<\/b> e se encaixam perfeitamente em ambientes que buscam uma est\u00e9tica industrial. Eles s\u00e3o perfeitos para quem valoriza um espa\u00e7o com uma <b>pegada contempor\u00e2nea<\/b> e imponente.<\/p>\n<h3>Arm\u00e1rios cinza claro<\/h3>\n<figure style=\"width: 1024px\" class=\"wp-caption aligncenter\"><img decoding=\"async\" src=\"https:\/\/www.aarquiteta.com.br\/blog\/wp-content\/uploads\/2024\/11\/armario-de-cozinha-cinza02.jpg\" alt=\"70 Op\u00e7\u00f5es de Arm\u00e1rio de Cozinha Cinza para Uma Organiza\u00e7\u00e3o Sofisticada\" width=\"1024\" height=\"1024\" title=\"\"><figcaption class=\"wp-caption-text\">70 Op\u00e7\u00f5es de Arm\u00e1rio de Cozinha Cinza para Uma Organiza\u00e7\u00e3o Sofisticada<\/figcaption><\/figure>\n<p>Se voc\u00ea deseja criar a sensa\u00e7\u00e3o de <b>amplitude<\/b>, os arm\u00e1rios cinza claro s\u00e3o a escolha ideal. Eles refletem luz e garantem que at\u00e9 as cozinhas menores pare\u00e7am mais espa\u00e7o. \u00c9 como abrir uma janela e deixar a luz entrar!<\/p>\n<h3>Arm\u00e1rios planejados<\/h3>\n<figure style=\"width: 1024px\" class=\"wp-caption aligncenter\"><img decoding=\"async\" src=\"https:\/\/www.aarquiteta.com.br\/blog\/wp-content\/uploads\/2024\/11\/armario-de-cozinha-cinza-01-730x811.webp\" alt=\"Modelo de arm\u00e1rio de cozinha cinza com design elegante.\" title=\"\"><figcaption class=\"wp-caption-text\">Modelo de arm\u00e1rio de cozinha cinza com design elegante.<\/figcaption><\/figure>\n<p>Os arm\u00e1rios planejados s\u00e3o uma <b>solu\u00e7\u00e3o<\/b> inteligente para qualquer cozinha. Com m\u00f3veis sob medida, \u00e9 poss\u00edvel otimizar cada canto, tornando o espa\u00e7o n\u00e3o apenas estiloso, mas <b>extremamente funcional<\/b>. \u00c9 como ter um aliado na sua batalha di\u00e1ria contra a bagun\u00e7a!<\/p>\n<h2>Combina\u00e7\u00f5es de cores para o arm\u00e1rio cinza<\/h2>\n<h3>Cinza e branco<\/h3>\n<figure style=\"width: 1024px\" class=\"wp-caption aligncenter\"><img decoding=\"async\" src=\"https:\/\/www.aarquiteta.com.br\/blog\/wp-content\/uploads\/2024\/11\/armario-de-cozinha-cinza03.jpg\" alt=\"70 Op\u00e7\u00f5es de Arm\u00e1rio de Cozinha Cinza para Uma Organiza\u00e7\u00e3o Sofisticada\" width=\"1024\" height=\"1024\" title=\"\"><figcaption class=\"wp-caption-text\">70 Op\u00e7\u00f5es de Arm\u00e1rio de Cozinha Cinza para Uma Organiza\u00e7\u00e3o Sofisticada<\/figcaption><\/figure>\n<p>Essa combina\u00e7\u00e3o n\u00e3o tem erro! <b>Cinza e branco<\/b> criam um espa\u00e7o limpo e moderno. A leveza do branco contrasta com a eleg\u00e2ncia do cinza, resultando em um ambiente <b>clean<\/b> e arrebatador.<\/p>\n<h3>Cinza e madeira<\/h3>\n<figure style=\"width: 1024px\" class=\"wp-caption aligncenter\"><img decoding=\"async\" src=\"https:\/\/www.aarquiteta.com.br\/blog\/wp-content\/uploads\/2024\/11\/armario-de-cozinha-cinza-02-730x913.webp\" alt=\"Arm\u00e1rio de cozinha cinza em tom neutro que combina com diferentes decora\u00e7\u00f5es.\" title=\"\"><figcaption class=\"wp-caption-text\">Arm\u00e1rio de cozinha cinza em tom neutro que combina com diferentes decora\u00e7\u00f5es.<\/figcaption><\/figure>\n<p>Combinar <b>cinza<\/b> com elementos em madeira \u00e9 uma receita para o <b>acolhimento<\/b>. Essa uni\u00e3o traz uma sensa\u00e7\u00e3o de conforto ao espa\u00e7o, ideal para quem passa longas horas na cozinha e busca um lar mais <b>quente<\/b>.<\/p>\n<h2>Como escolher o arm\u00e1rio de cozinha cinza ideal<\/h2>\n<h3>Leve em considera\u00e7\u00e3o o espa\u00e7o<\/h3>\n<figure style=\"width: 1024px\" class=\"wp-caption aligncenter\"><img decoding=\"async\" src=\"https:\/\/www.aarquiteta.com.br\/blog\/wp-content\/uploads\/2024\/11\/armario-de-cozinha-cinza4.jpg\" alt=\"70 Op\u00e7\u00f5es de Arm\u00e1rio de Cozinha Cinza para Uma Organiza\u00e7\u00e3o Sofisticada\" width=\"1024\" height=\"1024\" title=\"\"><figcaption class=\"wp-caption-text\">70 Op\u00e7\u00f5es de Arm\u00e1rio de Cozinha Cinza para Uma Organiza\u00e7\u00e3o Sofisticada<\/figcaption><\/figure>\n<p>Antes de qualquer compra, algo fundamental \u00e9 medir o espa\u00e7o dispon\u00edvel. Tente visualizar como o arm\u00e1rio vai <b>se adaptar<\/b> ao ambiente, e lembre-se: cada cent\u00edmetro conta! Um arm\u00e1rio bem posicionado pode fazer toda a diferen\u00e7a a longo prazo.<\/p>\n<h3>Priorize a funcionalidade<\/h3>\n<figure style=\"width: 1024px\" class=\"wp-caption aligncenter\"><img decoding=\"async\" src=\"https:\/\/www.aarquiteta.com.br\/blog\/wp-content\/uploads\/2024\/11\/armario-de-cozinha-cinza-03-730x913.webp\" alt=\"Sugest\u00e3o de uso do cinza na decora\u00e7\u00e3o da cozinha.\" title=\"\"><figcaption class=\"wp-caption-text\">Sugest\u00e3o de uso do cinza na decora\u00e7\u00e3o da cozinha.<\/figcaption><\/figure>\n<p>Ao escolher o arm\u00e1rio, \u00e9 vital n\u00e3o apenas considerar a est\u00e9tica, mas tamb\u00e9m a <b>funcionalidade<\/b>. Busque arm\u00e1rios que sejam pr\u00e1ticos e que proporcionem f\u00e1cil acesso a utens\u00edlios e alimentos. Um espa\u00e7o descomplicado \u00e9 como uma sinfonia bem orquestrada!<\/p>\n<h2>Onde comprar arm\u00e1rios de cozinha cinza<\/h2>\n<p>Na hora de adquirir seu arm\u00e1rio de cozinha cinza, voc\u00ea encontrar\u00e1 uma variedade de op\u00e7\u00f5es tanto online quanto em lojas f\u00edsicas. Muitas delas oferecem uma ampla gama de modelos e pre\u00e7os. Dica de amigo: priorize pesquisar algumas lojas que s\u00e3o conhecidas pela qualidade dos seus produtos.<\/p>\n<h2>Conclus\u00e3o<\/h2>\n<p>Investir em um arm\u00e1rio de cozinha cinza \u00e9 sin\u00f4nimo de optar por um espa\u00e7o que exala <b>eleg\u00e2ncia<\/b> e <b>funcionalidade<\/b>. Com as op\u00e7\u00f5es dispon\u00edveis no mercado, tenho certeza de que voc\u00ea encontrar\u00e1 a solu\u00e7\u00e3o ideal para transformar sua cozinha em um ambiente acolhedor e harmonioso, refletindo seu pr\u00f3prio estilo de forma \u00fanica.<\/p>\n<p><\/body><\/p>\n<h3>Para se aprofundar mais sobre o tema, veja a minha recomenda\u00e7\u00e3o sobre o tema deste artigo no v\u00eddeo a seguir abaixo:<\/h3>\n<p><iframe title=\"YouTube video player\" src=\"https:\/\/www.youtube.com\/embed\/\" width=\"560\" height=\"315\" frameborder=\"0\" allowfullscreen=\"allowfullscreen\"><\/iframe><\/p>\n<figure style=\"width: 1024px\" class=\"wp-caption aligncenter\"><img decoding=\"async\" src=\"https:\/\/www.aarquiteta.com.br\/blog\/wp-content\/uploads\/2024\/11\/armario-de-cozinha-cinza-04-730x730.webp\" alt=\"Arm\u00e1rio cinza combinado com branco, representa\u00e7\u00e3o de modernidade.\" title=\"\"><figcaption class=\"wp-caption-text\">Arm\u00e1rio cinza combinado com branco, representa\u00e7\u00e3o de modernidade.<\/figcaption><\/figure>\n","protected":false},"excerpt":{"rendered":"<p>Explore 70 modelos de arm\u00e1rios de cozinha cinza que combinam sofistica\u00e7\u00e3o e funcionalidade para sua casa.<\/p>\n","protected":false},"author":102,"featured_media":133934,"comment_status":"closed","ping_status":"closed","sticky":false,"template":"","format":"standard","meta":{"footnotes":""},"categories":[1484],"tags":[],"class_list":["post-133941","post","type-post","status-publish","format-standard","has-post-thumbnail","category-decoracao"],"_wp_attached_file":null,"_wp_attachment_metadata":null,"_wp_attachment_context":null,"_wp_attachment_is_custom_header":null,"geo_longitude":null,"geo_public":null,"geo_latitude":null,"_publicize_done_external":null,"_wpas_done_3897181":null,"publicize_twitter_user":null,"_wpas_done_3897175":null,"_wpas_skip_3897181":null,"_wpas_skip_3897175":null,"_wpas_skip_3924723":null,"_wpas_mess":null,"_wpas_done_3924723":null,"wps_subtitle":"","_links":{"self":[{"href":"https:\/\/www.aarquiteta.com.br\/blog\/wp-json\/wp\/v2\/posts\/133941","targetHints":{"allow":["GET"]}}],"collection":[{"href":"https:\/\/www.aarquiteta.com.br\/blog\/wp-json\/wp\/v2\/posts"}],"about":[{"href":"https:\/\/www.aarquiteta.com.br\/blog\/wp-json\/wp\/v2\/types\/post"}],"author":[{"embeddable":true,"href":"https:\/\/www.aarquiteta.com.br\/blog\/wp-json\/wp\/v2\/users\/102"}],"replies":[{"embeddable":true,"href":"https:\/\/www.aarquiteta.com.br\/blog\/wp-json\/wp\/v2\/comments?post=133941"}],"version-history":[{"count":0,"href":"https:\/\/www.aarquiteta.com.br\/blog\/wp-json\/wp\/v2\/posts\/133941\/revisions"}],"wp:featuredmedia":[{"embeddable":true,"href":"https:\/\/www.aarquiteta.com.br\/blog\/wp-json\/wp\/v2\/media\/133934"}],"wp:attachment":[{"href":"https:\/\/www.aarquiteta.com.br\/blog\/wp-json\/wp\/v2\/media?parent=133941"}],"wp:term":[{"taxonomy":"category","embeddable":true,"href":"https:\/\/www.aarquiteta.com.br\/blog\/wp-json\/wp\/v2\/categories?post=133941"},{"taxonomy":"post_tag","embeddable":true,"href":"https:\/\/www.aarquiteta.com.br\/blog\/wp-json\/wp\/v2\/tags?post=133941"}],"curies":[{"name":"wp","href":"https:\/\/api.w.org\/{rel}","templated":true}]}}