{"id":133834,"date":"2024-11-01T11:02:43","date_gmt":"2024-11-01T14:02:43","guid":{"rendered":"https:\/\/www.aarquiteta.com.br\/blog\/espelho-dagua\/"},"modified":"2024-11-01T11:02:43","modified_gmt":"2024-11-01T14:02:43","slug":"espelho-dagua","status":"publish","type":"post","link":"https:\/\/www.aarquiteta.com.br\/blog\/espelho-dagua\/","title":{"rendered":"30 Projetos Charmosos que Utilizam Espelho d&#8217;\u00c1gua"},"content":{"rendered":"<p><body><\/p>\n<p>O espelho d\u2019\u00e1gua \u00e9 uma maravilhosa adi\u00e7\u00e3o a jardins e espa\u00e7os externos, proporcionando beleza, frescor e relaxamento, al\u00e9m de dividir espa\u00e7os com eleg\u00e2ncia.<\/p>\n<h2>Introdu\u00e7\u00e3o<\/h2>\n<p>Hoje em dia, muitos buscam maneiras de transformar seus ambientes, e o espelho d\u2019\u00e1gua desponta como uma solu\u00e7\u00e3o pr\u00e1tica e visualmente atrativa. Voc\u00ea sabia que sua origem remonta \u00e0 arquitetura antiga? Prepare-se para se encantar com suas caracter\u00edsticas e como ele pode mudar a percep\u00e7\u00e3o de um espa\u00e7o.<\/p>\n<h2>O que \u00e9 Espelho d\u2019\u00c1gua?<\/h2>\n<p>Espelho d\u2019\u00e1gua nada mais \u00e9 do que uma l\u00e2mina de \u00e1gua rasa, geralmente entre 20 cm e 60 cm de profundidade, que reflete o ambiente ao redor. Essa t\u00e9cnica \u00e9 utilizada desde os tempos antigos, especialmente na arquitetura persa, onde desempenhava um papel fundamental na purifica\u00e7\u00e3o e separa\u00e7\u00e3o de espa\u00e7os.<\/p>\n<h2>Benef\u00edcios do Espelho d\u2019\u00c1gua<\/h2>\n<h3>Est\u00e9tica e Conforto T\u00e9rmico<\/h3>\n<figure style=\"width: 1024px\" class=\"wp-caption aligncenter\"><img decoding=\"async\" src=\"https:\/\/www.aarquiteta.com.br\/blog\/wp-content\/uploads\/2024\/11\/espelho-dagua01.jpg\" alt=\"30 Projetos Charmosos que Utilizam Espelho d&#039;\u00c1gua\" width=\"1024\" height=\"1024\" title=\"\"><figcaption class=\"wp-caption-text\">30 Projetos Charmosos que Utilizam Espelho d&#8217;\u00c1gua<\/figcaption><\/figure>\n<p>Al\u00e9m de proporcionar um visual incr\u00edvel e harmonioso, <b>o espelho d\u2019\u00e1gua contribui significativamente para o conforto t\u00e9rmico<\/b>. Quando a temperatura aumenta, a \u00e1gua atua como um compressor natural do calor, refletindo frescor e suavizando o ambiente.<\/p>\n<h3>Relaxamento e Tranquilidade<\/h3>\n<figure style=\"width: 1024px\" class=\"wp-caption aligncenter\"><img decoding=\"async\" src=\"https:\/\/www.aarquiteta.com.br\/blog\/wp-content\/uploads\/2024\/11\/espelho-dagua-4-730x913.webp\" alt=\"Foto de espelho d&#039;\u00e1gua 7 - 5\" title=\"\"><figcaption class=\"wp-caption-text\">Foto de espelho d&#8217;\u00e1gua 7 &#8211; 5<\/figcaption><\/figure>\n<p>Quem n\u00e3o se sente mais calmo ao ouvir o <b>sussurro da \u00e1gua<\/b>? A presen\u00e7a de espelhos d\u2019\u00e1gua gera um ambiente de relaxamento e bem-estar, perfeito para momentos de contempla\u00e7\u00e3o e descanso. \u00c9 como se a \u00e1gua tivesse o poder de lavar as tens\u00f5es do dia a dia.<\/p>\n<h2>Inspira\u00e7\u00f5es para Projetos de Espelho d\u2019\u00c1gua<\/h2>\n<h3>\u00c1reas Externas<\/h3>\n<figure style=\"width: 1024px\" class=\"wp-caption aligncenter\"><img decoding=\"async\" src=\"https:\/\/www.aarquiteta.com.br\/blog\/wp-content\/uploads\/2024\/11\/espelho-dagua-00.webp\" alt=\"Foto de espelho d&#039;\u00e1gua 1 - 1\" title=\"\"><figcaption class=\"wp-caption-text\">Foto de espelho d&#8217;\u00e1gua 1 &#8211; 1<\/figcaption><\/figure>\n<p>Integrar um espelho d\u2019\u00e1gua em <b>jardins e \u00e1reas externas<\/b> pode ser uma solu\u00e7\u00e3o magn\u00edfica! Pode ser usado como divisor de espa\u00e7os, seja entre a \u00e1rea de lazer e o jardim. A instala\u00e7\u00e3o de um espelho d\u2019\u00e1gua nesse contexto n\u00e3o apenas melhora a est\u00e9tica, mas cria um ambiente de paz.<\/p>\n<h3>Ambientes Internos<\/h3>\n<figure style=\"width: 1024px\" class=\"wp-caption aligncenter\"><img decoding=\"async\" src=\"https:\/\/www.aarquiteta.com.br\/blog\/wp-content\/uploads\/2024\/11\/espelho-dagua02.jpg\" alt=\"30 Projetos Charmosos que Utilizam Espelho d&#039;\u00c1gua\" width=\"1024\" height=\"1024\" title=\"\"><figcaption class=\"wp-caption-text\">30 Projetos Charmosos que Utilizam Espelho d&#8217;\u00c1gua<\/figcaption><\/figure>\n<p>Voc\u00ea j\u00e1 pensou em ter um espelho d\u2019\u00e1gua dentro de casa? <b>Isso mesmo!<\/b> Ele pode ser uma pe\u00e7a central em sala de estar ou at\u00e9 mesmo em banheiros, trazendo um ar de modernidade e tranquilidade aos ambientes internos.<\/p>\n<h3>Integra\u00e7\u00e3o com Vegeta\u00e7\u00e3o<\/h3>\n<figure style=\"width: 1024px\" class=\"wp-caption aligncenter\"><img decoding=\"async\" src=\"https:\/\/www.aarquiteta.com.br\/blog\/wp-content\/uploads\/2024\/11\/espelho-dagua-1-730x913.webp\" alt=\"Foto de espelho d&#039;\u00e1gua 2 - 2\" title=\"\"><figcaption class=\"wp-caption-text\">Foto de espelho d&#8217;\u00e1gua 2 &#8211; 2<\/figcaption><\/figure>\n<p>A vegeta\u00e7\u00e3o ao redor do espelho d\u2019\u00e1gua complementa n\u00e3o apenas a beleza, mas tamb\u00e9m <b>diversifica a vida local e proporciona sombra<\/b>. Plantas aqu\u00e1ticas, como l\u00edrios d\u2019\u00e1gua, s\u00e3o uma escolha inteligente para quem deseja uma est\u00e9tica natural e harm\u00f4nica.<\/p>\n<h2>Manuten\u00e7\u00e3o e Cuidados<\/h2>\n<h3>Dicas de Manuten\u00e7\u00e3o<\/h3>\n<figure style=\"width: 1024px\" class=\"wp-caption aligncenter\"><img decoding=\"async\" src=\"https:\/\/www.aarquiteta.com.br\/blog\/wp-content\/uploads\/2024\/11\/espelho-dagua03.jpg\" alt=\"30 Projetos Charmosos que Utilizam Espelho d&#039;\u00c1gua\" width=\"1024\" height=\"1024\" title=\"\"><figcaption class=\"wp-caption-text\">30 Projetos Charmosos que Utilizam Espelho d&#8217;\u00c1gua<\/figcaption><\/figure>\n<p>Manter um espelho d\u2019\u00e1gua n\u00e3o \u00e9 t\u00e3o complicado quanto pode parecer. Para garantir que ele esteja sempre bonito, uma rotina de manuten\u00e7\u00e3o inclui <b>limpeza regular<\/b> para evitar ac\u00famulo de sujeira e folhas. Al\u00e9m disso, monitorar a qualidade da \u00e1gua \u00e9 fundamental para manter o equil\u00edbrio do ecossistema que pode ser formado ali.<\/p>\n<h2>Considera\u00e7\u00f5es Finais<\/h2>\n<p>Optar por um espelho d\u2019\u00e1gua em sua casa \u00e9 mais do que uma decis\u00e3o est\u00e9tica. \u00c9 um <b>investimento em qualidade de vida<\/b>, proporcionando um espa\u00e7o de tranquilidade e beleza que pode ser admirado a qualquer momento. Ent\u00e3o, que tal considerar essa adi\u00e7\u00e3o em seu projeto? Tenho certeza de que voc\u00ea vai se apaixonar pelos resultados!<\/p>\n<p><\/body><br \/>\n<figure style=\"width: 1024px\" class=\"wp-caption aligncenter\"><img decoding=\"async\" src=\"https:\/\/www.aarquiteta.com.br\/blog\/wp-content\/uploads\/2024\/11\/espelho-dagua-2-730x912.jpg\" alt=\"Foto de espelho d&#039;\u00e1gua 3 - 3\" title=\"\"><figcaption class=\"wp-caption-text\">Foto de espelho d&#8217;\u00e1gua 3 &#8211; 3<\/figcaption><\/figure>\n<figure style=\"width: 1024px\" class=\"wp-caption aligncenter\"><img decoding=\"async\" src=\"https:\/\/www.aarquiteta.com.br\/blog\/wp-content\/uploads\/2024\/11\/espelho-dagua4.jpg\" alt=\"30 Projetos Charmosos que Utilizam Espelho d&#039;\u00c1gua\" width=\"1024\" height=\"1024\" title=\"\"><figcaption class=\"wp-caption-text\">30 Projetos Charmosos que Utilizam Espelho d&#8217;\u00c1gua<\/figcaption><\/figure>\n<figure style=\"width: 1024px\" class=\"wp-caption aligncenter\"><img decoding=\"async\" src=\"https:\/\/www.aarquiteta.com.br\/blog\/wp-content\/uploads\/2024\/11\/espelho-dagua-3-730x476.webp\" alt=\"Foto de espelho d&#039;\u00e1gua 4 - 4\" title=\"\"><figcaption class=\"wp-caption-text\">Foto de espelho d&#8217;\u00e1gua 4 &#8211; 4<\/figcaption><\/figure>\n<p><iframe title=\"YouTube video player\" src=\"https:\/\/www.youtube.com\/embed\/\" width=\"560\" height=\"315\" frameborder=\"0\" allowfullscreen=\"allowfullscreen\"><\/iframe><\/p>\n<figure style=\"width: 1024px\" class=\"wp-caption aligncenter\"><img decoding=\"async\" src=\"https:\/\/www.aarquiteta.com.br\/blog\/wp-content\/uploads\/2024\/11\/espelho-dagua-7-730x730.webp\" alt=\"Foto de espelho d&#039;\u00e1gua 5 - 6\" title=\"\"><figcaption class=\"wp-caption-text\">Foto de espelho d&#8217;\u00e1gua 5 &#8211; 6<\/figcaption><\/figure>\n","protected":false},"excerpt":{"rendered":"<p>Explore projetos inspiradores de espelho d&#8217;\u00e1gua e descubra como este elemento pode transformar seu espa\u00e7o!<\/p>\n","protected":false},"author":102,"featured_media":133827,"comment_status":"closed","ping_status":"closed","sticky":false,"template":"","format":"standard","meta":{"footnotes":""},"categories":[1507,249],"tags":[],"class_list":["post-133834","post","type-post","status-publish","format-standard","has-post-thumbnail","category-arquitetura","category-engenharia-e-construcao-civil"],"_wp_attached_file":null,"_wp_attachment_metadata":null,"_wp_attachment_context":null,"_wp_attachment_is_custom_header":null,"geo_longitude":null,"geo_public":null,"geo_latitude":null,"_publicize_done_external":null,"_wpas_done_3897181":null,"publicize_twitter_user":null,"_wpas_done_3897175":null,"_wpas_skip_3897181":null,"_wpas_skip_3897175":null,"_wpas_skip_3924723":null,"_wpas_mess":null,"_wpas_done_3924723":null,"wps_subtitle":"","_links":{"self":[{"href":"https:\/\/www.aarquiteta.com.br\/blog\/wp-json\/wp\/v2\/posts\/133834","targetHints":{"allow":["GET"]}}],"collection":[{"href":"https:\/\/www.aarquiteta.com.br\/blog\/wp-json\/wp\/v2\/posts"}],"about":[{"href":"https:\/\/www.aarquiteta.com.br\/blog\/wp-json\/wp\/v2\/types\/post"}],"author":[{"embeddable":true,"href":"https:\/\/www.aarquiteta.com.br\/blog\/wp-json\/wp\/v2\/users\/102"}],"replies":[{"embeddable":true,"href":"https:\/\/www.aarquiteta.com.br\/blog\/wp-json\/wp\/v2\/comments?post=133834"}],"version-history":[{"count":0,"href":"https:\/\/www.aarquiteta.com.br\/blog\/wp-json\/wp\/v2\/posts\/133834\/revisions"}],"wp:featuredmedia":[{"embeddable":true,"href":"https:\/\/www.aarquiteta.com.br\/blog\/wp-json\/wp\/v2\/media\/133827"}],"wp:attachment":[{"href":"https:\/\/www.aarquiteta.com.br\/blog\/wp-json\/wp\/v2\/media?parent=133834"}],"wp:term":[{"taxonomy":"category","embeddable":true,"href":"https:\/\/www.aarquiteta.com.br\/blog\/wp-json\/wp\/v2\/categories?post=133834"},{"taxonomy":"post_tag","embeddable":true,"href":"https:\/\/www.aarquiteta.com.br\/blog\/wp-json\/wp\/v2\/tags?post=133834"}],"curies":[{"name":"wp","href":"https:\/\/api.w.org\/{rel}","templated":true}]}}