{"id":133790,"date":"2024-10-31T17:29:56","date_gmt":"2024-10-31T20:29:56","guid":{"rendered":"https:\/\/www.aarquiteta.com.br\/blog\/piso-preto-e-branco-2\/"},"modified":"2024-10-31T17:29:56","modified_gmt":"2024-10-31T20:29:56","slug":"piso-preto-e-branco-2","status":"publish","type":"post","link":"https:\/\/www.aarquiteta.com.br\/blog\/piso-preto-e-branco-2\/","title":{"rendered":"50 Ambientes com Piso Preto e Branco"},"content":{"rendered":"<p><body><\/p>\n<p>O piso preto e branco traz um ar sofisticado e vers\u00e1til, perfeito para qualquer estilo de decora\u00e7\u00e3o. Essa combina\u00e7\u00e3o cl\u00e1ssica n\u00e3o apenas harmoniza espa\u00e7os, mas tamb\u00e9m os transforma, proporcionando personalidade e dinamismo.<\/p>\n<h2>Principais Pontos a Serem Abordados<\/h2>\n<ul>\n<li><strong>Introdu\u00e7\u00e3o ao conceito:<\/strong> O piso preto e branco \u00e9 uma combina\u00e7\u00e3o atemporal que se adapta a diversos ambientes e estilos.<\/li>\n<li><strong>Vantagens:<\/strong> Versatilidade e dinamismo s\u00e3o algumas das qualidades dessa escolha.<\/li>\n<li><strong>Aplica\u00e7\u00f5es pr\u00e1ticas:<\/strong> Desde cozinhas at\u00e9 banheiros, essa combina\u00e7\u00e3o \u00e9 rica em possibilidades.<\/li>\n<li><strong>Padr\u00f5es comuns:<\/strong> A pagina\u00e7\u00e3o xadrez e estampas criativas s\u00e3o op\u00e7\u00f5es muito procuradas.<\/li>\n<li><strong>Dicas de personaliza\u00e7\u00e3o:<\/strong> Como combinar os tons e distribuir as cores para um resultado harmonioso.<\/li>\n<li><strong>Cria\u00e7\u00e3o de ambientes personalizados:<\/strong> O piso preto e branco pode transmitir desde sofistica\u00e7\u00e3o at\u00e9 um toque vintage.<\/li>\n<\/ul>\n<h2>1. Introdu\u00e7\u00e3o ao Piso Preto e Branco<\/h2>\n<p>Quando falamos sobre <b>piso preto e branco<\/b>, estamos nos referindo a uma paleta que remete \u00e0 eleg\u00e2ncia e \u00e0 tradi\u00e7\u00e3o. Essa combina\u00e7\u00e3o \u00e9 capaz de transformar um ambiente simples em algo mais atraente e diferente. A ideia \u00e9 trazer um toque de modernidade enquanto respeitamos o cl\u00e1ssico, tornando qualquer c\u00f4modo um verdadeiro espet\u00e1culo visual.<\/p>\n<h2>2. Vantagens do Piso Preto e Branco<\/h2>\n<h3>2.1 Estilo Vers\u00e1til<\/h3>\n<figure style=\"width: 1024px\" class=\"wp-caption aligncenter\"><img decoding=\"async\" src=\"https:\/\/www.aarquiteta.com.br\/blog\/wp-content\/uploads\/2024\/10\/piso-preto-e-branco01.jpg\" alt=\"50 Ambientes com Piso Preto e Branco\" width=\"1024\" height=\"1024\" title=\"\"><figcaption class=\"wp-caption-text\">50 Ambientes com Piso Preto e Branco<\/figcaption><\/figure>\n<p>A primeira vantagem que me vem \u00e0 mente \u00e9 a <b>versatilidade<\/b>. Uma vez que o preto e o branco se adaptam perfeitamente a quaisquer estilos de decora\u00e7\u00e3o, voc\u00ea pode utiliz\u00e1-los tanto em casas de estilo r\u00fastico quanto em apartamentos contempor\u00e2neos. As op\u00e7\u00f5es s\u00e3o t\u00e3o amplas que \u00e9 poss\u00edvel brincar com a mistura de elementos sem medo de errar.<\/p>\n<h3>2.2 Toque Din\u00e2mico<\/h3>\n<figure style=\"width: 1024px\" class=\"wp-caption aligncenter\"><img decoding=\"async\" src=\"https:\/\/www.aarquiteta.com.br\/blog\/wp-content\/uploads\/2024\/10\/piso-preto-e-branco-4-730x912.webp\" alt=\"Foto de piso preto e branco 5 - 5\" title=\"\"><figcaption class=\"wp-caption-text\">Foto de piso preto e branco 5 &#8211; 5<\/figcaption><\/figure>\n<p>Outra vantagem \u00e9 o <b>toque din\u00e2mico<\/b> que essa combina\u00e7\u00e3o proporciona. Ao brincar com padr\u00f5es, como xadrez e listras, voc\u00ea consegue criar um ambiente que n\u00e3o \u00e9 apenas bonito, mas cheio de vida e movimento. \u00c9 como se o piso contasse uma hist\u00f3ria pr\u00f3pria, convidando as pessoas a explorarem cada canto do ambiente.<\/p>\n<h2>3. Aplica\u00e7\u00f5es do Piso em Diferentes Ambientes<\/h2>\n<h3>3.1 Cozinha<\/h3>\n<figure style=\"width: 1024px\" class=\"wp-caption aligncenter\"><img decoding=\"async\" src=\"https:\/\/www.aarquiteta.com.br\/blog\/wp-content\/uploads\/2024\/10\/piso-preto-e-branco-00.webp\" alt=\"Foto de piso preto e branco 1 - 1\" title=\"\"><figcaption class=\"wp-caption-text\">Foto de piso preto e branco 1 &#8211; 1<\/figcaption><\/figure>\n<p>Na cozinha, o uso do <b>piso preto e branco<\/b> pode ser uma escolha surpreendente. Ao equilibrar cores, voc\u00ea pode transformar o espa\u00e7o em um local agrad\u00e1vel para cozinhar e receber amigos. Uma dica \u00e9 utilizar o padr\u00e3o xadrez que, al\u00e9m de cl\u00e1ssico, remete \u00e0 um ar r\u00fastico e aconchegante.<\/p>\n<h3>3.2 Banheiro<\/h3>\n<figure style=\"width: 1024px\" class=\"wp-caption aligncenter\"><img decoding=\"async\" src=\"https:\/\/www.aarquiteta.com.br\/blog\/wp-content\/uploads\/2024\/10\/piso-preto-e-branco02.jpg\" alt=\"50 Ambientes com Piso Preto e Branco\" width=\"1024\" height=\"1024\" title=\"\"><figcaption class=\"wp-caption-text\">50 Ambientes com Piso Preto e Branco<\/figcaption><\/figure>\n<p>No banheiro, essa combina\u00e7\u00e3o pode ser a chave para um ambiente <b>elegante<\/b> e cheio de estilo. Azulejos em preto e branco nas paredes ou mesmo um piso diferenciado transformam o espa\u00e7o, criando uma atmosfera de spa. Imagine relaxar em um banheiro que parece ter sa\u00eddo de uma revista de decora\u00e7\u00e3o!<\/p>\n<h2>4. Padr\u00f5es e Designs Comuns<\/h2>\n<h3>4.1 Pagina\u00e7\u00e3o Xadrez<\/h3>\n<figure style=\"width: 1024px\" class=\"wp-caption aligncenter\"><img decoding=\"async\" src=\"https:\/\/www.aarquiteta.com.br\/blog\/wp-content\/uploads\/2024\/10\/piso-preto-e-branco-1-730x487.webp\" alt=\"Foto de piso preto e branco 2 - 2\" title=\"\"><figcaption class=\"wp-caption-text\">Foto de piso preto e branco 2 &#8211; 2<\/figcaption><\/figure>\n<p>O padr\u00e3o xadrez \u00e9, sem d\u00favida, um <b>cl\u00e1ssico<\/b>. Super f\u00e1cil de aplicar, ele cria um visual impressionante e divertido. N\u00e3o h\u00e1 como negar que esse design traz um qu\u00ea de nostalgia, lembrando d\u00e9cadas passadas enquanto brilha com um toque moderno.<\/p>\n<h3>4.2 Estampas Criativas<\/h3>\n<figure style=\"width: 1024px\" class=\"wp-caption aligncenter\"><img decoding=\"async\" src=\"https:\/\/www.aarquiteta.com.br\/blog\/wp-content\/uploads\/2024\/10\/piso-preto-e-branco03.jpg\" alt=\"50 Ambientes com Piso Preto e Branco\" width=\"1024\" height=\"1024\" title=\"\"><figcaption class=\"wp-caption-text\">50 Ambientes com Piso Preto e Branco<\/figcaption><\/figure>\n<p>Al\u00e9m do xadrez, existem <b>estampas criativas<\/b> que podem ser utilizadas. Natureza, geometria, ou mesmo desenhos mais ousados, tudo isso pode integrar o conceito de piso preto e branco de uma maneira inesperada e fascinante. \u00c9 uma oportunidade de se expressar atrav\u00e9s da decora\u00e7\u00e3o.<\/p>\n<h2>5. Dicas para Personaliza\u00e7\u00e3o<\/h2>\n<h3>5.1 Distribui\u00e7\u00e3o de Cores<\/h3>\n<figure style=\"width: 1024px\" class=\"wp-caption aligncenter\"><img decoding=\"async\" src=\"https:\/\/www.aarquiteta.com.br\/blog\/wp-content\/uploads\/2024\/10\/piso-preto-e-branco-2-730x945.webp\" alt=\"Foto de piso preto e branco 3 - 3\" title=\"\"><figcaption class=\"wp-caption-text\">Foto de piso preto e branco 3 &#8211; 3<\/figcaption><\/figure>\n<p>Ao pensar na distribui\u00e7\u00e3o de cores, \u00e9 importante manter a <b>harmonia<\/b> no ambiente. Uma dica \u00e9 usar o preto em grandes quantidades para dar profundidade e o branco para iluminar a composi\u00e7\u00e3o. Assim, voc\u00ea cria um espa\u00e7o que \u00e9 ao mesmo tempo acolhedor e vibrante.<\/p>\n<h3>5.2 Combina\u00e7\u00e3o com Outras Cores<\/h3>\n<figure style=\"width: 1024px\" class=\"wp-caption aligncenter\"><img decoding=\"async\" src=\"https:\/\/www.aarquiteta.com.br\/blog\/wp-content\/uploads\/2024\/10\/piso-preto-e-branco4.jpg\" alt=\"50 Ambientes com Piso Preto e Branco\" width=\"1024\" height=\"1024\" title=\"\"><figcaption class=\"wp-caption-text\">50 Ambientes com Piso Preto e Branco<\/figcaption><\/figure>\n<p>N\u00e3o precisamos prender-nos apenas ao preto e branco. Adicionar <b>cores<\/b> complementares \u00e9 uma maneira excelente de enriquecer o espa\u00e7o. Cores mais vibrantes como amarelo, vermelho ou, at\u00e9 mesmo, um verde-\u00e1gua podem fornecer um contraste interessante, elevando a decora\u00e7\u00e3o a outro patamar.<\/p>\n<h2>6. Cria\u00e7\u00e3o de Ambientes com Personalidade<\/h2>\n<h3>6.1 Ambientes Sofisticados<\/h3>\n<figure style=\"width: 1024px\" class=\"wp-caption aligncenter\"><img decoding=\"async\" src=\"https:\/\/www.aarquiteta.com.br\/blog\/wp-content\/uploads\/2024\/10\/piso-preto-e-branco-3-730x912.webp\" alt=\"Foto de piso preto e branco 4 - 4\" title=\"\"><figcaption class=\"wp-caption-text\">Foto de piso preto e branco 4 &#8211; 4<\/figcaption><\/figure>\n<p>Se voc\u00ea busca criar um espa\u00e7o <b>requintado<\/b>, o piso preto e branco deve estar no seu radar. Combinando m\u00f3veis elegantes e ilumina\u00e7\u00e3o adequada, \u00e9 poss\u00edvel elevar qualquer c\u00f4modo a um n\u00edvel de sofistica\u00e7\u00e3o digna de um hotel cinco estrelas.<\/p>\n<h3>6.2 Atmosfera Retro<\/h3>\n<p><iframe title=\"YouTube video player\" src=\"https:\/\/www.youtube.com\/embed\/\" width=\"560\" height=\"315\" frameborder=\"0\" allowfullscreen=\"allowfullscreen\"><\/iframe><\/p>\n<p>Para adicionar um toque <b>vintage<\/b>, n\u00e3o hesite em explorar o uso de m\u00f3veis antigos ou acess\u00f3rios de \u00e9poca. O contraste entre o piso e essas pe\u00e7as cria uma atmosfera nost\u00e1lgica e \u00fanica, como se estiv\u00e9ssemos em uma outra era, ainda assim supercontempor\u00e2nea.<\/p>\n<h2>Conclus\u00e3o<\/h2>\n<p>O piso preto e branco \u00e9 mais do que uma simples op\u00e7\u00e3o decorativa; ele \u00e9 uma <b>oportunidade<\/b> de expressar estilo e personalidade em qualquer ambiente. Ao escolher essa combina\u00e7\u00e3o, voc\u00ea n\u00e3o s\u00f3 transforma seu espa\u00e7o como tamb\u00e9m cria um reflexo de sua pr\u00f3pria identidade. Ent\u00e3o, que tal experimentar e deixar o seu lar ainda mais especial?<\/p>\n<p><\/body><\/p>\n<figure style=\"width: 1024px\" class=\"wp-caption aligncenter\"><img decoding=\"async\" src=\"https:\/\/www.aarquiteta.com.br\/blog\/wp-content\/uploads\/2024\/10\/piso-preto-e-branco-5-730x536.webp\" alt=\"Foto de piso preto e branco 6 - 6\" title=\"\"><figcaption class=\"wp-caption-text\">Foto de piso preto e branco 6 &#8211; 6<\/figcaption><\/figure>\n","protected":false},"excerpt":{"rendered":"<p>Explore 50 ambientes com piso preto e branco, uma combina\u00e7\u00e3o elegante e vers\u00e1til que transforma a decora\u00e7\u00e3o da sua casa.<\/p>\n","protected":false},"author":102,"featured_media":133783,"comment_status":"closed","ping_status":"closed","sticky":false,"template":"","format":"standard","meta":{"footnotes":""},"categories":[1507,249],"tags":[],"class_list":["post-133790","post","type-post","status-publish","format-standard","has-post-thumbnail","category-arquitetura","category-engenharia-e-construcao-civil"],"_wp_attached_file":null,"_wp_attachment_metadata":null,"_wp_attachment_context":null,"_wp_attachment_is_custom_header":null,"geo_longitude":null,"geo_public":null,"geo_latitude":null,"_publicize_done_external":null,"_wpas_done_3897181":null,"publicize_twitter_user":null,"_wpas_done_3897175":null,"_wpas_skip_3897181":null,"_wpas_skip_3897175":null,"_wpas_skip_3924723":null,"_wpas_mess":null,"_wpas_done_3924723":null,"wps_subtitle":"","_links":{"self":[{"href":"https:\/\/www.aarquiteta.com.br\/blog\/wp-json\/wp\/v2\/posts\/133790","targetHints":{"allow":["GET"]}}],"collection":[{"href":"https:\/\/www.aarquiteta.com.br\/blog\/wp-json\/wp\/v2\/posts"}],"about":[{"href":"https:\/\/www.aarquiteta.com.br\/blog\/wp-json\/wp\/v2\/types\/post"}],"author":[{"embeddable":true,"href":"https:\/\/www.aarquiteta.com.br\/blog\/wp-json\/wp\/v2\/users\/102"}],"replies":[{"embeddable":true,"href":"https:\/\/www.aarquiteta.com.br\/blog\/wp-json\/wp\/v2\/comments?post=133790"}],"version-history":[{"count":0,"href":"https:\/\/www.aarquiteta.com.br\/blog\/wp-json\/wp\/v2\/posts\/133790\/revisions"}],"wp:featuredmedia":[{"embeddable":true,"href":"https:\/\/www.aarquiteta.com.br\/blog\/wp-json\/wp\/v2\/media\/133783"}],"wp:attachment":[{"href":"https:\/\/www.aarquiteta.com.br\/blog\/wp-json\/wp\/v2\/media?parent=133790"}],"wp:term":[{"taxonomy":"category","embeddable":true,"href":"https:\/\/www.aarquiteta.com.br\/blog\/wp-json\/wp\/v2\/categories?post=133790"},{"taxonomy":"post_tag","embeddable":true,"href":"https:\/\/www.aarquiteta.com.br\/blog\/wp-json\/wp\/v2\/tags?post=133790"}],"curies":[{"name":"wp","href":"https:\/\/api.w.org\/{rel}","templated":true}]}}