{"id":133712,"date":"2024-10-30T14:09:34","date_gmt":"2024-10-30T17:09:34","guid":{"rendered":"https:\/\/www.aarquiteta.com.br\/blog\/sanca-invertida\/"},"modified":"2024-10-30T14:09:34","modified_gmt":"2024-10-30T17:09:34","slug":"sanca-invertida","status":"publish","type":"post","link":"https:\/\/www.aarquiteta.com.br\/blog\/sanca-invertida\/","title":{"rendered":"Dicas e 6 Projetos com Sanca Invertida para Criar um Ambiente Elegante"},"content":{"rendered":"<p><body><\/p>\n<p>A sanca invertida \u00e9 um recurso que valoriza o ambiente, mesclando sofistica\u00e7\u00e3o e funcionalidade. Com ela, \u00e9 poss\u00edvel criar uma ilumina\u00e7\u00e3o indireta que transforma o espa\u00e7o e o torna mais acolhedor e moderno, ideal para quem busca decora\u00e7\u00e3o contempor\u00e2nea.<\/p>\n<h2>Introdu\u00e7\u00e3o<\/h2>\n<p>Sabe aquela sensa\u00e7\u00e3o de aconchego e modernidade? Pois \u00e9, a <b>sanca invertida<\/b> \u00e9 o que pode proporcionar isso em sua casa. Neste artigo, vamos explorar tudo sobre esse acabamento elegante e suas in\u00fameras vantagens.<\/p>\n<h2>O que \u00e9 sanca invertida?<\/h2>\n<p>Para simplificar, a <b>sanca invertida<\/b> \u00e9 um tipo de revestimento em gesso que possui uma abertura lateral voltada para as paredes. Essa caracter\u00edstica permite que a ilumina\u00e7\u00e3o fique mais suave, criando um efeito de <b>ilumina\u00e7\u00e3o indireta<\/b> que se adapta perfeitamente a diversos ambientes, seja na sala, no quartos ou at\u00e9 mesmo na cozinha.<\/p>\n<h2>Vantagens da sanca invertida<\/h2>\n<h3>1. Ilumina\u00e7\u00e3o indireta<\/h3>\n<figure style=\"width: 1024px\" class=\"wp-caption aligncenter\"><img decoding=\"async\" src=\"https:\/\/www.aarquiteta.com.br\/blog\/wp-content\/uploads\/2024\/10\/sanca-invertida01.jpg\" alt=\"Dicas e 6 Projetos com Sanca Invertida para Criar um Ambiente Elegante\" width=\"1024\" height=\"1024\" title=\"\"><figcaption class=\"wp-caption-text\">Dicas e 6 Projetos com Sanca Invertida para Criar um Ambiente Elegante<\/figcaption><\/figure>\n<p>Um dos maiores atrativos da sanca invertida \u00e9 a <b>ilumina\u00e7\u00e3o indireta<\/b>. Ao se utilizar fitas de LED ou l\u00e2mpadas fluorescentes, a luz se espalha de forma uniforme, evitando sombras e proporcionando um clima acolhedor.<\/p>\n<h3>2. Est\u00e9tica moderna<\/h3>\n<figure style=\"width: 1024px\" class=\"wp-caption aligncenter\"><img decoding=\"async\" src=\"https:\/\/www.aarquiteta.com.br\/blog\/wp-content\/uploads\/2024\/10\/rebaixamento-de-gesso-00-286x160.webp\" alt=\"Foto de rebaixamento de gesso 00 - 4\" title=\"\"><figcaption class=\"wp-caption-text\">Foto de rebaixamento de gesso 00 &#8211; 4<\/figcaption><\/figure>\n<p>Sem d\u00favida, o visual contempor\u00e2neo que a sanca traz ao ambiente \u00e9 incompar\u00e1vel. Ela se torna um <b>ponto focal<\/b> no d\u00e9cor, conferindo um ar de sofistica\u00e7\u00e3o.<\/p>\n<h3>3. Versatilidade de uso<\/h3>\n<figure style=\"width: 1024px\" class=\"wp-caption aligncenter\"><img decoding=\"async\" src=\"https:\/\/www.aarquiteta.com.br\/blog\/wp-content\/uploads\/2024\/10\/sanca-invertida-00-1.jpg\" alt=\"Dicas e 14 projetos com sanca invertida para criar um ambiente elegante\" title=\"\"><figcaption class=\"wp-caption-text\">Dicas e 14 projetos com sanca invertida para criar um ambiente elegante<\/figcaption><\/figure>\n<p>Uma das caracter\u00edsticas mais bacanas da sanca invertida \u00e9 sua <b>versatilidade<\/b>. Pode ser usada em diferentes ambientes e configura\u00e7\u00f5es, tendo um papel fundamental na integra\u00e7\u00e3o de espa\u00e7os. Imagine uma sala de estar que se conecta visualmente \u00e0 cozinha. Fica lindo!<\/p>\n<h2>Principais d\u00favidas sobre a instala\u00e7\u00e3o<\/h2>\n<p>\u00c9 normal ter d\u00favidas quando falamos de instala\u00e7\u00e3o, certo? Vamos esclarecer alguns pontos que podem surgir ao considerar a sanca invertida:<\/p>\n<ul>\n<li>Como \u00e9 feita a instala\u00e7\u00e3o?<\/li>\n<li>Quais s\u00e3o os cuidados necess\u00e1rios?<\/li>\n<li>Quanto custo, em m\u00e9dia, para implementar esse acabamento?<\/li>\n<\/ul>\n<h2>14 projetos inspiradores com sanca invertida<\/h2>\n<h3>1. Ambientes elegantes<\/h3>\n<figure style=\"width: 1024px\" class=\"wp-caption aligncenter\"><img decoding=\"async\" src=\"https:\/\/www.aarquiteta.com.br\/blog\/wp-content\/uploads\/2024\/10\/sanca-invertida02.jpg\" alt=\"Dicas e 6 Projetos com Sanca Invertida para Criar um Ambiente Elegante\" width=\"1024\" height=\"1024\" title=\"\"><figcaption class=\"wp-caption-text\">Dicas e 6 Projetos com Sanca Invertida para Criar um Ambiente Elegante<\/figcaption><\/figure>\n<p>A primeira coisa que me vem \u00e0 mente \u00e9 como a sanca pode realmente transformar um espa\u00e7o comum em <b>um ambiente elegante<\/b>. Seja uma sala de estar ou um quarto, o efeito \u00e9 encantador.<\/p>\n<h3>2. Integra\u00e7\u00e3o de ambientes<\/h3>\n<figure style=\"width: 1024px\" class=\"wp-caption aligncenter\"><img decoding=\"async\" src=\"https:\/\/www.aarquiteta.com.br\/blog\/wp-content\/uploads\/2024\/10\/sanca-invertida-001.jpg\" alt=\"Foto de sanca invertida 001 - 1\" title=\"\"><figcaption class=\"wp-caption-text\">Foto de sanca invertida 001 &#8211; 1<\/figcaption><\/figure>\n<p>Ao utilizar a sanca como elemento de transi\u00e7\u00e3o, n\u00e3o s\u00f3 unimos os ambientes, mas tamb\u00e9m criamos <b>uniformidade<\/b> visual que faz toda a diferen\u00e7a na decora\u00e7\u00e3o.<\/p>\n<h3>3. Personaliza\u00e7\u00e3o com LEDs<\/h3>\n<figure style=\"width: 1024px\" class=\"wp-caption aligncenter\"><img decoding=\"async\" src=\"https:\/\/www.aarquiteta.com.br\/blog\/wp-content\/uploads\/2024\/10\/sanca-invertida03.jpg\" alt=\"Dicas e 6 Projetos com Sanca Invertida para Criar um Ambiente Elegante\" width=\"1024\" height=\"1024\" title=\"\"><figcaption class=\"wp-caption-text\">Dicas e 6 Projetos com Sanca Invertida para Criar um Ambiente Elegante<\/figcaption><\/figure>\n<p>Os LEDs s\u00e3o uma ferramenta poderosa. Imagine um jogo de luzes coloridas salpicando o ambiente, mudando completamente a vibe. Aqui, a <b>personaliza\u00e7\u00e3o<\/b> \u00e9 a chave! Voc\u00ea pode brincar com cores e intensidades para ritmar seu espa\u00e7o da maneira que desejar.<\/p>\n<h2>Dicas de instala\u00e7\u00e3o e cuidados<\/h2>\n<h3>1. Escolha da ilumina\u00e7\u00e3o<\/h3>\n<figure style=\"width: 1024px\" class=\"wp-caption aligncenter\"><img decoding=\"async\" src=\"https:\/\/www.aarquiteta.com.br\/blog\/wp-content\/uploads\/2024\/10\/painel-de-gesso-3d-00-286x160.jpg\" alt=\"Foto de painel de gesso 3d 00 - 2\" title=\"\"><figcaption class=\"wp-caption-text\">Foto de painel de gesso 3d 00 &#8211; 2<\/figcaption><\/figure>\n<p>Evitar sombras e destacar detalhes na decora\u00e7\u00e3o s\u00e3o tarefas do planejamento da ilumina\u00e7\u00e3o instalada na sanca. Aqui, a <b>escolha correta<\/b> \u00e9 fundamental para manter a harmonia do projeto.<\/p>\n<h3>2. Materiais de acabamento<\/h3>\n<figure style=\"width: 1024px\" class=\"wp-caption aligncenter\"><img decoding=\"async\" src=\"https:\/\/www.aarquiteta.com.br\/blog\/wp-content\/uploads\/2024\/10\/sanca-invertida4.jpg\" alt=\"Dicas e 6 Projetos com Sanca Invertida para Criar um Ambiente Elegante\" width=\"1024\" height=\"1024\" title=\"\"><figcaption class=\"wp-caption-text\">Dicas e 6 Projetos com Sanca Invertida para Criar um Ambiente Elegante<\/figcaption><\/figure>\n<p>Na hora de escolher o material do acabamento, existem boas alternativas como gesso e isopor. Enquanto o gesso \u00e9 mais dur\u00e1vel e proporciona um acabamento de alta qualidade, o isopor pode ser <b>uma op\u00e7\u00e3o econ\u00f4mica e leve<\/b> mas n\u00e3o menos estilosa.<\/p>\n<h2>Considera\u00e7\u00f5es Finais<\/h2>\n<p>Para concluir, a sanca invertida n\u00e3o \u00e9 apenas um detalhe na decora\u00e7\u00e3o, mas sim uma escolha que traz eleg\u00e2ncia, modernidade e uma ilumina\u00e7\u00e3o adapt\u00e1vel a v\u00e1rios estilos. Ao decidir investir nesse acabamento, voc\u00ea transforma seu ambiente de maneira significativa e inspiradora.<\/p>\n<p><\/body><br \/>\n<figure style=\"width: 1024px\" class=\"wp-caption aligncenter\"><img decoding=\"async\" src=\"https:\/\/www.aarquiteta.com.br\/blog\/wp-content\/uploads\/2024\/10\/estante-de-gesso-para-sala-00-286x160.png\" alt=\"Foto de estante de gesso para sala 00 - 3\" title=\"\"><figcaption class=\"wp-caption-text\">Foto de estante de gesso para sala 00 &#8211; 3<\/figcaption><\/figure>\n<p><iframe title=\"YouTube video player\" src=\"https:\/\/www.youtube.com\/embed\/\" width=\"560\" height=\"315\" frameborder=\"0\" allowfullscreen=\"allowfullscreen\"><\/iframe><\/p>\n<figure style=\"width: 1024px\" class=\"wp-caption aligncenter\"><img decoding=\"async\" src=\"https:\/\/www.aarquiteta.com.br\/blog\/wp-content\/uploads\/2024\/10\/sanca-invertida-002.jpg\" alt=\"Foto de sanca invertida 002 - 5\" title=\"\"><figcaption class=\"wp-caption-text\">Foto de sanca invertida 002 &#8211; 5<\/figcaption><\/figure>\n","protected":false},"excerpt":{"rendered":"<p>Descubra como a sanca invertida pode transformar seu ambiente com eleg\u00e2ncia e sofistica\u00e7\u00e3o em 14 op\u00e7\u00f5es criativas.<\/p>\n","protected":false},"author":102,"featured_media":133705,"comment_status":"closed","ping_status":"closed","sticky":false,"template":"","format":"standard","meta":{"footnotes":""},"categories":[1507,249],"tags":[],"class_list":["post-133712","post","type-post","status-publish","format-standard","has-post-thumbnail","category-arquitetura","category-engenharia-e-construcao-civil"],"_wp_attached_file":null,"_wp_attachment_metadata":null,"_wp_attachment_context":null,"_wp_attachment_is_custom_header":null,"geo_longitude":null,"geo_public":null,"geo_latitude":null,"_publicize_done_external":null,"_wpas_done_3897181":null,"publicize_twitter_user":null,"_wpas_done_3897175":null,"_wpas_skip_3897181":null,"_wpas_skip_3897175":null,"_wpas_skip_3924723":null,"_wpas_mess":null,"_wpas_done_3924723":null,"wps_subtitle":"","_links":{"self":[{"href":"https:\/\/www.aarquiteta.com.br\/blog\/wp-json\/wp\/v2\/posts\/133712","targetHints":{"allow":["GET"]}}],"collection":[{"href":"https:\/\/www.aarquiteta.com.br\/blog\/wp-json\/wp\/v2\/posts"}],"about":[{"href":"https:\/\/www.aarquiteta.com.br\/blog\/wp-json\/wp\/v2\/types\/post"}],"author":[{"embeddable":true,"href":"https:\/\/www.aarquiteta.com.br\/blog\/wp-json\/wp\/v2\/users\/102"}],"replies":[{"embeddable":true,"href":"https:\/\/www.aarquiteta.com.br\/blog\/wp-json\/wp\/v2\/comments?post=133712"}],"version-history":[{"count":0,"href":"https:\/\/www.aarquiteta.com.br\/blog\/wp-json\/wp\/v2\/posts\/133712\/revisions"}],"wp:featuredmedia":[{"embeddable":true,"href":"https:\/\/www.aarquiteta.com.br\/blog\/wp-json\/wp\/v2\/media\/133705"}],"wp:attachment":[{"href":"https:\/\/www.aarquiteta.com.br\/blog\/wp-json\/wp\/v2\/media?parent=133712"}],"wp:term":[{"taxonomy":"category","embeddable":true,"href":"https:\/\/www.aarquiteta.com.br\/blog\/wp-json\/wp\/v2\/categories?post=133712"},{"taxonomy":"post_tag","embeddable":true,"href":"https:\/\/www.aarquiteta.com.br\/blog\/wp-json\/wp\/v2\/tags?post=133712"}],"curies":[{"name":"wp","href":"https:\/\/api.w.org\/{rel}","templated":true}]}}