{"id":133696,"date":"2024-10-30T12:17:29","date_gmt":"2024-10-30T15:17:29","guid":{"rendered":"https:\/\/www.aarquiteta.com.br\/blog\/suculenta-orelha-de-elefante\/"},"modified":"2024-10-30T12:17:29","modified_gmt":"2024-10-30T15:17:29","slug":"suculenta-orelha-de-elefante","status":"publish","type":"post","link":"https:\/\/www.aarquiteta.com.br\/blog\/suculenta-orelha-de-elefante\/","title":{"rendered":"Descubra 10 curiosidades e dicas infal\u00edveis para cuidar da suculenta Orelha de Elefante"},"content":{"rendered":"<p>Descubra tudo sobre a suculenta Orelha de Elefante, uma planta de f\u00e1cil cultivo e beleza marcante, perfeita para embelezar seu jardim ou ambientes internos.<\/p>\n<h2>Caracter\u00edsticas da Suculenta Orelha de Elefante<\/h2>\n<p>A suculenta Orelha de Elefante, conhecida cientificamente como <b>Kalanchoe thyrsiflora<\/b>, \u00e9 uma planta que pode alcan\u00e7ar at\u00e9 2 metros de altura. Suas folhas s\u00e3o <b>carnudas e robustas<\/b>, formando uma roseta que se destaca em qualquer ambiente. Essa planta \u00e9 <b>monoc\u00e1rpica<\/b>, o que significa que floresce apenas uma vez em sua vida antes de morrer, adicionando um elemento de curiosidade ao seu ciclo de vida.<\/p>\n<h2>Significados da Suculenta Orelha de Elefante<\/h2>\n<p>Al\u00e9m de sua beleza, a Orelha de Elefante carrega significados simb\u00f3licos profundos. Ela \u00e9 frequentemente associada \u00e0 <b>resili\u00eancia e perseveran\u00e7a<\/b>, refletindo sua capacidade de prosperar em condi\u00e7\u00f5es adversas. Essa suculenta tamb\u00e9m simboliza <b>for\u00e7a e robustez<\/b>, caracter\u00edsticas que se manifestam em suas folhas imponentes.<\/p>\n<h2>Como Cuidar da Suculenta Orelha de Elefante?<\/h2>\n<p>Embora seja uma planta de f\u00e1cil cultivo, a Orelha de Elefante requer cuidados espec\u00edficos para se desenvolver de forma saud\u00e1vel.<\/p>\n<h3>1. Clima e Ambiente<\/h3>\n<figure style=\"width: 1024px\" class=\"wp-caption aligncenter\"><img decoding=\"async\" src=\"https:\/\/www.aarquiteta.com.br\/blog\/wp-content\/uploads\/2024\/10\/suculenta-orelha-de-elefante04.jpg\" alt=\"Descubra 10 curiosidades e dicas infal\u00edveis para cuidar da suculenta Orelha de Elefante\" width=\"1024\" height=\"1024\" title=\"\"><figcaption class=\"wp-caption-text\">Descubra 10 curiosidades e dicas infal\u00edveis para cuidar da suculenta Orelha de Elefante<\/figcaption><\/figure>\n<p>Essa suculenta prospera em <b>locais quentes<\/b> que recebem luz solar plena. Embora tolere ambientes mais frios, a exposi\u00e7\u00e3o adequada ao sol \u00e9 crucial para o seu crescimento e colora\u00e7\u00e3o vibrante.<\/p>\n<h3>2. Frequ\u00eancia das Regas<\/h3>\n<figure style=\"width: 1024px\" class=\"wp-caption aligncenter\"><img decoding=\"async\" src=\"https:\/\/www.aarquiteta.com.br\/blog\/wp-content\/uploads\/2024\/10\/suculenta-orelha-de-elefante03.jpg\" alt=\"Descubra 10 curiosidades e dicas infal\u00edveis para cuidar da suculenta Orelha de Elefante\" width=\"1024\" height=\"1024\" title=\"\"><figcaption class=\"wp-caption-text\">Descubra 10 curiosidades e dicas infal\u00edveis para cuidar da suculenta Orelha de Elefante<\/figcaption><\/figure>\n<p>A Orelha de Elefante precisa de <b>regas moderadas<\/b>. O ideal \u00e9 regar apenas quando o substrato estiver seco ao toque, evitando o encharcamento, que pode ser prejudicial.<\/p>\n<h3>3. Substrato Recomendado<\/h3>\n<figure style=\"width: 1024px\" class=\"wp-caption aligncenter\"><img decoding=\"async\" src=\"https:\/\/www.aarquiteta.com.br\/blog\/wp-content\/uploads\/2024\/10\/suculenta-orelha-de-elefante02.jpg\" alt=\"Descubra 10 curiosidades e dicas infal\u00edveis para cuidar da suculenta Orelha de Elefante\" width=\"1024\" height=\"1024\" title=\"\"><figcaption class=\"wp-caption-text\">Descubra 10 curiosidades e dicas infal\u00edveis para cuidar da suculenta Orelha de Elefante<\/figcaption><\/figure>\n<p>Utilize um <b>substrato espec\u00edfico para suculentas<\/b>, que ofere\u00e7a boa drenagem. Isso \u00e9 essencial para evitar que a planta fique encharcada, o que pode comprometer seu desenvolvimento.<\/p>\n<h3>4. Cuidados com Pragas<\/h3>\n<figure style=\"width: 1024px\" class=\"wp-caption aligncenter\"><img decoding=\"async\" src=\"https:\/\/www.aarquiteta.com.br\/blog\/wp-content\/uploads\/2024\/10\/suculenta-orelha-de-elefante01.jpg\" alt=\"Descubra 10 curiosidades e dicas infal\u00edveis para cuidar da suculenta Orelha de Elefante\" width=\"1024\" height=\"1024\" title=\"\"><figcaption class=\"wp-caption-text\">Descubra 10 curiosidades e dicas infal\u00edveis para cuidar da suculenta Orelha de Elefante<\/figcaption><\/figure>\n<p>Fique atento a pragas como <b>pulg\u00f5es e cochonilhas<\/b>. Inspecione regularmente a planta e, se necess\u00e1rio, utilize inseticidas naturais para remov\u00ea-las.<\/p>\n<h2>Versatilidade da Suculenta Orelha de Elefante no Paisagismo<\/h2>\n<p>A Orelha de Elefante \u00e9 uma excelente escolha para quem deseja uma planta de <b>alto impacto visual<\/b> e que n\u00e3o exige muitos cuidados. Sua apar\u00eancia imponente e folhas carnudas adicionam textura e volume ao paisagismo, tornando-se um ponto focal em qualquer composi\u00e7\u00e3o.<\/p>\n<p>Ela pode ser utilizada em <b>jardins externos, vasos decorativos, jardins verticais<\/b> e at\u00e9 em ambientes internos, desde que receba luz adequada.<\/p>\n<h2>Considera\u00e7\u00f5es Finais<\/h2>\n<p>Como paisagista, acredito que a Orelha de Elefante \u00e9 uma escolha excepcional para qualquer projeto de jardinagem. Seus significados de for\u00e7a e perseveran\u00e7a adicionam uma camada de profundidade ao jardim, tornando cada espa\u00e7o um verdadeiro ref\u00fagio de inspira\u00e7\u00e3o.<\/p>\n<h2>Destaques principais<\/h2>\n<ul>\n<li><b>Caracter\u00edsticas:<\/b> A Orelha de Elefante \u00e9 uma suculenta imponente, com folhas robustas e um ciclo de vida \u00fanico.<\/li>\n<li><b>Significados:<\/b> Simboliza resili\u00eancia e for\u00e7a, refletindo sua capacidade de prosperar em condi\u00e7\u00f5es adversas.<\/li>\n<li><b>Cuidados:<\/b> Requer regas moderadas, substrato bem drenado e aten\u00e7\u00e3o a pragas para um crescimento saud\u00e1vel.<\/li>\n<\/ul>\n<h2>Perguntas Frequentes sobre a Suculenta Orelha de Elefante<\/h2>\n<h3>Como fa\u00e7o para regar a suculenta Orelha de Elefante corretamente?<\/h3>\n<p>A suculenta deve ser regada apenas quando o solo estiver <b>seco ao toque<\/b>. Evite encharcar a planta, pois o excesso de \u00e1gua pode causar apodrecimento das ra\u00edzes.<\/p>\n<h3>A suculenta Orelha de Elefante pode ser cultivada em ambientes internos?<\/h3>\n<h3>Assista agora a minha recomenda\u00e7\u00e3o de video abaixo sobre o tema que estamos tratando neste artigo: <\/h3>\n<p>https:\/\/www.youtube.com\/watch?v=<\/p>\n<p>Sim, ela pode ser cultivada em ambientes internos, desde que receba <b>luz solar direta ou indireta<\/b> suficiente.<\/p>\n<h3>Qual o tipo de substrato ideal para o seu cultivo?<\/h3>\n<p>O substrato ideal deve ter <b>boa drenagem<\/b>. Utilize um substrato espec\u00edfico para suculentas, que geralmente cont\u00e9m areia grossa e perlita.<\/p>\n<p>Autora convidada, Ivani K. \u00e9 uma paisagista e jardineira com mais de 30 anos de experi\u00eancia, apaixonada por criar espa\u00e7os que v\u00e3o al\u00e9m da est\u00e9tica. Seus posts s\u00e3o informativos, criativos e motivadores, ajudando as pessoas a criarem seus pr\u00f3prios o\u00e1sis verdes.<\/p>\n<h3>Conte\u00fado Relacionado<\/h3>\n<h3>Euphorbia miliiana: a suculenta que floresce o ano todo.<\/h3>\n<p>Seguindo esses passos simples, voc\u00ea ter\u00e1 uma Euphorbia miliiana bonita e saud\u00e1vel, que vai enfeitar&#8230;<\/p>\n<h3>Hoya Kerrii: os segredos para o cultivo da suculenta que lembra um cora\u00e7\u00e3o<\/h3>\n<p>A planta Hoya Kerrii \u00e9 uma \u00f3tima op\u00e7\u00e3o para quem est\u00e1 procurando uma planta de&#8230;<\/p>\n<h3>Pachyphytum \u2018Chiseled Stone\u2019: Uma Pequena Joia para o Seu Jardim<\/h3>\n<p>Se voc\u00ea procura uma suculenta f\u00e1cil de cultivar, bonita e incomum, considere o Pachyphytum &#8216;Chiseled&#8230;<\/p>\n<h3>Como fazer a sua planta onze horas florir o ano inteiro.<\/h3>\n","protected":false},"excerpt":{"rendered":"<p>Descubra tudo sobre a suculenta Orelha de Elefante, uma planta de f\u00e1cil cultivo e beleza marcante, perfeita para embelezar seu jardim ou ambientes internos. Caracter\u00edsticas da Suculenta Orelha de Elefante A suculenta Orelha de Elefante, conhecida cientificamente como Kalanchoe thyrsiflora, \u00e9 uma planta que pode alcan\u00e7ar at\u00e9 2 metros de altura. Suas folhas s\u00e3o carnudas [&hellip;]<\/p>\n","protected":false},"author":102,"featured_media":133693,"comment_status":"closed","ping_status":"closed","sticky":false,"template":"","format":"standard","meta":{"footnotes":""},"categories":[9612,18792,18794],"tags":[],"class_list":["post-133696","post","type-post","status-publish","format-standard","has-post-thumbnail","category-jardinagem","category-decoracao-de-apartamento","category-projetos-de-decoracao-de-casas"],"_wp_attached_file":null,"_wp_attachment_metadata":null,"_wp_attachment_context":null,"_wp_attachment_is_custom_header":null,"geo_longitude":null,"geo_public":null,"geo_latitude":null,"_publicize_done_external":null,"_wpas_done_3897181":null,"publicize_twitter_user":null,"_wpas_done_3897175":null,"_wpas_skip_3897181":null,"_wpas_skip_3897175":null,"_wpas_skip_3924723":null,"_wpas_mess":null,"_wpas_done_3924723":null,"wps_subtitle":"","_links":{"self":[{"href":"https:\/\/www.aarquiteta.com.br\/blog\/wp-json\/wp\/v2\/posts\/133696","targetHints":{"allow":["GET"]}}],"collection":[{"href":"https:\/\/www.aarquiteta.com.br\/blog\/wp-json\/wp\/v2\/posts"}],"about":[{"href":"https:\/\/www.aarquiteta.com.br\/blog\/wp-json\/wp\/v2\/types\/post"}],"author":[{"embeddable":true,"href":"https:\/\/www.aarquiteta.com.br\/blog\/wp-json\/wp\/v2\/users\/102"}],"replies":[{"embeddable":true,"href":"https:\/\/www.aarquiteta.com.br\/blog\/wp-json\/wp\/v2\/comments?post=133696"}],"version-history":[{"count":0,"href":"https:\/\/www.aarquiteta.com.br\/blog\/wp-json\/wp\/v2\/posts\/133696\/revisions"}],"wp:featuredmedia":[{"embeddable":true,"href":"https:\/\/www.aarquiteta.com.br\/blog\/wp-json\/wp\/v2\/media\/133693"}],"wp:attachment":[{"href":"https:\/\/www.aarquiteta.com.br\/blog\/wp-json\/wp\/v2\/media?parent=133696"}],"wp:term":[{"taxonomy":"category","embeddable":true,"href":"https:\/\/www.aarquiteta.com.br\/blog\/wp-json\/wp\/v2\/categories?post=133696"},{"taxonomy":"post_tag","embeddable":true,"href":"https:\/\/www.aarquiteta.com.br\/blog\/wp-json\/wp\/v2\/tags?post=133696"}],"curies":[{"name":"wp","href":"https:\/\/api.w.org\/{rel}","templated":true}]}}