{"id":133658,"date":"2024-10-29T21:24:04","date_gmt":"2024-10-30T00:24:04","guid":{"rendered":"https:\/\/www.aarquiteta.com.br\/blog\/estrategias-pe-direito-arquitetura-residencial\/"},"modified":"2024-10-29T21:24:04","modified_gmt":"2024-10-30T00:24:04","slug":"estrategias-pe-direito-arquitetura-residencial","status":"publish","type":"post","link":"https:\/\/www.aarquiteta.com.br\/blog\/estrategias-pe-direito-arquitetura-residencial\/","title":{"rendered":"5 Estrat\u00e9gias Criativas para Aproveitar o P\u00e9-Direito e Ampliar Espa\u00e7os em Resid\u00eancias"},"content":{"rendered":"<p>Descubra como o p\u00e9-direito alto pode transformar sua resid\u00eancia, ampliando espa\u00e7os e trazendo um toque de eleg\u00e2ncia e modernidade. Neste artigo, apresentamos 5 estrat\u00e9gias criativas para aproveitar ao m\u00e1ximo essa caracter\u00edstica arquitet\u00f4nica.<\/p>\n<h2>Destaques principais<\/h2>\n<ul>\n<li><b>Integra\u00e7\u00e3o de Ambientes:<\/b> Aprenda a criar um espa\u00e7o fluido e funcional, utilizando m\u00f3veis multifuncionais que otimizam o uso do p\u00e9-direito alto.<\/li>\n<li><b>Ilumina\u00e7\u00e3o Natural:<\/b> Descubra como janelas amplas e claraboias podem maximizar a luz natural, tornando os ambientes mais acolhedores.<\/li>\n<li><b>Decora\u00e7\u00e3o Vertical:<\/b> Explore ideias de prateleiras altas e jardins verticais que aproveitam a altura do espa\u00e7o, trazendo vida e estilo \u00e0 sua casa.<\/li>\n<\/ul>\n<h2>1. Integra\u00e7\u00e3o de Ambientes<\/h2>\n<p>Um dos maiores benef\u00edcios de ter um <b>p\u00e9-direito alto<\/b> \u00e9 a possibilidade de integrar ambientes. Isso n\u00e3o s\u00f3 amplia a sensa\u00e7\u00e3o de espa\u00e7o, mas tamb\u00e9m cria um fluxo harmonioso entre os c\u00f4modos.<\/p>\n<h3>1.1. Criando um Espa\u00e7o Fluido<\/h3>\n<figure style=\"width: 1024px\" class=\"wp-caption aligncenter\"><img decoding=\"async\" src=\"https:\/\/www.aarquiteta.com.br\/blog\/wp-content\/uploads\/2024\/10\/estrategias-pe-direito-arquitetura-residencial04.jpg\" alt=\"5 Estrat\u00e9gias Criativas para Aproveitar o P\u00e9-Direito e Ampliar Espa\u00e7os em Resid\u00eancias\" width=\"1024\" height=\"1024\" title=\"\"><figcaption class=\"wp-caption-text\">5 Estrat\u00e9gias Criativas para Aproveitar o P\u00e9-Direito e Ampliar Espa\u00e7os em Resid\u00eancias<\/figcaption><\/figure>\n<p>Ao optar por um layout aberto, voc\u00ea pode conectar a sala de estar \u00e0 cozinha, por exemplo. Isso n\u00e3o s\u00f3 facilita a intera\u00e7\u00e3o entre as pessoas, mas tamb\u00e9m faz com que o espa\u00e7o pare\u00e7a maior. Imagine receber amigos e familiares em um ambiente onde todos est\u00e3o juntos, sem barreiras!<\/p>\n<h3>1.2. Uso de M\u00f3veis Multifuncionais<\/h3>\n<figure style=\"width: 1024px\" class=\"wp-caption aligncenter\"><img decoding=\"async\" src=\"https:\/\/www.aarquiteta.com.br\/blog\/wp-content\/uploads\/2024\/10\/estrategias-pe-direito-arquitetura-residencial03.jpg\" alt=\"5 Estrat\u00e9gias Criativas para Aproveitar o P\u00e9-Direito e Ampliar Espa\u00e7os em Resid\u00eancias\" width=\"1024\" height=\"1024\" title=\"\"><figcaption class=\"wp-caption-text\">5 Estrat\u00e9gias Criativas para Aproveitar o P\u00e9-Direito e Ampliar Espa\u00e7os em Resid\u00eancias<\/figcaption><\/figure>\n<p>Os m\u00f3veis multifuncionais s\u00e3o uma excelente solu\u00e7\u00e3o para quem deseja otimizar o espa\u00e7o. Um sof\u00e1-camas ou uma mesa extens\u00edvel podem ser grandes aliados na hora de receber visitas, mantendo a eleg\u00e2ncia e a praticidade.<\/p>\n<h2>2. Ilumina\u00e7\u00e3o Natural<\/h2>\n<p>A ilumina\u00e7\u00e3o natural \u00e9 um dos aspectos mais importantes em qualquer projeto de interiores. Com um p\u00e9-direito alto, voc\u00ea pode explorar essa caracter\u00edstica de forma \u00fanica.<\/p>\n<h3>2.1. Janelas Amplas e Claraboias<\/h3>\n<figure style=\"width: 1024px\" class=\"wp-caption aligncenter\"><img decoding=\"async\" src=\"https:\/\/www.aarquiteta.com.br\/blog\/wp-content\/uploads\/2024\/10\/estrategias-pe-direito-arquitetura-residencial02.jpg\" alt=\"5 Estrat\u00e9gias Criativas para Aproveitar o P\u00e9-Direito e Ampliar Espa\u00e7os em Resid\u00eancias\" width=\"1024\" height=\"1024\" title=\"\"><figcaption class=\"wp-caption-text\">5 Estrat\u00e9gias Criativas para Aproveitar o P\u00e9-Direito e Ampliar Espa\u00e7os em Resid\u00eancias<\/figcaption><\/figure>\n<p>Janelas amplas e claraboias s\u00e3o essenciais para maximizar a luz natural. Elas n\u00e3o apenas iluminam o ambiente, mas tamb\u00e9m criam uma conex\u00e3o visual com o exterior, trazendo a natureza para dentro de casa.<\/p>\n<h3>2.2. Cortinas Leves e Claras<\/h3>\n<figure style=\"width: 1024px\" class=\"wp-caption aligncenter\"><img decoding=\"async\" src=\"https:\/\/www.aarquiteta.com.br\/blog\/wp-content\/uploads\/2024\/10\/estrategias-pe-direito-arquitetura-residencial01.jpg\" alt=\"5 Estrat\u00e9gias Criativas para Aproveitar o P\u00e9-Direito e Ampliar Espa\u00e7os em Resid\u00eancias\" width=\"1024\" height=\"1024\" title=\"\"><figcaption class=\"wp-caption-text\">5 Estrat\u00e9gias Criativas para Aproveitar o P\u00e9-Direito e Ampliar Espa\u00e7os em Resid\u00eancias<\/figcaption><\/figure>\n<p>Utilizar cortinas leves e claras ajuda a filtrar a luz, criando um ambiente suave e acolhedor. Al\u00e9m disso, elas permitem que a luz natural entre, sem comprometer a privacidade.<\/p>\n<h2>3. Decora\u00e7\u00e3o Vertical<\/h2>\n<p>A decora\u00e7\u00e3o vertical \u00e9 uma maneira incr\u00edvel de aproveitar a altura do p\u00e9-direito alto. Isso n\u00e3o s\u00f3 embeleza o espa\u00e7o, mas tamb\u00e9m o torna mais funcional.<\/p>\n<h3>3.1. Prateleiras Altas e Pain\u00e9is Decorativos<\/h3>\n<p>Prateleiras altas podem ser utilizadas para exibir livros, plantas ou objetos decorativos. Elas atraem o olhar para cima, fazendo com que o ambiente pare\u00e7a ainda mais amplo.<\/p>\n<h3>3.2. Plantas Suspensas e Jardins Verticais<\/h3>\n<h3>Assista agora a minha recomenda\u00e7\u00e3o de video abaixo sobre o tema que estamos tratando neste artigo: <\/h3>\n<p>https:\/\/www.youtube.com\/watch?v=<\/p>\n<p>As plantas suspensas e os jardins verticais trazem vida ao ambiente. Al\u00e9m de purificarem o ar, elas adicionam um toque de natureza e frescor ao espa\u00e7o.<\/p>\n<h2>4. Escadas e Mezaninos<\/h2>\n<p>Se voc\u00ea tem um p\u00e9-direito alto, considere a possibilidade de adicionar escadas ou mezaninos. Essas estruturas n\u00e3o apenas aproveitam a altura, mas tamb\u00e9m criam \u00e1reas adicionais para uso.<\/p>\n<h3>4.1. Escadas como Elemento de Design<\/h3>\n<p>As escadas podem ser um verdadeiro destaque no seu projeto. Com um design arrojado, elas se tornam um elemento de arte, al\u00e9m de serem funcionais.<\/p>\n<h3>4.2. Mezaninos para Espa\u00e7os Adicionais<\/h3>\n<p>Um mezanino pode ser utilizado como um escrit\u00f3rio, um espa\u00e7o de leitura ou at\u00e9 mesmo um quarto extra. Essa solu\u00e7\u00e3o \u00e9 perfeita para quem deseja maximizar o espa\u00e7o dispon\u00edvel.<\/p>\n<h2>5. Cores e Materiais<\/h2>\n<p>A escolha das cores e materiais \u00e9 fundamental para criar um ambiente harmonioso e acolhedor. Com um p\u00e9-direito alto, voc\u00ea pode brincar com diferentes paletas e texturas.<\/p>\n<h3>5.1. Paletas Claras para Ampliar a Sensa\u00e7\u00e3o de Espa\u00e7o<\/h3>\n<p>Optar por cores claras nas paredes e nos m\u00f3veis ajuda a ampliar a sensa\u00e7\u00e3o de espa\u00e7o. Tons como branco, bege e past\u00e9is s\u00e3o ideais para criar um ambiente leve e arejado.<\/p>\n<h3>5.2. Materiais Texturizados para Profundidade<\/h3>\n<p>Incorporar materiais texturizados, como madeira ou pedra, traz profundidade ao ambiente. Eles criam um contraste interessante com as cores claras, tornando o espa\u00e7o mais acolhedor.<\/p>\n<h2>Conclus\u00e3o<\/h2>\n<p>O p\u00e9-direito alto \u00e9 uma caracter\u00edstica arquitet\u00f4nica que, quando bem aproveitada, pode transformar completamente a sua resid\u00eancia. Ao integrar ambientes, maximizar a ilumina\u00e7\u00e3o natural, explorar a decora\u00e7\u00e3o vertical, considerar escadas e mezaninos, e escolher as cores e materiais certos, voc\u00ea pode criar um espa\u00e7o que \u00e9 n\u00e3o apenas bonito, mas tamb\u00e9m funcional. Ent\u00e3o, que tal come\u00e7ar a planejar a sua reforma e aproveitar ao m\u00e1ximo essa incr\u00edvel caracter\u00edstica?<\/p>\n","protected":false},"excerpt":{"rendered":"<p>Explore cinco solu\u00e7\u00f5es inovadoras para utilizar o p\u00e9-direito e ampliar visualmente espa\u00e7os residenciais. Transforme sua casa com design e funcionalidade!<\/p>\n","protected":false},"author":102,"featured_media":133655,"comment_status":"closed","ping_status":"closed","sticky":false,"template":"","format":"standard","meta":{"footnotes":""},"categories":[1484,971,18792,18794],"tags":[],"class_list":["post-133658","post","type-post","status-publish","format-standard","has-post-thumbnail","category-decoracao","category-design-de-interiores","category-decoracao-de-apartamento","category-projetos-de-decoracao-de-casas"],"_wp_attached_file":null,"_wp_attachment_metadata":null,"_wp_attachment_context":null,"_wp_attachment_is_custom_header":null,"geo_longitude":null,"geo_public":null,"geo_latitude":null,"_publicize_done_external":null,"_wpas_done_3897181":null,"publicize_twitter_user":null,"_wpas_done_3897175":null,"_wpas_skip_3897181":null,"_wpas_skip_3897175":null,"_wpas_skip_3924723":null,"_wpas_mess":null,"_wpas_done_3924723":null,"wps_subtitle":"","_links":{"self":[{"href":"https:\/\/www.aarquiteta.com.br\/blog\/wp-json\/wp\/v2\/posts\/133658","targetHints":{"allow":["GET"]}}],"collection":[{"href":"https:\/\/www.aarquiteta.com.br\/blog\/wp-json\/wp\/v2\/posts"}],"about":[{"href":"https:\/\/www.aarquiteta.com.br\/blog\/wp-json\/wp\/v2\/types\/post"}],"author":[{"embeddable":true,"href":"https:\/\/www.aarquiteta.com.br\/blog\/wp-json\/wp\/v2\/users\/102"}],"replies":[{"embeddable":true,"href":"https:\/\/www.aarquiteta.com.br\/blog\/wp-json\/wp\/v2\/comments?post=133658"}],"version-history":[{"count":0,"href":"https:\/\/www.aarquiteta.com.br\/blog\/wp-json\/wp\/v2\/posts\/133658\/revisions"}],"wp:featuredmedia":[{"embeddable":true,"href":"https:\/\/www.aarquiteta.com.br\/blog\/wp-json\/wp\/v2\/media\/133655"}],"wp:attachment":[{"href":"https:\/\/www.aarquiteta.com.br\/blog\/wp-json\/wp\/v2\/media?parent=133658"}],"wp:term":[{"taxonomy":"category","embeddable":true,"href":"https:\/\/www.aarquiteta.com.br\/blog\/wp-json\/wp\/v2\/categories?post=133658"},{"taxonomy":"post_tag","embeddable":true,"href":"https:\/\/www.aarquiteta.com.br\/blog\/wp-json\/wp\/v2\/tags?post=133658"}],"curies":[{"name":"wp","href":"https:\/\/api.w.org\/{rel}","templated":true}]}}