{"id":133643,"date":"2024-10-29T19:10:36","date_gmt":"2024-10-29T22:10:36","guid":{"rendered":"https:\/\/www.aarquiteta.com.br\/blog\/guia-sofa-cama-ideal-pequenos-apartamentos\/"},"modified":"2024-10-29T19:10:36","modified_gmt":"2024-10-29T22:10:36","slug":"guia-sofa-cama-ideal-pequenos-apartamentos","status":"publish","type":"post","link":"https:\/\/www.aarquiteta.com.br\/blog\/guia-sofa-cama-ideal-pequenos-apartamentos\/","title":{"rendered":"Guia Completo para Escolher o Sof\u00e1-Cama Ideal para Pequenos Apartamentos"},"content":{"rendered":"<p><body><\/p>\n<p>Escolher o sof\u00e1-cama ideal para pequenos apartamentos pode ser desafiador, mas com as dicas certas, voc\u00ea encontrar\u00e1 a op\u00e7\u00e3o perfeita que une conforto e funcionalidade, otimizando seu espa\u00e7o.<\/p>\n<h2>Destaques principais<\/h2>\n<ul>\n<li><b>Entenda suas necessidades:<\/b> Avalie se o sof\u00e1-cama ser\u00e1 usado diariamente ou ocasionalmente e quantas pessoas ele deve acomodar.<\/li>\n<li><b>Medidas do espa\u00e7o:<\/b> Me\u00e7a o local onde o sof\u00e1-cama ser\u00e1 colocado e considere a abertura do m\u00f3vel para garantir funcionalidade.<\/li>\n<li><b>Estilo e decora\u00e7\u00e3o:<\/b> Escolha cores e padr\u00f5es que se integrem ao ambiente, garantindo que o sof\u00e1-cama n\u00e3o apenas funcione, mas tamb\u00e9m embeleze o espa\u00e7o.<\/li>\n<\/ul>\n<h2>1. Entenda suas Necessidades<\/h2>\n<h3>1.1. Uso Di\u00e1rio ou Ocasional?<\/h3>\n<figure style=\"width: 1024px\" class=\"wp-caption aligncenter\"><img decoding=\"async\" src=\"https:\/\/www.aarquiteta.com.br\/blog\/wp-content\/uploads\/2024\/10\/guia-sofa-cama-ideal-pequenos-apartamentos04.jpg\" alt=\"Guia Completo para Escolher o Sof\u00e1-Cama Ideal para Pequenos Apartamentos\" width=\"1024\" height=\"1024\" title=\"\"><figcaption class=\"wp-caption-text\">Guia Completo para Escolher o Sof\u00e1-Cama Ideal para Pequenos Apartamentos<\/figcaption><\/figure>\n<p>Antes de tudo, \u00e9 fundamental <b>definir o uso<\/b> do sof\u00e1-cama. Se ele ser\u00e1 utilizado diariamente, \u00e9 importante optar por um modelo que ofere\u00e7a conforto e durabilidade. Por outro lado, se o uso for ocasional, voc\u00ea pode considerar op\u00e7\u00f5es mais leves e f\u00e1ceis de manobrar.<\/p>\n<h3>1.2. N\u00famero de Pessoas que Acomodar\u00e1<\/h3>\n<figure style=\"width: 1024px\" class=\"wp-caption aligncenter\"><img decoding=\"async\" src=\"https:\/\/www.aarquiteta.com.br\/blog\/wp-content\/uploads\/2024\/10\/guia-sofa-cama-ideal-pequenos-apartamentos03.jpg\" alt=\"Guia Completo para Escolher o Sof\u00e1-Cama Ideal para Pequenos Apartamentos\" width=\"1024\" height=\"1024\" title=\"\"><figcaption class=\"wp-caption-text\">Guia Completo para Escolher o Sof\u00e1-Cama Ideal para Pequenos Apartamentos<\/figcaption><\/figure>\n<p>Outro ponto a ser considerado \u00e9 o <b>n\u00famero de pessoas<\/b> que o sof\u00e1-cama deve acomodar. Um sof\u00e1-cama de casal pode ser ideal para receber visitas, enquanto um modelo menor pode ser suficiente para um espa\u00e7o mais compacto.<\/p>\n<h2>2. Medidas do Espa\u00e7o<\/h2>\n<h3>2.1. Medindo o Local<\/h3>\n<figure style=\"width: 1024px\" class=\"wp-caption aligncenter\"><img decoding=\"async\" src=\"https:\/\/www.aarquiteta.com.br\/blog\/wp-content\/uploads\/2024\/10\/guia-sofa-cama-ideal-pequenos-apartamentos02.jpg\" alt=\"Guia Completo para Escolher o Sof\u00e1-Cama Ideal para Pequenos Apartamentos\" width=\"1024\" height=\"1024\" title=\"\"><figcaption class=\"wp-caption-text\">Guia Completo para Escolher o Sof\u00e1-Cama Ideal para Pequenos Apartamentos<\/figcaption><\/figure>\n<p>Me\u00e7a o espa\u00e7o dispon\u00edvel com cuidado. Um sof\u00e1-cama muito grande pode <b>sobrecarregar o ambiente<\/b>, enquanto um muito pequeno pode n\u00e3o atender \u00e0s suas necessidades. Use uma fita m\u00e9trica e anote as dimens\u00f5es.<\/p>\n<h3>2.2. Considerando a Abertura do Sof\u00e1-Cama<\/h3>\n<figure style=\"width: 1024px\" class=\"wp-caption aligncenter\"><img decoding=\"async\" src=\"https:\/\/www.aarquiteta.com.br\/blog\/wp-content\/uploads\/2024\/10\/guia-sofa-cama-ideal-pequenos-apartamentos01.jpg\" alt=\"Guia Completo para Escolher o Sof\u00e1-Cama Ideal para Pequenos Apartamentos\" width=\"1024\" height=\"1024\" title=\"\"><figcaption class=\"wp-caption-text\">Guia Completo para Escolher o Sof\u00e1-Cama Ideal para Pequenos Apartamentos<\/figcaption><\/figure>\n<p>Al\u00e9m das medidas do sof\u00e1-cama, \u00e9 essencial considerar como ele se abre. Um modelo que requer muito espa\u00e7o para ser estendido pode n\u00e3o ser pr\u00e1tico em um apartamento pequeno. <b>Verifique o espa\u00e7o necess\u00e1rio<\/b> para a abertura do sof\u00e1-cama.<\/p>\n<h2>3. Tipos de Sof\u00e1s-Camas<\/h2>\n<h3>3.1. Sof\u00e1-Cama Retr\u00e1til<\/h3>\n<p>Os sof\u00e1s-camas retr\u00e1teis s\u00e3o uma excelente op\u00e7\u00e3o para quem busca <b>praticidade<\/b>. Eles se estendem facilmente e ocupam menos espa\u00e7o quando n\u00e3o est\u00e3o em uso.<\/p>\n<h3>3.2. Sof\u00e1-Cama de Canto<\/h3>\n<h3>Assista agora a minha recomenda\u00e7\u00e3o de video abaixo sobre o tema que estamos tratando neste artigo: <\/h3>\n<p>https:\/\/www.youtube.com\/watch?v=<\/p>\n<p>Se o seu apartamento tem um layout que permite, um sof\u00e1-cama de canto pode ser uma escolha inteligente. Ele maximiza o espa\u00e7o e oferece um lugar confort\u00e1vel para sentar e dormir.<\/p>\n<h3>3.3. Sof\u00e1-Cama Tradicional<\/h3>\n<p>Os sof\u00e1s-camas tradicionais s\u00e3o vers\u00e1teis e podem se encaixar em diversos estilos de decora\u00e7\u00e3o. Eles s\u00e3o uma escolha cl\u00e1ssica e muitas vezes oferecem um bom <b>conforto<\/b> para dormir.<\/p>\n<h2>4. Materiais e Conforto<\/h2>\n<h3>4.1. Estofados e Tecido<\/h3>\n<p>O material do estofado \u00e9 crucial para o conforto. Tecidos como <b>veludo<\/b> ou linho podem ser mais agrad\u00e1veis ao toque, enquanto materiais sint\u00e9ticos s\u00e3o mais f\u00e1ceis de limpar.<\/p>\n<h3>4.2. Estrutura e Durabilidade<\/h3>\n<p>Verifique a estrutura do sof\u00e1-cama. Um modelo com uma estrutura robusta garantir\u00e1 <b>durabilidade<\/b> e resist\u00eancia ao uso di\u00e1rio. Prefira madeiras de qualidade e mecanismos de abertura que sejam confi\u00e1veis.<\/p>\n<h2>5. Estilo e Decora\u00e7\u00e3o<\/h2>\n<h3>5.1. Cores e Padr\u00f5es<\/h3>\n<p>As cores e padr\u00f5es do sof\u00e1-cama devem harmonizar com a decora\u00e7\u00e3o do ambiente. Cores neutras s\u00e3o vers\u00e1teis, enquanto padr\u00f5es podem adicionar um toque de <b>personalidade<\/b>.<\/p>\n<h3>5.2. Integra\u00e7\u00e3o com o Ambiente<\/h3>\n<p>Considere como o sof\u00e1-cama se integrar\u00e1 ao restante do espa\u00e7o. Um sof\u00e1-cama bem escolhido pode se tornar o <b>foco<\/b> do ambiente, trazendo estilo e funcionalidade.<\/p>\n<h2>6. Or\u00e7amento e Onde Comprar<\/h2>\n<h3>6.1. Definindo um Or\u00e7amento<\/h3>\n<p><\/body><\/p>\n","protected":false},"excerpt":{"rendered":"<p>Descubra como escolher o sof\u00e1-cama perfeito para pequenos apartamentos! Dicas de conforto, estilo e funcionalidade para otimizar seu espa\u00e7o com eleg\u00e2ncia.<\/p>\n","protected":false},"author":102,"featured_media":133640,"comment_status":"closed","ping_status":"closed","sticky":false,"template":"","format":"standard","meta":{"footnotes":""},"categories":[1484,971,18792,18794],"tags":[],"class_list":["post-133643","post","type-post","status-publish","format-standard","has-post-thumbnail","category-decoracao","category-design-de-interiores","category-decoracao-de-apartamento","category-projetos-de-decoracao-de-casas"],"_wp_attached_file":null,"_wp_attachment_metadata":null,"_wp_attachment_context":null,"_wp_attachment_is_custom_header":null,"geo_longitude":null,"geo_public":null,"geo_latitude":null,"_publicize_done_external":null,"_wpas_done_3897181":null,"publicize_twitter_user":null,"_wpas_done_3897175":null,"_wpas_skip_3897181":null,"_wpas_skip_3897175":null,"_wpas_skip_3924723":null,"_wpas_mess":null,"_wpas_done_3924723":null,"wps_subtitle":"","_links":{"self":[{"href":"https:\/\/www.aarquiteta.com.br\/blog\/wp-json\/wp\/v2\/posts\/133643","targetHints":{"allow":["GET"]}}],"collection":[{"href":"https:\/\/www.aarquiteta.com.br\/blog\/wp-json\/wp\/v2\/posts"}],"about":[{"href":"https:\/\/www.aarquiteta.com.br\/blog\/wp-json\/wp\/v2\/types\/post"}],"author":[{"embeddable":true,"href":"https:\/\/www.aarquiteta.com.br\/blog\/wp-json\/wp\/v2\/users\/102"}],"replies":[{"embeddable":true,"href":"https:\/\/www.aarquiteta.com.br\/blog\/wp-json\/wp\/v2\/comments?post=133643"}],"version-history":[{"count":0,"href":"https:\/\/www.aarquiteta.com.br\/blog\/wp-json\/wp\/v2\/posts\/133643\/revisions"}],"wp:featuredmedia":[{"embeddable":true,"href":"https:\/\/www.aarquiteta.com.br\/blog\/wp-json\/wp\/v2\/media\/133640"}],"wp:attachment":[{"href":"https:\/\/www.aarquiteta.com.br\/blog\/wp-json\/wp\/v2\/media?parent=133643"}],"wp:term":[{"taxonomy":"category","embeddable":true,"href":"https:\/\/www.aarquiteta.com.br\/blog\/wp-json\/wp\/v2\/categories?post=133643"},{"taxonomy":"post_tag","embeddable":true,"href":"https:\/\/www.aarquiteta.com.br\/blog\/wp-json\/wp\/v2\/tags?post=133643"}],"curies":[{"name":"wp","href":"https:\/\/api.w.org\/{rel}","templated":true}]}}