{"id":133446,"date":"2024-10-27T14:29:04","date_gmt":"2024-10-27T17:29:04","guid":{"rendered":"https:\/\/www.aarquiteta.com.br\/blog\/cadeiras-para-varanda\/"},"modified":"2024-10-27T14:29:04","modified_gmt":"2024-10-27T17:29:04","slug":"cadeiras-para-varanda","status":"publish","type":"post","link":"https:\/\/www.aarquiteta.com.br\/blog\/cadeiras-para-varanda\/","title":{"rendered":"Cadeiras para varanda: 10 modelos para decorar de forma aconchegante"},"content":{"rendered":"<p><body><\/p>\n<p>Descubra como escolher cadeiras para a sua varanda, combinando conforto, estilo e funcionalidade com dicas que atendem todos os gostos e or\u00e7amentos.<\/p>\n<h2>Principais T\u00f3picos Abordados<\/h2>\n<ul>\n<li><b>Conforto em Primeiro Lugar:<\/b> Entenda como encontrar cadeiras que priorizem a comodidade, garantindo que sua varanda se torne um verdadeiro espa\u00e7o de relaxamento.<\/li>\n<li><b>Materiais e Estilos:<\/b> Explore a diversidade de materiais dispon\u00edveis e suas caracter\u00edsticas, facilitando a escolha com base no seu gosto pessoal e nas condi\u00e7\u00f5es clim\u00e1ticas.<\/li>\n<li><b>Combina\u00e7\u00f5es de Cores:<\/b> Aprenda a usar cores e estampas para personalizar o ambiente e refletir sua personalidade no espa\u00e7o externo.<\/li>\n<li><b>Ambiente Aconchegante:<\/b> Dicas sobre como transformar sua varanda num lugar acolhedor, atrav\u00e9s da ilumina\u00e7\u00e3o e da decora\u00e7\u00e3o com plantas.<\/li>\n<li><b>Layout Funcional:<\/b> Descubra como organizar as cadeiras e outros m\u00f3veis para otimizar o espa\u00e7o e facilitar a intera\u00e7\u00e3o.<\/li>\n<li><b>Tend\u00eancias em Design:<\/b> Conhe\u00e7a as novidades em design de cadeiras que prometem unir estilo e praticidade, garantindo que seu espa\u00e7o esteja sempre atualizado.<\/li>\n<\/ul>\n<h2>1. Import\u00e2ncia do Conforto nas Cadeiras de Varanda<\/h2>\n<h3>1.1 Como Escolher o Modelo Ideal para Relaxar<\/h3>\n<figure style=\"width: 1024px\" class=\"wp-caption aligncenter\"><img decoding=\"async\" src=\"https:\/\/www.aarquiteta.com.br\/blog\/wp-content\/uploads\/2024\/10\/cadeiras-para-varanda-5-730x730.jpg\" alt=\"Modelos altos de cadeiras para uma est\u00e9tica despojada.\" title=\"\"><figcaption class=\"wp-caption-text\">Modelos altos de cadeiras para uma est\u00e9tica despojada.<\/figcaption><\/figure>\n<p>Quando falamos de <b>cadeiras para varanda<\/b>, o conforto deve ser a prioridade n\u00famero um. Afinal, quem n\u00e3o quer relaxar ap\u00f3s um longo dia? Por isso, na hora de escolher, busque por modelos ergon\u00f4micos que proporcionem um assento acolhedor. As cadeiras com design que abra\u00e7a o corpo ajudam a manter uma postura agrad\u00e1vel e ainda convidam a momentos de descontra\u00e7\u00e3o.<\/p>\n<p>\u00c9 interessante testar a cadeira antes da compra. Imagine-se sentado, tomando um caf\u00e9 ou lendo um livro; se a cadeira for desconfort\u00e1vel, sua varanda vai perder todo o charme e funcionalidade. Portanto, sentar e sentir \u00e9 uma pr\u00e1tica obrigat\u00f3ria!<\/p>\n<h3>1.2 O Impacto do Conforto na Experi\u00eancia de Uso<\/h3>\n<figure style=\"width: 1024px\" class=\"wp-caption aligncenter\"><img decoding=\"async\" src=\"https:\/\/www.aarquiteta.com.br\/blog\/wp-content\/uploads\/2024\/10\/cadeiras-para-varanda01.jpg\" alt=\"Cadeiras para varanda: 60 modelos para decorar de forma aconchegante\" width=\"1024\" height=\"1024\" title=\"\"><figcaption class=\"wp-caption-text\">Cadeiras para varanda: 60 modelos para decorar de forma aconchegante<\/figcaption><\/figure>\n<p>Cadeiras confort\u00e1veis n\u00e3o apenas aumentam a <b>durabilidade do tempo que voc\u00ea passa na varanda<\/b>, mas tamb\u00e9m transformam momentos triviais em experi\u00eancias memor\u00e1veis. Um lugar convidativo para receber amigos e familiares acaba se tornando o cora\u00e7\u00e3o da casa.<\/p>\n<p>Al\u00e9m disso, o conforto impacta na sa\u00fade f\u00edsica e mental. Refletir sobre assuntos importantes ou simplesmente relaxar ap\u00f3s um dia cansativo com um bom assento faz toda a diferen\u00e7a! Se a cadeira n\u00e3o ajuda nisso, \u00e9 hora de repensar a compra.<\/p>\n<h2>2. Materiais e Estilos Diversificados<\/h2>\n<h3>2.1 Vantagens das Cadeiras de Madeira<\/h3>\n<figure style=\"width: 1024px\" class=\"wp-caption aligncenter\"><img decoding=\"async\" src=\"https:\/\/www.aarquiteta.com.br\/blog\/wp-content\/uploads\/2024\/10\/cadeiras-para-varanda-00.webp\" alt=\"Cadeiras para varanda aconchegantes, perfeitas para criar um espa\u00e7o agrad\u00e1vel e acolhedor.\" title=\"\"><figcaption class=\"wp-caption-text\">Cadeiras para varanda aconchegantes, perfeitas para criar um espa\u00e7o agrad\u00e1vel e acolhedor.<\/figcaption><\/figure>\n<p>A madeira \u00e9 um cl\u00e1ssico que nunca sai de moda. Cadeiras feitas desse material trazem um ar <b>rustico e elegante<\/b> para qualquer varanda. Sua resist\u00eancia ao tempo e as op\u00e7\u00f5es de acabamentos s\u00e3o incompar\u00e1veis! Com a manuten\u00e7\u00e3o adequada, elas podem durar gera\u00e7\u00f5es.<\/p>\n<p>Uma dica \u00e9 optar por madeiras tratadas para resistir melhor \u00e0s mudan\u00e7as clim\u00e1ticas, garantindo que sua pe\u00e7a continue bonita por muito mais tempo.<\/p>\n<h3>2.2 Resist\u00eancia e Charme das Cadeiras de Ferro<\/h3>\n<figure style=\"width: 1024px\" class=\"wp-caption aligncenter\"><img decoding=\"async\" src=\"https:\/\/www.aarquiteta.com.br\/blog\/wp-content\/uploads\/2024\/10\/cadeiras-para-varanda02.jpg\" alt=\"Cadeiras para varanda: 60 modelos para decorar de forma aconchegante\" width=\"1024\" height=\"1024\" title=\"\"><figcaption class=\"wp-caption-text\">Cadeiras para varanda: 60 modelos para decorar de forma aconchegante<\/figcaption><\/figure>\n<p>Cadeiras de ferro s\u00e3o sin\u00f4nimo de <b>durabilidade e charme<\/b>. Elas podem ser encontradas em diferentes estilos, desde o mais r\u00fastico at\u00e9 o mais contempor\u00e2neo; elas trazem um ar de sofistica\u00e7\u00e3o ao ambiente. O ferro tamb\u00e9m \u00e9 uma excelente op\u00e7\u00e3o para varandas expostas ao vento e chuvas, por\u00e9m, aten\u00e7\u00e3o: um bom tratamento contra ferrugem \u00e9 essencial para aumentar sua vida \u00fatil!<\/p>\n<h3>2.3 Estilo e Durabilidade das Cadeiras de Vime<\/h3>\n<figure style=\"width: 1024px\" class=\"wp-caption aligncenter\"><img decoding=\"async\" src=\"https:\/\/www.aarquiteta.com.br\/blog\/wp-content\/uploads\/2024\/10\/cadeiras-para-varanda-1-730x913.jpg\" alt=\"Cadeiras confort\u00e1veis para varanda e estofados leves que combinam facilmente.\" title=\"\"><figcaption class=\"wp-caption-text\">Cadeiras confort\u00e1veis para varanda e estofados leves que combinam facilmente.<\/figcaption><\/figure>\n<p>O vime, por sua vez, oferece uma beleza \u00fanica e uma <b>sensa\u00e7\u00e3o de aconchego<\/b>. Essa op\u00e7\u00e3o \u00e9 leve e f\u00e1cil de mover, o que permite criar novas disposi\u00e7\u00f5es sempre que voc\u00ea desejar. No entanto, \u00e9 importante escolher cadeiras de vime sint\u00e9tico, j\u00e1 que s\u00e3o mais resistentes ao tempo. O aspecto natural do vime traz um contato visual com a natureza, perfeito para quem ama estar ao ar livre.<\/p>\n<h2>3. Combina\u00e7\u00f5es de Cores e Estampas<\/h2>\n<h3>3.1 A Influ\u00eancia das Cores na Decora\u00e7\u00e3o<\/h3>\n<figure style=\"width: 1024px\" class=\"wp-caption aligncenter\"><img decoding=\"async\" src=\"https:\/\/www.aarquiteta.com.br\/blog\/wp-content\/uploads\/2024\/10\/cadeiras-para-varanda03.jpg\" alt=\"Cadeiras para varanda: 60 modelos para decorar de forma aconchegante\" width=\"1024\" height=\"1024\" title=\"\"><figcaption class=\"wp-caption-text\">Cadeiras para varanda: 60 modelos para decorar de forma aconchegante<\/figcaption><\/figure>\n<p>As cores t\u00eam um poder incr\u00edvel na maneira como percebemos os ambientes. Uma <b>paleta de cores harmoniosa<\/b> pode transformar a sua varanda de um espa\u00e7o comum para um verdadeiro o\u00e1sis. Cores suaves transmitem calma, enquanto tons vibrantes trazem energia e alegria \u00e0 conviv\u00eancia.<\/p>\n<p>Que tal montar um conjunto de cadeiras coloridas? Isso traz um frescor e um toque de criatividade ao espa\u00e7o, tornando a varanda ainda mais atrativa.<\/p>\n<h3>3.2 Como Escolher Almofadas e Estofados<\/h3>\n<figure style=\"width: 1024px\" class=\"wp-caption aligncenter\"><img decoding=\"async\" src=\"https:\/\/www.aarquiteta.com.br\/blog\/wp-content\/uploads\/2024\/10\/cadeiras-para-varanda-2-730x913.webp\" alt=\"Uso de madeira nas cadeiras da varanda traz eleg\u00e2ncia e versatilidade.\" title=\"\"><figcaption class=\"wp-caption-text\">Uso de madeira nas cadeiras da varanda traz eleg\u00e2ncia e versatilidade.<\/figcaption><\/figure>\n<p>Almofadas e estofados s\u00e3o os detalhes que fazem toda a diferen\u00e7a! Al\u00e9m de adicionar conforto, eles podem ajudar a integrar as cadeiras ao restante da decora\u00e7\u00e3o. Alinhe as cores das almofadas \u00e0s cores das cadeiras e outros elementos; <b>a harmonia est\u00e9tica \u00e9 crucial<\/b> para que a varanda seja realmente convidativa.<\/p>\n<h2>4. Criando um Ambiente Aconchegante<\/h2>\n<h3>4.1 A Import\u00e2ncia da Ilumina\u00e7\u00e3o<\/h3>\n<figure style=\"width: 1024px\" class=\"wp-caption aligncenter\"><img decoding=\"async\" src=\"https:\/\/www.aarquiteta.com.br\/blog\/wp-content\/uploads\/2024\/10\/cadeiras-para-varanda4.jpg\" alt=\"Cadeiras para varanda: 60 modelos para decorar de forma aconchegante\" width=\"1024\" height=\"1024\" title=\"\"><figcaption class=\"wp-caption-text\">Cadeiras para varanda: 60 modelos para decorar de forma aconchegante<\/figcaption><\/figure>\n<p>A ilumina\u00e7\u00e3o \u00e9 um item que pode modificar todo o clima do espa\u00e7o. Luzes com intensidade suave tornam a varanda um lugar perfeito para relaxar ou realizar uma pequena reuni\u00e3o. Uma dica \u00e9 investir em <b>l\u00e2mpadas de LED<\/b> com diferentes tonalidades, al\u00e9m de lanternas e velas que trazem um toque rom\u00e2ntico.<\/p>\n<h3>4.2 Decorando com Plantas e Acess\u00f3rios<\/h3>\n<figure style=\"width: 1024px\" class=\"wp-caption aligncenter\"><img decoding=\"async\" src=\"https:\/\/www.aarquiteta.com.br\/blog\/wp-content\/uploads\/2024\/10\/cadeiras-para-varanda-3-730x730.webp\" alt=\"Cadeiras combinadas com preto trazem um toque de sofistica\u00e7\u00e3o.\" title=\"\"><figcaption class=\"wp-caption-text\">Cadeiras combinadas com preto trazem um toque de sofistica\u00e7\u00e3o.<\/figcaption><\/figure>\n<p>Plantas s\u00e3o fundamentais para criar uma atmosfera aconchegante. Elas n\u00e3o s\u00f3 purificam o ar, como tamb\u00e9m fazem com que o ambiente se sinta mais acolhedor. Ao escolher as plantas, busque variedades que se adaptem bem ao clima da sua regi\u00e3o e que n\u00e3o necessitem de muitos cuidados!<\/p>\n<h2>5. Funcionalidade e Layout da Varanda<\/h2>\n<h3>5.1 Ideias para Organizar o Espa\u00e7o<\/h3>\n<h3>Para se aprofundar mais sobre o tema, veja a minha recomenda\u00e7\u00e3o sobre o tema deste artigo no v\u00eddeo a seguir abaixo:<\/h3>\n<p><iframe title=\"YouTube video player\" src=\"https:\/\/www.youtube.com\/embed\/\" width=\"560\" height=\"315\" frameborder=\"0\" allowfullscreen=\"allowfullscreen\"><\/iframe><\/p>\n<p>Um layout adequado garante que todos os convidados tenham espa\u00e7o para circular sem aperto! <b>Priorize a funcionalidade<\/b>, garantindo que cada cadeira tenha sua pr\u00f3pria \u00e1rea de conforto. Usar mesas de centro ou laterais tamb\u00e9m pode facilitar a intera\u00e7\u00e3o entre os usu\u00e1rios e dar mais vida ao ambiente.<\/p>\n<h3>5.2 O Que Considerar na Disposi\u00e7\u00e3o das Cadeiras<\/h3>\n<figure style=\"width: 1024px\" class=\"wp-caption aligncenter\"><img decoding=\"async\" src=\"https:\/\/www.aarquiteta.com.br\/blog\/wp-content\/uploads\/2024\/10\/cadeiras-para-varanda-4-730x859.webp\" alt=\"Cadeiras coloridas e vibrantes trazem alegria ao ambiente da varanda.\" title=\"\"><figcaption class=\"wp-caption-text\">Cadeiras coloridas e vibrantes trazem alegria ao ambiente da varanda.<\/figcaption><\/figure>\n<p>Na hora de dispor as cadeiras, pense na **orienta\u00e7\u00e3o** que voc\u00ea deseja criar. Coloc\u00e1-las voltadas para a vista pode tornar a experi\u00eancia ainda mais agrad\u00e1vel. Se estiver planejando jantares ao ar livre, garantir que haja mesa adequada \u00e9 chave para um bom aproveitamento do espa\u00e7o.<\/p>\n<h2>6. Tend\u00eancias em Design de Cadeiras<\/h2>\n<h3>6.1 Estilos Modernos e Contempor\u00e2neos<\/h3>\n<p>As tend\u00eancias atuais em design priorizam <b>linhas limpas e formas geom\u00e9tricas<\/b>. As cadeiras devem n\u00e3o apenas atender \u00e0 est\u00e9tica, mas tamb\u00e9m \u00e0 ergonomia. Modelos minimalistas s\u00e3o uma \u00f3tima escolha para quem deseja deixar o ambiente clean e organizado, sem perder o conforto.<\/p>\n<h3>6.2 A Import\u00e2ncia de Funcionalidades Inovadoras<\/h3>\n<p>Hoje em dia, muitos designs trazem consigo inova\u00e7\u00f5es com o intuito de aumentar a utilizabilidade, como cadeiras que se dobram ou s\u00e3o empilh\u00e1veis para otimizar o espa\u00e7o. As funcionalidades adicionais s\u00e3o uma forma de equilibrar estilo e praticidade, permitindo que voc\u00ea aproveite sua varanda de maneira ainda mais eficaz!<\/p>\n<h2>Conclus\u00e3o: Escolhendo a Cadeira Perfeita para Sua Varanda<\/h2>\n<p>Ao <b>considerar conforto, estilo e funcionalidade<\/b>, voc\u00ea pode transformar sua varanda em um espa\u00e7o acolhedor e bonito, ideal para momentos de descontra\u00e7\u00e3o. N\u00e3o se esque\u00e7a de que cada detalhe conta, desde a escolha do material at\u00e9 a disposi\u00e7\u00e3o das cadeiras. Ao aplicar essas dicas, voc\u00ea criar\u00e1 um espa\u00e7o que n\u00e3o s\u00f3 agrada aos olhos, como tamb\u00e9m ao cora\u00e7\u00e3o!<\/p>\n<p><\/body><\/p>\n","protected":false},"excerpt":{"rendered":"<p>Descubra 60 modelos de cadeiras para varanda que transformam seu espa\u00e7o em um local confort\u00e1vel e aconchegante.<\/p>\n","protected":false},"author":102,"featured_media":133439,"comment_status":"closed","ping_status":"closed","sticky":false,"template":"","format":"standard","meta":{"footnotes":""},"categories":[1484],"tags":[],"class_list":["post-133446","post","type-post","status-publish","format-standard","has-post-thumbnail","category-decoracao"],"_wp_attached_file":null,"_wp_attachment_metadata":null,"_wp_attachment_context":null,"_wp_attachment_is_custom_header":null,"geo_longitude":null,"geo_public":null,"geo_latitude":null,"_publicize_done_external":null,"_wpas_done_3897181":null,"publicize_twitter_user":null,"_wpas_done_3897175":null,"_wpas_skip_3897181":null,"_wpas_skip_3897175":null,"_wpas_skip_3924723":null,"_wpas_mess":null,"_wpas_done_3924723":null,"wps_subtitle":"","_links":{"self":[{"href":"https:\/\/www.aarquiteta.com.br\/blog\/wp-json\/wp\/v2\/posts\/133446","targetHints":{"allow":["GET"]}}],"collection":[{"href":"https:\/\/www.aarquiteta.com.br\/blog\/wp-json\/wp\/v2\/posts"}],"about":[{"href":"https:\/\/www.aarquiteta.com.br\/blog\/wp-json\/wp\/v2\/types\/post"}],"author":[{"embeddable":true,"href":"https:\/\/www.aarquiteta.com.br\/blog\/wp-json\/wp\/v2\/users\/102"}],"replies":[{"embeddable":true,"href":"https:\/\/www.aarquiteta.com.br\/blog\/wp-json\/wp\/v2\/comments?post=133446"}],"version-history":[{"count":0,"href":"https:\/\/www.aarquiteta.com.br\/blog\/wp-json\/wp\/v2\/posts\/133446\/revisions"}],"wp:featuredmedia":[{"embeddable":true,"href":"https:\/\/www.aarquiteta.com.br\/blog\/wp-json\/wp\/v2\/media\/133439"}],"wp:attachment":[{"href":"https:\/\/www.aarquiteta.com.br\/blog\/wp-json\/wp\/v2\/media?parent=133446"}],"wp:term":[{"taxonomy":"category","embeddable":true,"href":"https:\/\/www.aarquiteta.com.br\/blog\/wp-json\/wp\/v2\/categories?post=133446"},{"taxonomy":"post_tag","embeddable":true,"href":"https:\/\/www.aarquiteta.com.br\/blog\/wp-json\/wp\/v2\/tags?post=133446"}],"curies":[{"name":"wp","href":"https:\/\/api.w.org\/{rel}","templated":true}]}}