{"id":133408,"date":"2024-10-27T08:44:06","date_gmt":"2024-10-27T11:44:06","guid":{"rendered":"https:\/\/www.aarquiteta.com.br\/blog\/orquidea-capuz-de-freira\/"},"modified":"2024-10-27T08:44:06","modified_gmt":"2024-10-27T11:44:06","slug":"orquidea-capuz-de-freira","status":"publish","type":"post","link":"https:\/\/www.aarquiteta.com.br\/blog\/orquidea-capuz-de-freira\/","title":{"rendered":"Orqu\u00eddea Capuz de Freira: Como Cuidar dessa Variedade Ex\u00f3tica"},"content":{"rendered":"<p>A Orqu\u00eddea Capuz de Freira (Phaius tancarvilleae) \u00e9 uma planta ex\u00f3tica e de f\u00e1cil cultivo, conhecida por suas flores grandes e vistosas que se destacam pelo labelo em forma de capuz. Aprenda como cuidar dessa beleza tropical e garantir uma flora\u00e7\u00e3o espetacular!<\/p>\n<h2>Destaques principais<\/h2>\n<ul>\n<li><b>Caracter\u00edsticas da planta:<\/b> A Orqu\u00eddea Capuz de Freira \u00e9 uma esp\u00e9cie terrestre que se destaca por suas flores grandes e coloridas, al\u00e9m de ser f\u00e1cil de cultivar.<\/li>\n<li><b>\u00c9poca de flora\u00e7\u00e3o:<\/b> Geralmente floresce no final do inverno e in\u00edcio da primavera, mas pode variar conforme as condi\u00e7\u00f5es de cultivo.<\/li>\n<li><b>Dicas de cultivo:<\/b> Inclui cuidados com vaso, substrato, ilumina\u00e7\u00e3o, rega e aduba\u00e7\u00e3o para garantir uma planta saud\u00e1vel e flores exuberantes.<\/li>\n<\/ul>\n<h2>Caracter\u00edsticas da Orqu\u00eddea Capuz de Freira<\/h2>\n<h3>Descri\u00e7\u00e3o da Planta<\/h3>\n<figure style=\"width: 1024px\" class=\"wp-caption aligncenter\"><img decoding=\"async\" src=\"https:\/\/www.aarquiteta.com.br\/blog\/wp-content\/uploads\/2024\/10\/orquidea-capuz-de-freira04.jpg\" alt=\"Orqu\u00eddea Capuz de Freira: Como Cuidar dessa Variedade Ex\u00f3tica\" width=\"1024\" height=\"1024\" title=\"\"><figcaption class=\"wp-caption-text\">Orqu\u00eddea Capuz de Freira: Como Cuidar dessa Variedade Ex\u00f3tica<\/figcaption><\/figure>\n<p>A Orqu\u00eddea Capuz de Freira \u00e9 uma <b>planta perene<\/b> que pode atingir de 40 a 50 cm de altura. Seus pseudobulbos s\u00e3o ov\u00f3ides ou c\u00f4nicos, e suas folhas cori\u00e1ceas se originam diretamente do solo. Essa planta \u00e9 ideal para quem busca uma orqu\u00eddea de f\u00e1cil manejo.<\/p>\n<h3>Flores e Perfume<\/h3>\n<figure style=\"width: 1024px\" class=\"wp-caption aligncenter\"><img decoding=\"async\" src=\"https:\/\/www.aarquiteta.com.br\/blog\/wp-content\/uploads\/2024\/10\/orquidea-capuz-de-freira03.jpg\" alt=\"Orqu\u00eddea Capuz de Freira: Como Cuidar dessa Variedade Ex\u00f3tica\" width=\"1024\" height=\"1024\" title=\"\"><figcaption class=\"wp-caption-text\">Orqu\u00eddea Capuz de Freira: Como Cuidar dessa Variedade Ex\u00f3tica<\/figcaption><\/figure>\n<p>As flores da Orqu\u00eddea Capuz de Freira s\u00e3o <b>impressionantes<\/b>, variando do branco ao marrom, com o labelo em tons vibrantes de rosa, vermelho ou roxo. Al\u00e9m de sua beleza, elas exalam um perfume suave que encanta qualquer ambiente.<\/p>\n<h2>\u00c9poca de Flora\u00e7\u00e3o<\/h2>\n<h3>Quando Esperar Flores<\/h3>\n<figure style=\"width: 1024px\" class=\"wp-caption aligncenter\"><img decoding=\"async\" src=\"https:\/\/www.aarquiteta.com.br\/blog\/wp-content\/uploads\/2024\/10\/orquidea-capuz-de-freira02.jpg\" alt=\"Orqu\u00eddea Capuz de Freira: Como Cuidar dessa Variedade Ex\u00f3tica\" width=\"1024\" height=\"1024\" title=\"\"><figcaption class=\"wp-caption-text\">Orqu\u00eddea Capuz de Freira: Como Cuidar dessa Variedade Ex\u00f3tica<\/figcaption><\/figure>\n<p>A flora\u00e7\u00e3o da Orqu\u00eddea Capuz de Freira ocorre geralmente no <b>final do inverno e in\u00edcio da primavera<\/b>. No entanto, fatores como temperatura e umidade podem influenciar o per\u00edodo de flora\u00e7\u00e3o, tornando-a uma planta vers\u00e1til.<\/p>\n<h2>Dicas para o Cultivo<\/h2>\n<p>Embora tenha um aspecto r\u00fastico, a Orqu\u00eddea Capuz de Freira \u00e9 uma das orqu\u00eddeas mais f\u00e1ceis de cultivar. Aqui est\u00e3o algumas dicas essenciais:<\/p>\n<h3>1. Vaso e Substrato<\/h3>\n<figure style=\"width: 1024px\" class=\"wp-caption aligncenter\"><img decoding=\"async\" src=\"https:\/\/www.aarquiteta.com.br\/blog\/wp-content\/uploads\/2024\/10\/orquidea-capuz-de-freira01.jpg\" alt=\"Orqu\u00eddea Capuz de Freira: Como Cuidar dessa Variedade Ex\u00f3tica\" width=\"1024\" height=\"1024\" title=\"\"><figcaption class=\"wp-caption-text\">Orqu\u00eddea Capuz de Freira: Como Cuidar dessa Variedade Ex\u00f3tica<\/figcaption><\/figure>\n<p>Escolha um vaso com boa drenagem e um <b>substrato rico em mat\u00e9ria org\u00e2nica<\/b>. Isso garantir\u00e1 que as ra\u00edzes da planta tenham espa\u00e7o para respirar e se desenvolver.<\/p>\n<h3>2. Ilumina\u00e7\u00e3o Ideal<\/h3>\n<p>A orqu\u00eddea prefere <b>sombra parcial<\/b>, evitando a exposi\u00e7\u00e3o direta ao sol, especialmente nas horas mais quentes do dia. Um ambiente com boa circula\u00e7\u00e3o de ar \u00e9 fundamental para sua sa\u00fade.<\/p>\n<h3>3. Rega e Umidade<\/h3>\n<h3>Assista agora a minha recomenda\u00e7\u00e3o de video abaixo sobre o tema que estamos tratando neste artigo: <\/h3>\n<p>https:\/\/www.youtube.com\/watch?v=<\/p>\n<p>Mantenha a umidade constante, mas evite o encharcamento. A rega deve ser mais frequente no ver\u00e3o e reduzida no inverno, garantindo que a planta n\u00e3o sofra com a falta de \u00e1gua.<\/p>\n<h3>4. Aduba\u00e7\u00e3o<\/h3>\n<p>Adube a planta na <b>primavera e no ver\u00e3o<\/b>, quando ela est\u00e1 em crescimento. Um fertilizante balanceado para orqu\u00eddeas ajudar\u00e1 a estimular o desenvolvimento saud\u00e1vel da planta.<\/p>\n<h2>Multiplica\u00e7\u00e3o da Orqu\u00eddea Capuz de Freira<\/h2>\n<h3>Divis\u00e3o de Rizomas<\/h3>\n<p>A multiplica\u00e7\u00e3o pode ser feita por <b>divis\u00e3o dos rizomas<\/b> ap\u00f3s a flora\u00e7\u00e3o. Separe as mudas, garantindo que cada uma tenha pelo menos tr\u00eas pseudobulbos, para que possam se desenvolver adequadamente.<\/p>\n<h2>Conclus\u00e3o<\/h2>\n<p>Cuidar da Orqu\u00eddea Capuz de Freira \u00e9 uma experi\u00eancia gratificante. Com as dicas certas, voc\u00ea pode desfrutar de suas flores exuberantes e do perfume suave que elas proporcionam. Lembre-se de que cada planta \u00e9 \u00fanica e pode exigir cuidados espec\u00edficos, mas com dedica\u00e7\u00e3o, voc\u00ea ter\u00e1 uma orqu\u00eddea saud\u00e1vel e linda em seu lar.<\/p>\n","protected":false},"excerpt":{"rendered":"<p>A Orqu\u00eddea Capuz de Freira (Phaius tancarvilleae) \u00e9 uma planta ex\u00f3tica e de f\u00e1cil cultivo, conhecida por suas flores grandes e vistosas que se destacam pelo labelo em forma de capuz. Aprenda como cuidar dessa beleza tropical e garantir uma flora\u00e7\u00e3o espetacular! Destaques principais Caracter\u00edsticas da planta: A Orqu\u00eddea Capuz de Freira \u00e9 uma esp\u00e9cie [&hellip;]<\/p>\n","protected":false},"author":102,"featured_media":133405,"comment_status":"closed","ping_status":"closed","sticky":false,"template":"","format":"standard","meta":{"footnotes":""},"categories":[9612,18792,18794],"tags":[],"class_list":["post-133408","post","type-post","status-publish","format-standard","has-post-thumbnail","category-jardinagem","category-decoracao-de-apartamento","category-projetos-de-decoracao-de-casas"],"_wp_attached_file":null,"_wp_attachment_metadata":null,"_wp_attachment_context":null,"_wp_attachment_is_custom_header":null,"geo_longitude":null,"geo_public":null,"geo_latitude":null,"_publicize_done_external":null,"_wpas_done_3897181":null,"publicize_twitter_user":null,"_wpas_done_3897175":null,"_wpas_skip_3897181":null,"_wpas_skip_3897175":null,"_wpas_skip_3924723":null,"_wpas_mess":null,"_wpas_done_3924723":null,"wps_subtitle":"","_links":{"self":[{"href":"https:\/\/www.aarquiteta.com.br\/blog\/wp-json\/wp\/v2\/posts\/133408","targetHints":{"allow":["GET"]}}],"collection":[{"href":"https:\/\/www.aarquiteta.com.br\/blog\/wp-json\/wp\/v2\/posts"}],"about":[{"href":"https:\/\/www.aarquiteta.com.br\/blog\/wp-json\/wp\/v2\/types\/post"}],"author":[{"embeddable":true,"href":"https:\/\/www.aarquiteta.com.br\/blog\/wp-json\/wp\/v2\/users\/102"}],"replies":[{"embeddable":true,"href":"https:\/\/www.aarquiteta.com.br\/blog\/wp-json\/wp\/v2\/comments?post=133408"}],"version-history":[{"count":0,"href":"https:\/\/www.aarquiteta.com.br\/blog\/wp-json\/wp\/v2\/posts\/133408\/revisions"}],"wp:featuredmedia":[{"embeddable":true,"href":"https:\/\/www.aarquiteta.com.br\/blog\/wp-json\/wp\/v2\/media\/133405"}],"wp:attachment":[{"href":"https:\/\/www.aarquiteta.com.br\/blog\/wp-json\/wp\/v2\/media?parent=133408"}],"wp:term":[{"taxonomy":"category","embeddable":true,"href":"https:\/\/www.aarquiteta.com.br\/blog\/wp-json\/wp\/v2\/categories?post=133408"},{"taxonomy":"post_tag","embeddable":true,"href":"https:\/\/www.aarquiteta.com.br\/blog\/wp-json\/wp\/v2\/tags?post=133408"}],"curies":[{"name":"wp","href":"https:\/\/api.w.org\/{rel}","templated":true}]}}