{"id":133300,"date":"2024-10-25T17:31:25","date_gmt":"2024-10-25T20:31:25","guid":{"rendered":"https:\/\/www.aarquiteta.com.br\/blog\/aprenda-massa-caseira-que-acaba-umidade-parede\/"},"modified":"2024-10-25T17:31:25","modified_gmt":"2024-10-25T20:31:25","slug":"aprenda-massa-caseira-que-acaba-umidade-parede","status":"publish","type":"post","link":"https:\/\/www.aarquiteta.com.br\/blog\/aprenda-massa-caseira-que-acaba-umidade-parede\/","title":{"rendered":"5 solu\u00e7\u00f5es eficazes para eliminar a umidade na parede."},"content":{"rendered":"<p>A umidade nas paredes \u00e9 um problema comum que pode causar danos significativos \u00e0 estrutura da casa e \u00e0 sa\u00fade dos moradores. Felizmente, um m\u00e9todo simples e econ\u00f4mico, ensinado por um pedreiro experiente, promete resolver essa quest\u00e3o de forma eficaz.<\/p>\n<h2>M\u00e9todo de pedreiro experiente promete acabar com a umidade na parede; veja o passo a passo<\/h2>\n<h3>O que causa a umidade nas paredes?<\/h3>\n<p>A umidade nas paredes pode ser um verdadeiro pesadelo. Ela pode surgir por diversas raz\u00f5es, como infiltra\u00e7\u00f5es, chuvas intensas ou at\u00e9 mesmo a qualidade da massa utilizada na constru\u00e7\u00e3o. O pedreiro do canal \u201cAqui se faz oficial\u201d explica que existem diferentes tipos de umidade, como a <b>ascendente<\/b>, que ocorre devido \u00e0 capilaridade da \u00e1gua do solo, e a umidade de batida de chuva, que \u00e9 mais comum em \u00e1reas expostas. Cada tipo de umidade requer um tratamento espec\u00edfico, e entender a origem do problema \u00e9 o primeiro passo para solucion\u00e1-lo.<\/p>\n<h3>Identificando o problema<\/h3>\n<figure style=\"width: 1024px\" class=\"wp-caption aligncenter\"><img decoding=\"async\" src=\"https:\/\/www.aarquiteta.com.br\/blog\/wp-content\/uploads\/2024\/10\/massa-caseira-para-evitar-umidade-na-parede.jpg\" alt=\"5 solu\u00e7\u00f5es eficazes para eliminar a umidade na parede.\" width=\"1024\" height=\"1024\" title=\"\"><figcaption class=\"wp-caption-text\">Source: <a href=\"https:\/\/ndmais.com.br\/arquitetura-e-decoracao\/aprenda-massa-caseira-secreta-que-acaba-com-a-umidade-na-parede\/\" target=\"_blank\" rel=\"noopener\">NDMAIS<\/a><\/figcaption><\/figure>\n<p>Antes de qualquer coisa, \u00e9 fundamental <b>identificar<\/b> o tipo de umidade que est\u00e1 afetando a parede. Se a parede estiver esfarelando muito, isso pode indicar um problema mais s\u00e9rio. O pedreiro recomenda fazer uma raspagem cuidadosa da \u00e1rea afetada. Para paredes que n\u00e3o est\u00e3o t\u00e3o danificadas, a raspagem ainda \u00e9 necess\u00e1ria, mas o tratamento pode ser menos intenso. A chave aqui \u00e9 saber o que se est\u00e1 lidando, pois isso pode fazer toda a diferen\u00e7a no resultado final.<\/p>\n<h3>Preparando a parede para o tratamento<\/h3>\n<p>Ap\u00f3s a identifica\u00e7\u00e3o do problema, o pr\u00f3ximo passo \u00e9 <b>preparar a parede<\/b> para o tratamento. Se a parede estiver esfarelando muito, o pedreiro sugere o uso do produto Endure Slim, que \u00e9 um endurecedor de superf\u00edcie. Este produto \u00e9 pr\u00e1tico, pois n\u00e3o precisa ser misturado com \u00e1gua, facilitando a aplica\u00e7\u00e3o. Para paredes que n\u00e3o est\u00e3o t\u00e3o danificadas, o uso de um fundo preparador \u00e9 recomendado. Este produto deve ser dilu\u00eddo em \u00e1gua e aplicado em duas dem\u00e3os, garantindo que a superf\u00edcie esteja bem preparada para receber a massa polim\u00e9rica.<\/p>\n<h3>Aplicando a massa polim\u00e9rica<\/h3>\n<h3>Assista agora a minha recomenda\u00e7\u00e3o de video abaixo sobre o tema que estamos tratando neste artigo: <\/h3>\n<p><iframe title=\"YouTube video player\" src=\"https:\/\/www.youtube.com\/embed\/k6eD9DSd9-s?feature=oembed&#038;enablejsapi=1&#038;origin=https:\/\/ndmais.com.br\" width=\"560\" height=\"315\" frameborder=\"0\" allowfullscreen=\"allowfullscreen\"><\/iframe><\/p>\n<p>Depois de preparar a parede, \u00e9 hora de aplicar a <b>massa polim\u00e9rica<\/b>. Essa mistura \u00e9 feita com argamassa AC3, \u00e1gua e um dos produtos como Mazatop, Sikatop 100 ou Vedatop 100. O pedreiro enfatiza que a escolha do produto pode influenciar diretamente na durabilidade do tratamento. A aplica\u00e7\u00e3o deve ser feita com cuidado, garantindo que a massa cubra toda a \u00e1rea afetada. Ap\u00f3s a aplica\u00e7\u00e3o, \u00e9 crucial esperar o tempo de secagem recomendado para que o tratamento seja eficaz.<\/p>\n<h3>Finalizando o processo<\/h3>\n<p>Com a massa polim\u00e9rica aplicada e seca, o \u00faltimo passo \u00e9 fazer uma <b>verifica\u00e7\u00e3o final<\/b> para garantir que a umidade foi realmente eliminada. O pedreiro recomenda observar a parede nos dias seguintes \u00e0 aplica\u00e7\u00e3o, verificando se h\u00e1 sinais de umidade ou esfarelamento. Se tudo estiver em ordem, \u00e9 hora de celebrar a vit\u00f3ria contra a umidade! No entanto, se o problema persistir, pode ser necess\u00e1rio consultar um especialista para uma avalia\u00e7\u00e3o mais detalhada.<\/p>\n<h3>Manuten\u00e7\u00e3o e preven\u00e7\u00e3o<\/h3>\n<p>Ap\u00f3s resolver o problema da umidade, a manuten\u00e7\u00e3o \u00e9 essencial para evitar que ele retorne. O pedreiro sugere algumas pr\u00e1ticas simples, como garantir que a \u00e1rea ao redor da casa esteja bem drenada e que n\u00e3o haja ac\u00famulo de \u00e1gua nas proximidades. Al\u00e9m disso, \u00e9 importante realizar inspe\u00e7\u00f5es regulares nas paredes e no telhado, especialmente ap\u00f3s per\u00edodos de chuvas intensas. A preven\u00e7\u00e3o \u00e9 sempre o melhor rem\u00e9dio!<\/p>\n<h2>Conclus\u00e3o<\/h2>\n<p>Resolver o problema da umidade nas paredes n\u00e3o precisa ser uma tarefa complicada ou cara. Com o m\u00e9todo ensinado pelo pedreiro do canal \u201cAqui se faz oficial\u201d, \u00e9 poss\u00edvel tratar a umidade de forma eficaz e econ\u00f4mica. A chave est\u00e1 em identificar corretamente o tipo de umidade, preparar a parede adequadamente e aplicar os produtos certos. Com um pouco de paci\u00eancia e dedica\u00e7\u00e3o, qualquer um pode dar adeus \u00e0 umidade e garantir um lar mais saud\u00e1vel e confort\u00e1vel.<\/p>\n<p>Pontos principais do artigo:<\/p>\n<ul>\n<li>A umidade nas paredes pode ser causada por infiltra\u00e7\u00f5es, chuvas e qualidade da massa.<\/li>\n<li>Identificar o tipo de umidade \u00e9 crucial para o tratamento adequado.<\/li>\n<li>Preparar a parede com produtos espec\u00edficos \u00e9 fundamental para o sucesso do tratamento.<\/li>\n<li>A aplica\u00e7\u00e3o da massa polim\u00e9rica deve ser feita com cuidado e aten\u00e7\u00e3o.<\/li>\n<li>Manuten\u00e7\u00e3o e preven\u00e7\u00e3o s\u00e3o essenciais para evitar o retorno da umidade.<\/li>\n<\/ul>\n","protected":false},"excerpt":{"rendered":"<p>A umidade nas paredes \u00e9 um problema comum que pode causar danos significativos \u00e0 estrutura da casa e \u00e0 sa\u00fade dos moradores. Felizmente, um m\u00e9todo simples e econ\u00f4mico, ensinado por um pedreiro experiente, promete resolver essa quest\u00e3o de forma eficaz. M\u00e9todo de pedreiro experiente promete acabar com a umidade na parede; veja o passo a [&hellip;]<\/p>\n","protected":false},"author":102,"featured_media":133299,"comment_status":"closed","ping_status":"closed","sticky":false,"template":"","format":"standard","meta":{"footnotes":""},"categories":[249,19127],"tags":[],"class_list":["post-133300","post","type-post","status-publish","format-standard","has-post-thumbnail","category-engenharia-e-construcao-civil","category-reforma-e-manutencao"],"_wp_attached_file":null,"_wp_attachment_metadata":null,"_wp_attachment_context":null,"_wp_attachment_is_custom_header":null,"geo_longitude":null,"geo_public":null,"geo_latitude":null,"_publicize_done_external":null,"_wpas_done_3897181":null,"publicize_twitter_user":null,"_wpas_done_3897175":null,"_wpas_skip_3897181":null,"_wpas_skip_3897175":null,"_wpas_skip_3924723":null,"_wpas_mess":null,"_wpas_done_3924723":null,"wps_subtitle":"","_links":{"self":[{"href":"https:\/\/www.aarquiteta.com.br\/blog\/wp-json\/wp\/v2\/posts\/133300","targetHints":{"allow":["GET"]}}],"collection":[{"href":"https:\/\/www.aarquiteta.com.br\/blog\/wp-json\/wp\/v2\/posts"}],"about":[{"href":"https:\/\/www.aarquiteta.com.br\/blog\/wp-json\/wp\/v2\/types\/post"}],"author":[{"embeddable":true,"href":"https:\/\/www.aarquiteta.com.br\/blog\/wp-json\/wp\/v2\/users\/102"}],"replies":[{"embeddable":true,"href":"https:\/\/www.aarquiteta.com.br\/blog\/wp-json\/wp\/v2\/comments?post=133300"}],"version-history":[{"count":0,"href":"https:\/\/www.aarquiteta.com.br\/blog\/wp-json\/wp\/v2\/posts\/133300\/revisions"}],"wp:featuredmedia":[{"embeddable":true,"href":"https:\/\/www.aarquiteta.com.br\/blog\/wp-json\/wp\/v2\/media\/133299"}],"wp:attachment":[{"href":"https:\/\/www.aarquiteta.com.br\/blog\/wp-json\/wp\/v2\/media?parent=133300"}],"wp:term":[{"taxonomy":"category","embeddable":true,"href":"https:\/\/www.aarquiteta.com.br\/blog\/wp-json\/wp\/v2\/categories?post=133300"},{"taxonomy":"post_tag","embeddable":true,"href":"https:\/\/www.aarquiteta.com.br\/blog\/wp-json\/wp\/v2\/tags?post=133300"}],"curies":[{"name":"wp","href":"https:\/\/api.w.org\/{rel}","templated":true}]}}