{"id":133282,"date":"2024-10-25T11:22:12","date_gmt":"2024-10-25T14:22:12","guid":{"rendered":"https:\/\/www.aarquiteta.com.br\/blog\/sofa-marrom\/"},"modified":"2024-10-25T18:03:49","modified_gmt":"2024-10-25T21:03:49","slug":"sofa-marrom","status":"publish","type":"post","link":"https:\/\/www.aarquiteta.com.br\/blog\/sofa-marrom\/","title":{"rendered":"Sofa marrom: modelos e como combina-lo em seus ambientes"},"content":{"rendered":"<p><body><\/p>\n<p>Descubra como um sof\u00e1 marrom pode ser a escolha perfeita para transformar sua sala em um espa\u00e7o aconchegante e cheio de estilo.<\/p>\n<h2>O Sof\u00e1 Marrom: Um Cl\u00e1ssico Atemporal<\/h2>\n<p>Quando pensamos em um <b>sof\u00e1 marrom<\/b>, logo nos vem \u00e0 mente a imagem de conforto e sofistica\u00e7\u00e3o. Essa pe\u00e7a, que \u00e9 praticamente um <b>companheiro fiel<\/b> nas horas de descanso, ainda \u00e9 uma das melhores op\u00e7\u00f5es para a decora\u00e7\u00e3o. Vou te mostrar como ele pode ser <b>vers\u00e1til<\/b> e se adaptar a diferentes estilos, trazendo um toque especial ao ambiente.<\/p>\n<h2>1. Sof\u00e1 Marrom e a Sensa\u00e7\u00e3o de Aconchego<\/h2>\n<h3>Como o sof\u00e1 marrom cria um ambiente acolhedor<\/h3>\n<figure style=\"width: 1024px\" class=\"wp-caption aligncenter\"><img decoding=\"async\" src=\"https:\/\/www.aarquiteta.com.br\/blog\/wp-content\/uploads\/2024\/10\/sofa-marrom-6-730x730.jpg\" alt=\"Foto: Reprodu\u00e7\u00e3o \/ In\u00e1 Arquitetura\" title=\"\"><figcaption class=\"wp-caption-text\">Foto: Reprodu\u00e7\u00e3o \/ In\u00e1 Arquitetura<\/figcaption><\/figure>\n<p>Um sof\u00e1 marrom tem o poder de <b>transformar<\/b> qualquer espa\u00e7o em um <b>ref\u00fagio confort\u00e1vel<\/b>. Sua cor neutra permite uma f\u00e1cil combina\u00e7\u00e3o com outros elementos da decora\u00e7\u00e3o, seja uma parede com papel de parede ou uma pintura vibrante. Durante as tardes pregui\u00e7osas, imagine-se <b>relaxando<\/b> nesse sof\u00e1, cercado por almofadas e uma manta quentinha. \u00c9 quase como um abra\u00e7o em forma de m\u00f3vel!<\/p>\n<h3>Combina\u00e7\u00f5es ideais com almofadas<\/h3>\n<img decoding=\"async\" src=\"https:\/\/www.aarquiteta.com.br\/blog\/wp-content\/uploads\/2024\/10\/sofa-marrom01.jpg\" alt=\"\" width=\"1024\" height=\"1024\" title=\"\">\n<p>Quando se trata da <b>decora\u00e7\u00e3o<\/b> do sof\u00e1 marrom, as almofadas s\u00e3o as estrelas da festa. Almofadas em tons de bege ou at\u00e9 mesmo estampas florais trazem um <b>toque de alegria<\/b> e leveza ao ambiente. Brinque com texturas e formatos, criando uma composi\u00e7\u00e3o que fa\u00e7a seus convidados quererem se acomodar por horas. Quem n\u00e3o gosta de uma sala que parece convid\u00e1-los a ficar s\u00f3 mais um pouquinho?<\/p>\n<h2>2. Estilos de Sof\u00e1s Marrons<\/h2>\n<h3>Sof\u00e1 Chesterfield: O \u00edcone da sofistica\u00e7\u00e3o<\/h3>\n<figure style=\"width: 1024px\" class=\"wp-caption aligncenter\"><img decoding=\"async\" src=\"https:\/\/www.aarquiteta.com.br\/blog\/wp-content\/uploads\/2024\/10\/sofa-marrom-1.jpg\" alt=\"Foto: Reprodu\u00e7\u00e3o \/ Ana Yoshida Interiores\" title=\"\"><figcaption class=\"wp-caption-text\">Foto: Reprodu\u00e7\u00e3o \/ Ana Yoshida Interiores<\/figcaption><\/figure>\n<p>O sof\u00e1 Chesterfield \u00e9 um dos modelos mais <b>sublimes<\/b> que existem. Com seu design <b>impec\u00e1vel<\/b> e bot\u00f5es capiton\u00ea, ele traz um glamour que poucos conseguem igualar. Ao escolher um Chesterfield, voc\u00ea n\u00e3o est\u00e1 apenas optando por um sof\u00e1 marrom; voc\u00ea est\u00e1 fazendo uma declara\u00e7\u00e3o de eleg\u00e2ncia que <b>encantar\u00e1<\/b> qualquer visitante.<\/p>\n<h3>Sof\u00e1s modernos e confort\u00e1veis<\/h3>\n<img decoding=\"async\" src=\"https:\/\/www.aarquiteta.com.br\/blog\/wp-content\/uploads\/2024\/10\/sofa-marrom02.jpg\" alt=\"\" width=\"1024\" height=\"1024\" title=\"\">\n<p>Se o seu estilo \u00e9 mais <b> contempor\u00e2neo<\/b>, n\u00e3o se preocupe. Existem v\u00e1rios modelos de sof\u00e1 marrom que combinam conforto com um design atual e minimalista. Linhas retas, bra\u00e7os baixos e assentos amplos fazem com que esses sof\u00e1s sejam <b>perfeitos<\/b> para quem busca um ambiente relaxante sem abrir m\u00e3o do estilo.<\/p>\n<h2>3. Cores que Harmonizam com o Sof\u00e1 Marrom<\/h2>\n<h3>Combina\u00e7\u00f5es com tons neutros<\/h3>\n<figure style=\"width: 1024px\" class=\"wp-caption aligncenter\"><img decoding=\"async\" src=\"https:\/\/www.aarquiteta.com.br\/blog\/wp-content\/uploads\/2024\/10\/sofa-marrom-2-730x913.jpg\" alt=\"Foto: Reprodu\u00e7\u00e3o \/ Triplex Arquitetura\" title=\"\"><figcaption class=\"wp-caption-text\">Foto: Reprodu\u00e7\u00e3o \/ Triplex Arquitetura<\/figcaption><\/figure>\n<p>Os tons neutros s\u00e3o os melhores amigos do sof\u00e1 marrom. Cores como <b>creme<\/b>, <b>cinza<\/b> e <b>bege<\/b> criam uma paleta harmoniosa que traz <b>equil\u00edbrio<\/b> ao ambiente. Al\u00e9m disso, utilizar essas tonalidades em detalhes como cortinas, tapetes e quadros vai fazer sua sala brilhar com uma eleg\u00e2ncia tranquila.<\/p>\n<h3>Contrastando com cores vibrantes<\/h3>\n<img decoding=\"async\" src=\"https:\/\/www.aarquiteta.com.br\/blog\/wp-content\/uploads\/2024\/10\/sofa-marrom03.jpg\" alt=\"\" width=\"1024\" height=\"1024\" title=\"\">\n<p>Por outro lado, se voc\u00ea \u00e9 mais ousado, n\u00e3o tenha medo de brincar com <b>cores vibrantes<\/b>. Um sof\u00e1 marrom combina lindamente com almofadas em tons de amarelo, azul royal ou at\u00e9 mesmo um vermelho rubi. Isso traz uma <b>dinamicidade<\/b> ao espa\u00e7o que pode ser a dose exata de energia que sua sala precisava.<\/p>\n<h2>4. Materiais e Texturas para Sof\u00e1s Marrons<\/h2>\n<h3>Couro, veludo e microfibra<\/h3>\n<figure style=\"width: 1024px\" class=\"wp-caption aligncenter\"><img decoding=\"async\" src=\"https:\/\/www.aarquiteta.com.br\/blog\/wp-content\/uploads\/2024\/10\/sofa-marrom-3-730x730.jpg\" alt=\"Foto: Reprodu\u00e7\u00e3o \/ Priscilla Bailoni\" title=\"\"><figcaption class=\"wp-caption-text\">Foto: Reprodu\u00e7\u00e3o \/ Priscilla Bailoni<\/figcaption><\/figure>\n<p>Quando o assunto \u00e9 material, as op\u00e7\u00f5es s\u00e3o <b>incont\u00e1veis<\/b>. Sof\u00e1s em couro marrom s\u00e3o sin\u00f4nimo de <b>durabilidade<\/b> e eleg\u00e2ncia. J\u00e1 o veludo traz um ar de <b>luxo<\/b> e conforto acolhedor. A microfibra \u00e9 uma alternativa moderninha que une beleza e praticidade, sendo f\u00e1cil de limpar e muito amig\u00e1vel com os <b>animais de estima\u00e7\u00e3o<\/b>.<\/p>\n<h3>Texturas que adicionam valor est\u00e9tico<\/h3>\n<img decoding=\"async\" src=\"https:\/\/www.aarquiteta.com.br\/blog\/wp-content\/uploads\/2024\/10\/sofa-marrom4.jpg\" alt=\"\" width=\"1024\" height=\"1024\" title=\"\">\n<p><b>Texturas<\/b> diferentes podem transformar um simples sof\u00e1 marrom em uma pe\u00e7a de destaque. Revestimentos aveludados ou com acabamentos r\u00fasticos fazem toda a diferen\u00e7a no visual da sala, dando uma <b>personalidade<\/b> \u00fanica ao espa\u00e7o. Invista em texturas e observe como seu ambiente se transforma!<\/p>\n<h2>5. Decorando ao Redor do Sof\u00e1 Marrom<\/h2>\n<h3>Escolhendo mesas de centro e tapetes<\/h3>\n<figure style=\"width: 1024px\" class=\"wp-caption aligncenter\"><img decoding=\"async\" src=\"https:\/\/www.aarquiteta.com.br\/blog\/wp-content\/uploads\/2024\/10\/sofa-marrom-4-730x487.jpg\" alt=\"Foto: Reprodu\u00e7\u00e3o \/ DB Arquitetos\" title=\"\"><figcaption class=\"wp-caption-text\">Foto: Reprodu\u00e7\u00e3o \/ DB Arquitetos<\/figcaption><\/figure>\n<p>Ao escolher a <b>mesa de centro<\/b>, opte por designs que complementem o sof\u00e1. Mesas em madeira clara ou metal, por exemplo, criam um contraste bonito e atraente. N\u00e3o se esque\u00e7a do tapete! Um tapete que delimite a \u00e1rea do sof\u00e1 n\u00e3o apenas <b>acolhe<\/b>, mas tamb\u00e9m se torna um convite ao conforto. Escolha padr\u00f5es que conversem com o resto da decora\u00e7\u00e3o.<\/p>\n<h3>O uso de plantas e objetos decorativos<\/h3>\n<h3>Para se aprofundar mais sobre o tema, veja a minha recomenda\u00e7\u00e3o sobre o tema deste artigo no v\u00eddeo a seguir abaixo:<\/h3>\n<p><iframe title=\"YouTube video player\" src=\"https:\/\/www.youtube.com\/embed\/\" width=\"560\" height=\"315\" frameborder=\"0\" allowfullscreen=\"allowfullscreen\"><\/iframe><\/p>\n<p>As <b>plantas<\/b> s\u00e3o essenciais para trazer vida ao ambiente. Desde pequenas suculentas em mesas laterais at\u00e9 grandes folhagens no ch\u00e3o, elas acrescentam um toque <b>natural<\/b> que \u00e9 irresist\u00edvel. Objetos decorativos, como livros ou esculturas, tamb\u00e9m podem complementar o estilo da sua sala, tornando-a mais <b>pessoal<\/b> e convidativa.<\/p>\n<h2>6. Dicas Pr\u00e1ticas para uma Sala Perfeita<\/h2>\n<h3>Como escolher o sof\u00e1 ideal para seu espa\u00e7o<\/h3>\n<figure style=\"width: 1024px\" class=\"wp-caption aligncenter\"><img decoding=\"async\" src=\"https:\/\/www.aarquiteta.com.br\/blog\/wp-content\/uploads\/2024\/10\/sofa-marrom-5.jpg\" alt=\"Foto: Reprodu\u00e7\u00e3o \/ Mauricio Karam\" title=\"\"><figcaption class=\"wp-caption-text\">Foto: Reprodu\u00e7\u00e3o \/ Mauricio Karam<\/figcaption><\/figure>\n<p>Escolher o sof\u00e1 ideal \u00e9 mais do que s\u00f3 uma quest\u00e3o de <b>design<\/b>; \u00e9 sobre <b>funcionalidade<\/b> e conforto. Me\u00e7a seu espa\u00e7o e opte por um sof\u00e1 que n\u00e3o s\u00f3 encaixe bem, mas que tamb\u00e9m permita a circula\u00e7\u00e3o. Assim, voc\u00ea garante um ambiente agrad\u00e1vel e acess\u00edvel.<\/p>\n<h3>Erros comuns a evitar na decora\u00e7\u00e3o<\/h3>\n<p>Um dos maiores erros na decora\u00e7\u00e3o \u00e9 negligenciar a harmonia entre os elementos. \u00c9 importante que cada detalhe do espa\u00e7o converse com o sof\u00e1 e com o restante dos m\u00f3veis. Portanto, evite exageros: mantenha um equil\u00edbrio visual e crie uma atmosfera <b>harmoniosa<\/b>.<\/p>\n<h2>Conclus\u00e3o<\/h2>\n<p>Em resumo, o sof\u00e1 marrom \u00e9 mais do que uma pe\u00e7a de mobili\u00e1rio; ele \u00e9 uma <b>declara\u00e7\u00e3o de estilo<\/b> e conforto. Sua versatilidade permite que ele se encaixe em qualquer ambiente, seja ele um ref\u00fagio moderno ou um espa\u00e7o aconchegante. Ao utiliz\u00e1-lo em sua decora\u00e7\u00e3o, voc\u00ea est\u00e1 garantindo um lar harmonioso e cheio de <b>personalidade<\/b> para receber amigos e fam\u00edlia.<\/p>\n<p><\/body><\/p>\n","protected":false},"excerpt":{"rendered":"<p>Descubra como um sof\u00e1 marrom pode ser a escolha perfeita para transformar sua sala em um espa\u00e7o aconchegante e cheio de estilo. O Sof\u00e1 Marrom: Um Cl\u00e1ssico Atemporal Quando pensamos em um sof\u00e1 marrom, logo nos vem \u00e0 mente a imagem de conforto e sofistica\u00e7\u00e3o. Essa pe\u00e7a, que \u00e9 praticamente um companheiro fiel nas horas [&hellip;]<\/p>\n","protected":false},"author":102,"featured_media":133275,"comment_status":"closed","ping_status":"closed","sticky":false,"template":"","format":"standard","meta":{"footnotes":""},"categories":[1484],"tags":[],"class_list":["post-133282","post","type-post","status-publish","format-standard","has-post-thumbnail","category-decoracao"],"_wp_attached_file":null,"_wp_attachment_metadata":null,"_wp_attachment_context":null,"_wp_attachment_is_custom_header":null,"geo_longitude":null,"geo_public":null,"geo_latitude":null,"_publicize_done_external":null,"_wpas_done_3897181":null,"publicize_twitter_user":null,"_wpas_done_3897175":null,"_wpas_skip_3897181":null,"_wpas_skip_3897175":null,"_wpas_skip_3924723":null,"_wpas_mess":null,"_wpas_done_3924723":null,"wps_subtitle":"","_links":{"self":[{"href":"https:\/\/www.aarquiteta.com.br\/blog\/wp-json\/wp\/v2\/posts\/133282","targetHints":{"allow":["GET"]}}],"collection":[{"href":"https:\/\/www.aarquiteta.com.br\/blog\/wp-json\/wp\/v2\/posts"}],"about":[{"href":"https:\/\/www.aarquiteta.com.br\/blog\/wp-json\/wp\/v2\/types\/post"}],"author":[{"embeddable":true,"href":"https:\/\/www.aarquiteta.com.br\/blog\/wp-json\/wp\/v2\/users\/102"}],"replies":[{"embeddable":true,"href":"https:\/\/www.aarquiteta.com.br\/blog\/wp-json\/wp\/v2\/comments?post=133282"}],"version-history":[{"count":0,"href":"https:\/\/www.aarquiteta.com.br\/blog\/wp-json\/wp\/v2\/posts\/133282\/revisions"}],"wp:featuredmedia":[{"embeddable":true,"href":"https:\/\/www.aarquiteta.com.br\/blog\/wp-json\/wp\/v2\/media\/133275"}],"wp:attachment":[{"href":"https:\/\/www.aarquiteta.com.br\/blog\/wp-json\/wp\/v2\/media?parent=133282"}],"wp:term":[{"taxonomy":"category","embeddable":true,"href":"https:\/\/www.aarquiteta.com.br\/blog\/wp-json\/wp\/v2\/categories?post=133282"},{"taxonomy":"post_tag","embeddable":true,"href":"https:\/\/www.aarquiteta.com.br\/blog\/wp-json\/wp\/v2\/tags?post=133282"}],"curies":[{"name":"wp","href":"https:\/\/api.w.org\/{rel}","templated":true}]}}