{"id":133197,"date":"2024-10-24T11:55:19","date_gmt":"2024-10-24T14:55:19","guid":{"rendered":"https:\/\/www.aarquiteta.com.br\/blog\/espelho-de-chao\/"},"modified":"2024-10-24T11:55:19","modified_gmt":"2024-10-24T14:55:19","slug":"espelho-de-chao","status":"publish","type":"post","link":"https:\/\/www.aarquiteta.com.br\/blog\/espelho-de-chao\/","title":{"rendered":"Inspira\u00e7\u00f5es para Decorar com 10 Espelhos de Ch\u00e3o"},"content":{"rendered":"<p><body><\/p>\n<p>O espelho de ch\u00e3o \u00e9 uma pe\u00e7a de decora\u00e7\u00e3o moderna e vers\u00e1til que pode transformar qualquer ambiente da sua casa, trazendo estilo e aconchego. Conhe\u00e7a as melhores dicas para utiliz\u00e1-lo de forma criativa em diversos c\u00f4modos!<\/p>\n<h2>Principais Destaques<\/h2>\n<ul>\n<li><b>Versatilidade<\/b>: Aprenda como o espelho de ch\u00e3o pode ser utilizado em diferentes c\u00f4modos.<\/li>\n<li><b>Estilos e Cores<\/b>: Descubra como as cores e estilos dos espelhos podem afetar a decora\u00e7\u00e3o.<\/li>\n<li><b>Elementos Decorativos<\/b>: Veja como molduras e adornos podem real\u00e7ar o visual do espelho.<\/li>\n<li><b>Ambientes \u00danicos<\/b>: Inspire-se com ideias para criar ambientes personalizados com o espelho de ch\u00e3o.<\/li>\n<li><b>Tend\u00eancias de Decora\u00e7\u00e3o<\/b>: Conhe\u00e7a as \u00faltimas tend\u00eancias no uso do espelho de ch\u00e3o na decora\u00e7\u00e3o.<\/li>\n<\/ul>\n<h2>O poder do Espelho de Ch\u00e3o na Decora\u00e7\u00e3o<\/h2>\n<p>Ao longo dos anos, aprendi que o <b>espelho de ch\u00e3o<\/b> \u00e9 uma pe\u00e7a fundamental na decora\u00e7\u00e3o. Ele n\u00e3o s\u00f3 reflete a luz, mas tamb\u00e9m amplia visualmente os espa\u00e7os, dando a sensa\u00e7\u00e3o de que temos mais \u00e1rea dispon\u00edvel. Precisamos analisar o contexto do ambiente, pois a coloca\u00e7\u00e3o do espelho pode fazer toda a diferen\u00e7a.<\/p>\n<p>Al\u00e9m disso, o espelho de ch\u00e3o \u00e9 incrivelmente adapt\u00e1vel. Posso vari\u00e1-lo para os diferentes c\u00f4modos da casa, como sala, quarto, ou at\u00e9 mesmo no hall de entrada, criando uma atmosfera totalmente nova cada vez que mudo sua posi\u00e7\u00e3o.<\/p>\n<p>Nota que o <b>uso estrat\u00e9gico<\/b> do espelho tamb\u00e9m pode alterar a percep\u00e7\u00e3o do espa\u00e7o. Vale a pena experiment\u00e1-lo no ambiente que desejar, sempre observando como a luz e os elementos ao redor interagem. Felicidade e aconchego tamb\u00e9m podem ser alcan\u00e7ados assim!<\/p>\n<h2>Versatilidade do Espelho de Ch\u00e3o<\/h2>\n<h3>Coloca\u00e7\u00e3o em Diversos C\u00f4modos<\/h3>\n<figure style=\"width: 1024px\" class=\"wp-caption aligncenter\"><img decoding=\"async\" src=\"https:\/\/www.aarquiteta.com.br\/blog\/wp-content\/uploads\/2024\/10\/espelho-de-chao-5.webp\" alt=\"Mas, se optar por um espelho preto, vai ficar muito sofisticado.\" title=\"\"><figcaption class=\"wp-caption-text\">Mas, se optar por um espelho preto, vai ficar muito sofisticado.<\/figcaption><\/figure>\n<p>O primeiro passo \u00e9 reconhecer onde um espelho de ch\u00e3o pode ser mais eficaz. No quarto, por exemplo, ele funciona como um ponto de <b>reflex\u00e3o ideal<\/b> e ainda ajuda a conferir o visual no dia a dia. Na sala de estar, j\u00e1 experimentei coloc\u00e1-lo ao lado de um sof\u00e1, e a sensa\u00e7\u00e3o \u00e9 de um espa\u00e7o mais amplo e convidativo.<\/p>\n<p>No hall de entrada, o espelho de ch\u00e3o n\u00e3o apenas reflete a imagem, mas tamb\u00e9m adiciona um toque de sofistica\u00e7\u00e3o ao espa\u00e7o. Um simples detalhe que transforma uma \u00e1rea, que muitas vezes \u00e9 negligenciada, em algo elegante e atraente. N\u00e3o subestime o poder de um espelho!<\/p>\n<h3>Espelhos para Ambientes Aconchegantes<\/h3>\n<figure style=\"width: 1024px\" class=\"wp-caption aligncenter\"><img decoding=\"async\" src=\"https:\/\/www.aarquiteta.com.br\/blog\/wp-content\/uploads\/2024\/10\/espelho-de-chao01.jpg\" alt=\"Inspira\u00e7\u00f5es para Decorar com Espelhos de Ch\u00e3o\" width=\"1024\" height=\"1024\" title=\"\"><figcaption class=\"wp-caption-text\">Inspira\u00e7\u00f5es para Decorar com Espelhos de Ch\u00e3o<\/figcaption><\/figure>\n<p>Um espelho n\u00e3o precisa ser s\u00f3 bonito; ele pode tamb\u00e9m influenciar no <b>clima do ambiente<\/b>. Em salas com cores mais escuras, um espelho claro pode iluminar e trazer um ar mais leve e harmonioso. Aqui, o espelho n\u00e3o \u00e9 s\u00f3 um grande fragmento de vidro, mas uma pe\u00e7a que redefine o espa\u00e7o.<\/p>\n<p>Experimente ainda combin\u00e1-lo com plantas. Um espelho e algumas folhagens podem resultar em um <b>espa\u00e7o intimista<\/b> e acolhedor. Percebo que essa combina\u00e7\u00e3o traz um pouco da natureza para dentro de casa, algo essencial nos dias de hoje.<\/p>\n<h2>Estilo e Cor na Decora\u00e7\u00e3o<\/h2>\n<h3>Espelhos Brancos para Quarto<\/h3>\n<figure style=\"width: 1024px\" class=\"wp-caption aligncenter\"><img decoding=\"async\" src=\"https:\/\/www.aarquiteta.com.br\/blog\/wp-content\/uploads\/2024\/10\/espelho-de-chao-0.jpg\" alt=\"Espelho de ch\u00e3o: inspire-se com essa pe\u00e7a na hora de decorar\" title=\"\"><figcaption class=\"wp-caption-text\">Espelho de ch\u00e3o: inspire-se com essa pe\u00e7a na hora de decorar<\/figcaption><\/figure>\n<p>Um espelho branco \u00e9 uma escolha maravilhosa para quartos. Ele traz uma luminosidade e um toque de <b>pureza<\/b>, fazendo o espa\u00e7o parecer maior. Quando colocado estrategicamente, ele pode refletir a luz natural, criando um ambiente arejado e sereno.<\/p>\n<p>Eu sempre sugiro que as pessoas testem essa op\u00e7\u00e3o em seus pr\u00f3prios espa\u00e7os, pois, em muitos casos, as cores claras t\u00eam um efeito psicol\u00f3gico positivo. Isso pode at\u00e9 influenciar no humor de quem habita o espa\u00e7o.<\/p>\n<h3>Sofistica\u00e7\u00e3o com Espelhos Pretos<\/h3>\n<figure style=\"width: 1024px\" class=\"wp-caption aligncenter\"><img decoding=\"async\" src=\"https:\/\/www.aarquiteta.com.br\/blog\/wp-content\/uploads\/2024\/10\/espelho-de-chao02.jpg\" alt=\"Inspira\u00e7\u00f5es para Decorar com Espelhos de Ch\u00e3o\" width=\"1024\" height=\"1024\" title=\"\"><figcaption class=\"wp-caption-text\">Inspira\u00e7\u00f5es para Decorar com Espelhos de Ch\u00e3o<\/figcaption><\/figure>\n<p>Por outro lado, n\u00e3o podemos esquecer a sofistica\u00e7\u00e3o que um espelho preto oferece. Ele adiciona um <b>toque de eleg\u00e2ncia<\/b> a qualquer ambiente e \u00e9 perfeito para quem busca um ar mais contempor\u00e2neo. Na sala de estar ou no jantar, ele se destaca sem se sobressair, sabe?<\/p>\n<p>Quando utilizo espelhos pretos, sempre ressalto a harmonia com outros elementos da decora\u00e7\u00e3o, como m\u00f3veis e quadros. Isso evita um visual polu\u00eddo e ajuda a criar um ambiente coerente.<\/p>\n<h2>Elementos de Decora\u00e7\u00e3o para Espelhos<\/h2>\n<h3>Moldura e Acabamento<\/h3>\n<figure style=\"width: 1024px\" class=\"wp-caption aligncenter\"><img decoding=\"async\" src=\"https:\/\/www.aarquiteta.com.br\/blog\/wp-content\/uploads\/2024\/10\/espelho-de-chao-1.webp\" alt=\"O espelho de ch\u00e3o \u00e9 uma pe\u00e7a muito vers\u00e1til e bem moderna.\" title=\"\"><figcaption class=\"wp-caption-text\">O espelho de ch\u00e3o \u00e9 uma pe\u00e7a muito vers\u00e1til e bem moderna.<\/figcaption><\/figure>\n<p>A moldura de um espelho \u00e9 como a moldura de uma obra de arte; <b>ele deve complementar o ambiente<\/b> e n\u00e3o competir com ele. Uma moldura de madeira r\u00fastica pode dar aquele ar acolhedor, enquanto uma moldura met\u00e1lica moderna adiciona um toque industrial.<\/p>\n<p>Essa parte \u00e9 fundamental e deve ser escolhida com cuidado, pois a moldura do espelho \u00e9 o que vai dar o tom do ambiente. Um simples espelho pode se tornar a pe\u00e7a central de uma sala apenas por causa da sua moldura!<\/p>\n<h3>Adornos e Plantas<\/h3>\n<figure style=\"width: 1024px\" class=\"wp-caption aligncenter\"><img decoding=\"async\" src=\"https:\/\/www.aarquiteta.com.br\/blog\/wp-content\/uploads\/2024\/10\/espelho-de-chao03.jpg\" alt=\"Inspira\u00e7\u00f5es para Decorar com Espelhos de Ch\u00e3o\" width=\"1024\" height=\"1024\" title=\"\"><figcaption class=\"wp-caption-text\">Inspira\u00e7\u00f5es para Decorar com Espelhos de Ch\u00e3o<\/figcaption><\/figure>\n<p>Adicionando plantas ou pequenos objetos decorativos ao redor do espelho, conseguimos criar um <b>ponto focal<\/b> do local. Numa casa, o espelho com alguns arranjos verdes traz vida \u00e0 decora\u00e7\u00e3o, enquanto objetos artesanais adicionam um toque pessoal.<\/p>\n<p>Eu mesmo gosto de brincar com essa ideia, usando desde velas a pequenas esculturas. A intera\u00e7\u00e3o do espelho com esses elementos cria um efeito visual incr\u00edvel!<\/p>\n<h2>Criando Ambientes \u00danicos<\/h2>\n<h3>Composi\u00e7\u00e3o com Acess\u00f3rios<\/h3>\n<figure style=\"width: 1024px\" class=\"wp-caption aligncenter\"><img decoding=\"async\" src=\"https:\/\/www.aarquiteta.com.br\/blog\/wp-content\/uploads\/2024\/10\/espelho-de-chao-2-730x730.webp\" alt=\"Apostar nesse tipo de espelho \u00e9 tornar a sua decora\u00e7\u00e3o bem mais estilosa, al\u00e9m de pr\u00e1tica.\" title=\"\"><figcaption class=\"wp-caption-text\">Apostar nesse tipo de espelho \u00e9 tornar a sua decora\u00e7\u00e3o bem mais estilosa, al\u00e9m de pr\u00e1tica.<\/figcaption><\/figure>\n<p>Usar o espelho como base para criar um espa\u00e7o \u00fanico \u00e9 onde a m\u00e1gica acontece no interiorismo. Ao adicionar <b>acess\u00f3rios cuidadosamente selecionados<\/b>, podemos personalizar um ambiente e dar vida a ele. Um espelho pode comportar diversos estilos atrav\u00e9s de acess\u00f3rios.<\/p>\n<p>\u00c9 real! Ao fazer isso, eu transformo totalmente como um espa\u00e7o pode parecer e funciona. Simples toques de decora\u00e7\u00e3o podem fazer a diferen\u00e7a!<\/p>\n<h3>Espelho em Canto e Espa\u00e7os Pequenos<\/h3>\n<figure style=\"width: 1024px\" class=\"wp-caption aligncenter\"><img decoding=\"async\" src=\"https:\/\/www.aarquiteta.com.br\/blog\/wp-content\/uploads\/2024\/10\/espelho-de-chao4.jpg\" alt=\"Inspira\u00e7\u00f5es para Decorar com Espelhos de Ch\u00e3o\" width=\"1024\" height=\"1024\" title=\"\"><figcaption class=\"wp-caption-text\">Inspira\u00e7\u00f5es para Decorar com Espelhos de Ch\u00e3o<\/figcaption><\/figure>\n<p>A utiliza\u00e7\u00e3o de espelhos em cantos pode ser uma solu\u00e7\u00e3o inteligente para <b>ampliar espa\u00e7os pequenos<\/b>. Coloc\u00e1-lo na vertical, por exemplo, pode proporcionar uma sensa\u00e7\u00e3o instant\u00e2nea de profundidade. Vale lembrar que essa \u00e9 uma estrat\u00e9gia muito utilizada em apartamentos.<\/p>\n<p>Por experi\u00eancia, vi como um espelho pode redefinir a perspectiva de um c\u00f4modo, fazendo-o parecer muito mais generoso do que realmente \u00e9.<\/p>\n<h2>Conclus\u00e3o<\/h2>\n<p>Para mim, o espelho de ch\u00e3o \u00e9 mais do que um item decorativo; \u00e9 uma ferramenta poderosa para criar ambientes acolhedores e sofisticados. Com as dicas que apresentei, voc\u00ea pode explorar todo o potencial dessa pe\u00e7a e **transformar** sua casa em um ref\u00fagio cheio de estilo e personalidade. N\u00e3o hesite em experimentar, pois cada detalhe conta!<\/p>\n<p><\/body><br \/>\n<figure style=\"width: 1024px\" class=\"wp-caption aligncenter\"><img decoding=\"async\" src=\"https:\/\/www.aarquiteta.com.br\/blog\/wp-content\/uploads\/2024\/10\/espelho-de-chao-3.webp\" alt=\"O espelho de ch\u00e3o pode ser colocado em diversos c\u00f4modos.\" title=\"\"><figcaption class=\"wp-caption-text\">O espelho de ch\u00e3o pode ser colocado em diversos c\u00f4modos.<\/figcaption><\/figure>\n<h3>Para se aprofundar mais sobre o tema, veja a minha recomenda\u00e7\u00e3o sobre o tema deste artigo no v\u00eddeo a seguir abaixo:<\/h3>\n<p><iframe title=\"YouTube video player\" src=\"https:\/\/www.youtube.com\/embed\/\" width=\"560\" height=\"315\" frameborder=\"0\" allowfullscreen=\"allowfullscreen\"><\/iframe><\/p>\n<figure style=\"width: 1024px\" class=\"wp-caption aligncenter\"><img decoding=\"async\" src=\"https:\/\/www.aarquiteta.com.br\/blog\/wp-content\/uploads\/2024\/10\/espelho-de-chao-4-730x726.webp\" alt=\"O espelho branco \u00e9 uma \u00f3tima op\u00e7\u00e3o para a decora\u00e7\u00e3o do quarto.\" title=\"\"><figcaption class=\"wp-caption-text\">O espelho branco \u00e9 uma \u00f3tima op\u00e7\u00e3o para a decora\u00e7\u00e3o do quarto.<\/figcaption><\/figure>\n","protected":false},"excerpt":{"rendered":"<p>Descubra dicas pr\u00e1ticas e estilosas para usar espelhos de ch\u00e3o na sua decora\u00e7\u00e3o e transform\u00e1-la com eleg\u00e2ncia.<\/p>\n","protected":false},"author":102,"featured_media":133190,"comment_status":"closed","ping_status":"closed","sticky":false,"template":"","format":"standard","meta":{"footnotes":""},"categories":[1484],"tags":[],"class_list":["post-133197","post","type-post","status-publish","format-standard","has-post-thumbnail","category-decoracao"],"_wp_attached_file":null,"_wp_attachment_metadata":null,"_wp_attachment_context":null,"_wp_attachment_is_custom_header":null,"geo_longitude":null,"geo_public":null,"geo_latitude":null,"_publicize_done_external":null,"_wpas_done_3897181":null,"publicize_twitter_user":null,"_wpas_done_3897175":null,"_wpas_skip_3897181":null,"_wpas_skip_3897175":null,"_wpas_skip_3924723":null,"_wpas_mess":null,"_wpas_done_3924723":null,"wps_subtitle":"","_links":{"self":[{"href":"https:\/\/www.aarquiteta.com.br\/blog\/wp-json\/wp\/v2\/posts\/133197","targetHints":{"allow":["GET"]}}],"collection":[{"href":"https:\/\/www.aarquiteta.com.br\/blog\/wp-json\/wp\/v2\/posts"}],"about":[{"href":"https:\/\/www.aarquiteta.com.br\/blog\/wp-json\/wp\/v2\/types\/post"}],"author":[{"embeddable":true,"href":"https:\/\/www.aarquiteta.com.br\/blog\/wp-json\/wp\/v2\/users\/102"}],"replies":[{"embeddable":true,"href":"https:\/\/www.aarquiteta.com.br\/blog\/wp-json\/wp\/v2\/comments?post=133197"}],"version-history":[{"count":0,"href":"https:\/\/www.aarquiteta.com.br\/blog\/wp-json\/wp\/v2\/posts\/133197\/revisions"}],"wp:featuredmedia":[{"embeddable":true,"href":"https:\/\/www.aarquiteta.com.br\/blog\/wp-json\/wp\/v2\/media\/133190"}],"wp:attachment":[{"href":"https:\/\/www.aarquiteta.com.br\/blog\/wp-json\/wp\/v2\/media?parent=133197"}],"wp:term":[{"taxonomy":"category","embeddable":true,"href":"https:\/\/www.aarquiteta.com.br\/blog\/wp-json\/wp\/v2\/categories?post=133197"},{"taxonomy":"post_tag","embeddable":true,"href":"https:\/\/www.aarquiteta.com.br\/blog\/wp-json\/wp\/v2\/tags?post=133197"}],"curies":[{"name":"wp","href":"https:\/\/api.w.org\/{rel}","templated":true}]}}