{"id":133162,"date":"2024-10-23T16:35:33","date_gmt":"2024-10-23T19:35:33","guid":{"rendered":"https:\/\/www.aarquiteta.com.br\/blog\/aparador-de-vidro\/"},"modified":"2024-10-23T16:35:33","modified_gmt":"2024-10-23T19:35:33","slug":"aparador-de-vidro","status":"publish","type":"post","link":"https:\/\/www.aarquiteta.com.br\/blog\/aparador-de-vidro\/","title":{"rendered":"Aparador de vidro: 10 ideias para decorar sua casa"},"content":{"rendered":"<p><body><\/p>\n<p>O aparador de vidro \u00e9 um verdadeiro trunfo na decora\u00e7\u00e3o de interiores, pois proporciona eleg\u00e2ncia e versatilidade, al\u00e9m de se adaptar a diferentes estilos e espa\u00e7os.<\/p>\n<h2>Principais T\u00f3picos Abordados<\/h2>\n<ul>\n<li><b>Vantagens do aparador de vidro:<\/b> Versatilidade, est\u00e9tica moderna e otimiza\u00e7\u00e3o de espa\u00e7o.<\/li>\n<li><b>Estilos dispon\u00edveis:<\/b> Op\u00e7\u00f5es cl\u00e1ssicas, industriais e modernas para diversos gostos.<\/li>\n<li><b>Utiliza\u00e7\u00f5es pr\u00e1ticas:<\/b> Seja como cantinho para caf\u00e9 ou em halls de entrada.<\/li>\n<li><b>Dicas de manuten\u00e7\u00e3o:<\/b> Limpeza correta para preservar a beleza do m\u00f3vel.<\/li>\n<li><b>Inspira\u00e7\u00f5es criativas:<\/b> Sugest\u00f5es para inovar na decora\u00e7\u00e3o com aparadores.<\/li>\n<\/ul>\n<h2>Vantagens do Aparador de Vidro<\/h2>\n<p>Quando se fala em <b>aparador de vidro<\/b>, logo vem \u00e0 mente sua <b>versatilidade<\/b>. Esse m\u00f3vel \u00e9 como um camale\u00e3o, se ajustando a v\u00e1rios ambientes e estilos. Quer um toque sofisticado na sua sala? Ele traz isso de forma simples e elegante. E n\u00e3o para por a\u00ed. O design moderno do aparador \u00e9 <b>mais do que um simples detalhe<\/b>; \u00e9 uma pe\u00e7a que, al\u00e9m de funcional, decora sem pesar o olhar.<\/p>\n<p>A melhor parte? Ele \u00e9 perfeito para espa\u00e7os pequenos! Com seu design mais leve e transparente, <b>n\u00e3o ocupa muito espa\u00e7o visual<\/b>, fazendo voc\u00ea sentir que o ambiente \u00e9 mais amplo e arejado. Adicione a isso a possibilidade de armazenar objetos, e voc\u00ea tem um m\u00f3vel que \u00e9 descomplicado e pr\u00e1tico!<\/p>\n<h2>Estilos de Aparadores de Vidro<\/h2>\n<p>Ao explorar os <b>estilos de aparadores de vidro<\/b>, percebo como a diversidade \u00e9 fascinante. Se voc\u00ea busca algo mais cl\u00e1ssico, pe\u00e7as que combinam com madeira r\u00fastica s\u00e3o a escolha certa. Mas se o seu objetivo \u00e9 um toque industrial, h\u00e1 op\u00e7\u00f5es perfeitas, com acabamentos mais robustos e atrevidos.<\/p>\n<ul>\n<li><b>Cl\u00e1ssico:<\/b> Com linhas elegantes, combina perfeitamente com mobili\u00e1rio tradicional.<\/li>\n<li><b>Industrial:<\/b> Ideal para compor um ambiente mais moderno e despojado, sem perder a eleg\u00e2ncia.<\/li>\n<li><b>Moderno:<\/b> Linhas retas e minimalistas para um estilo contempor\u00e2neo e clean.<\/li>\n<\/ul>\n<h2>Como Usar o Aparador de Vidro na Decora\u00e7\u00e3o<\/h2>\n<p>Voc\u00ea j\u00e1 pensou em como um <b>aparador pode transformar uma simples esquina<\/b>? Usar esse m\u00f3vel como cantinho para o caf\u00e9 \u00e9 uma ideia que cada vez mais ganha for\u00e7a. Imagine receber amigos e fam\u00edlia em um espa\u00e7o acolhedor, perfeito para conversas e risadas. Isso sem falar na funcionalidade! Eles tamb\u00e9m servem para organizar revistas, pequenos objetos de uso di\u00e1rio ou, quem sabe, o bar do seu lar.<\/p>\n<p>Outra aplica\u00e7\u00e3o que eu adoro \u00e9 no hall de entrada. <b>Esse primeiro contato com a casa<\/b> \u00e9 fundamental, e um aparador de vidro pode dar uma boa impress\u00e3o desde a chegada. Um vaso de flores ou uma ilumina\u00e7\u00e3o suave em cima do m\u00f3vel ajudam a criar um clima acolhedor.<\/p>\n<h2>Dicas de Manuten\u00e7\u00e3o<\/h2>\n<p>Um m\u00f3vel lindo como o aparador de vidro merece cuidado especial! A manuten\u00e7\u00e3o adequada \u00e9 fundamental para <b>manter sua beleza e funcionalidade<\/b>. Recomendo uma limpeza frequente, pois as marcas de dedos e poeira podem aparecer facilmente. Optar por produtos espec\u00edficos para vidro ajuda a manter a superf\u00edcie impec\u00e1vel.<\/p>\n<p>Mas aten\u00e7\u00e3o! Sempre tenha em mente que <b>objetos pontiagudos podem arranhar<\/b> a superf\u00edcie, ent\u00e3o, cuidado ao colocar itens como chaves ou objetos de metal. Afinal, a ideia \u00e9 embelezar, e n\u00e3o criar problemas!<\/p>\n<h2>Inspira\u00e7\u00f5es Criativas para Uso do Aparador de Vidro<\/h2>\n<p>As <b>inova\u00e7\u00f5es na decora\u00e7\u00e3o<\/b> n\u00e3o t\u00eam fim, e com o aparador de vidro n\u00e3o seria diferente. Que tal considerar pequenos aparadores em cantos estrat\u00e9gicos? Eles adicionam charme e funcionalidade ao espa\u00e7o. Outra sugest\u00e3o \u00e9 investir em aparadores espelhados, que criam um efeito de amplitude visual.<\/p>\n<ul>\n<li><b>Pequenos aparadores:<\/b> Perfeitos para aqueles espa\u00e7os esquecidos, cheios de potencial!<\/li>\n<li><b>Aparadores espelhados:<\/b> Eles n\u00e3o s\u00f3 decoram, mas tamb\u00e9m ampliam a sensa\u00e7\u00e3o de espa\u00e7o.<\/li>\n<li><b>Combina\u00e7\u00e3o de materiais:<\/b> A jun\u00e7\u00e3o do vidro com madeira ou metal cria um estilo \u00fanico e arrojado.<\/li>\n<\/ul>\n<h2>Conclus\u00e3o<\/h2>\n<p>Investir em um <b>aparador de vidro<\/b> \u00e9 um passo certeiro para quem deseja uma decora\u00e7\u00e3o sofisticada e pratica. Este m\u00f3vel vers\u00e1til n\u00e3o s\u00f3 embeleza os ambientes, mas tamb\u00e9m desempenha diversas fun\u00e7\u00f5es, aumentando a praticidade do dia a dia. Com cuidados adequados e uma boa escolha do estilo, o aparador de vidro pode se tornar o queridinho da sua casa. Lembre-se: um espa\u00e7o bem decorado \u00e9 um reflexo de nosso estilo e personalidade!<\/p>\n<p><\/body><br \/>\n<figure style=\"width: 1024px\" class=\"wp-caption aligncenter\"><img decoding=\"async\" src=\"https:\/\/www.aarquiteta.com.br\/blog\/wp-content\/uploads\/2024\/10\/aparador-de-vidro-5-730x913.webp\" alt=\"Foto de aparador de vidro 5 - 5\" title=\"\"><figcaption class=\"wp-caption-text\">Foto de aparador de vidro 5 &#8211; 5<\/figcaption><\/figure>\n<figure style=\"width: 1024px\" class=\"wp-caption aligncenter\"><img decoding=\"async\" src=\"https:\/\/www.aarquiteta.com.br\/blog\/wp-content\/uploads\/2024\/10\/aparador-de-vidro01.jpg\" alt=\"Aparador de vidro: 50 ideias para decorar sua casa\" width=\"1024\" height=\"1024\" title=\"\"><figcaption class=\"wp-caption-text\">Aparador de vidro: 50 ideias para decorar sua casa<\/figcaption><\/figure>\n<figure style=\"width: 1024px\" class=\"wp-caption aligncenter\"><img decoding=\"async\" src=\"https:\/\/www.aarquiteta.com.br\/blog\/wp-content\/uploads\/2024\/10\/aparador-de-vidro-capa-1.webp\" alt=\"Capa do artigo sobre ideias para aparadores de vidro.\" title=\"\"><figcaption class=\"wp-caption-text\">Capa do artigo sobre ideias para aparadores de vidro.<\/figcaption><\/figure>\n<figure style=\"width: 1024px\" class=\"wp-caption aligncenter\"><img decoding=\"async\" src=\"https:\/\/www.aarquiteta.com.br\/blog\/wp-content\/uploads\/2024\/10\/aparador-de-vidro02.jpg\" alt=\"Aparador de vidro: 50 ideias para decorar sua casa\" width=\"1024\" height=\"1024\" title=\"\"><figcaption class=\"wp-caption-text\">Aparador de vidro: 50 ideias para decorar sua casa<\/figcaption><\/figure>\n<figure style=\"width: 1024px\" class=\"wp-caption aligncenter\"><img decoding=\"async\" src=\"https:\/\/www.aarquiteta.com.br\/blog\/wp-content\/uploads\/2024\/10\/aparador-de-vidro-1-730x486.webp\" alt=\"Foto de aparador de vidro 1 - 1\" title=\"\"><figcaption class=\"wp-caption-text\">Foto de aparador de vidro 1 &#8211; 1<\/figcaption><\/figure>\n<figure style=\"width: 1024px\" class=\"wp-caption aligncenter\"><img decoding=\"async\" src=\"https:\/\/www.aarquiteta.com.br\/blog\/wp-content\/uploads\/2024\/10\/aparador-de-vidro03.jpg\" alt=\"Aparador de vidro: 50 ideias para decorar sua casa\" width=\"1024\" height=\"1024\" title=\"\"><figcaption class=\"wp-caption-text\">Aparador de vidro: 50 ideias para decorar sua casa<\/figcaption><\/figure>\n<figure style=\"width: 1024px\" class=\"wp-caption aligncenter\"><img decoding=\"async\" src=\"https:\/\/www.aarquiteta.com.br\/blog\/wp-content\/uploads\/2024\/10\/aparador-de-vidro-2.webp\" alt=\"Foto de aparador de vidro 2 - 2\" title=\"\"><figcaption class=\"wp-caption-text\">Foto de aparador de vidro 2 &#8211; 2<\/figcaption><\/figure>\n<figure style=\"width: 1024px\" class=\"wp-caption aligncenter\"><img decoding=\"async\" src=\"https:\/\/www.aarquiteta.com.br\/blog\/wp-content\/uploads\/2024\/10\/aparador-de-vidro4.jpg\" alt=\"Aparador de vidro: 50 ideias para decorar sua casa\" width=\"1024\" height=\"1024\" title=\"\"><figcaption class=\"wp-caption-text\">Aparador de vidro: 50 ideias para decorar sua casa<\/figcaption><\/figure>\n<figure style=\"width: 1024px\" class=\"wp-caption aligncenter\"><img decoding=\"async\" src=\"https:\/\/www.aarquiteta.com.br\/blog\/wp-content\/uploads\/2024\/10\/aparador-de-vidro-3-730x913.webp\" alt=\"Foto de aparador de vidro 3 - 3\" title=\"\"><figcaption class=\"wp-caption-text\">Foto de aparador de vidro 3 &#8211; 3<\/figcaption><\/figure>\n<h3>Para se aprofundar mais sobre o tema, veja a minha recomenda\u00e7\u00e3o sobre o tema deste artigo no v\u00eddeo a seguir abaixo:<\/h3>\n<p><iframe title=\"YouTube video player\" src=\"https:\/\/www.youtube.com\/embed\/\" width=\"560\" height=\"315\" frameborder=\"0\" allowfullscreen=\"allowfullscreen\"><\/iframe><\/p>\n<figure style=\"width: 1024px\" class=\"wp-caption aligncenter\"><img decoding=\"async\" src=\"https:\/\/www.aarquiteta.com.br\/blog\/wp-content\/uploads\/2024\/10\/aparador-de-vidro-4.webp\" alt=\"Foto de aparador de vidro 4 - 4\" title=\"\"><figcaption class=\"wp-caption-text\">Foto de aparador de vidro 4 &#8211; 4<\/figcaption><\/figure>\n","protected":false},"excerpt":{"rendered":"<p>Descubra 50 ideias criativas para decorar sua casa com aparadores de vidro, proporcionando eleg\u00e2ncia e versatilidade em diferentes ambientes.<\/p>\n","protected":false},"author":102,"featured_media":133155,"comment_status":"closed","ping_status":"closed","sticky":false,"template":"","format":"standard","meta":{"footnotes":""},"categories":[1484],"tags":[],"class_list":["post-133162","post","type-post","status-publish","format-standard","has-post-thumbnail","category-decoracao"],"_wp_attached_file":null,"_wp_attachment_metadata":null,"_wp_attachment_context":null,"_wp_attachment_is_custom_header":null,"geo_longitude":null,"geo_public":null,"geo_latitude":null,"_publicize_done_external":null,"_wpas_done_3897181":null,"publicize_twitter_user":null,"_wpas_done_3897175":null,"_wpas_skip_3897181":null,"_wpas_skip_3897175":null,"_wpas_skip_3924723":null,"_wpas_mess":null,"_wpas_done_3924723":null,"wps_subtitle":"","_links":{"self":[{"href":"https:\/\/www.aarquiteta.com.br\/blog\/wp-json\/wp\/v2\/posts\/133162","targetHints":{"allow":["GET"]}}],"collection":[{"href":"https:\/\/www.aarquiteta.com.br\/blog\/wp-json\/wp\/v2\/posts"}],"about":[{"href":"https:\/\/www.aarquiteta.com.br\/blog\/wp-json\/wp\/v2\/types\/post"}],"author":[{"embeddable":true,"href":"https:\/\/www.aarquiteta.com.br\/blog\/wp-json\/wp\/v2\/users\/102"}],"replies":[{"embeddable":true,"href":"https:\/\/www.aarquiteta.com.br\/blog\/wp-json\/wp\/v2\/comments?post=133162"}],"version-history":[{"count":0,"href":"https:\/\/www.aarquiteta.com.br\/blog\/wp-json\/wp\/v2\/posts\/133162\/revisions"}],"wp:featuredmedia":[{"embeddable":true,"href":"https:\/\/www.aarquiteta.com.br\/blog\/wp-json\/wp\/v2\/media\/133155"}],"wp:attachment":[{"href":"https:\/\/www.aarquiteta.com.br\/blog\/wp-json\/wp\/v2\/media?parent=133162"}],"wp:term":[{"taxonomy":"category","embeddable":true,"href":"https:\/\/www.aarquiteta.com.br\/blog\/wp-json\/wp\/v2\/categories?post=133162"},{"taxonomy":"post_tag","embeddable":true,"href":"https:\/\/www.aarquiteta.com.br\/blog\/wp-json\/wp\/v2\/tags?post=133162"}],"curies":[{"name":"wp","href":"https:\/\/api.w.org\/{rel}","templated":true}]}}