{"id":133079,"date":"2024-10-22T17:31:14","date_gmt":"2024-10-22T20:31:14","guid":{"rendered":"https:\/\/www.aarquiteta.com.br\/blog\/quais-sao-as-quatro-cores-para-sala\/"},"modified":"2024-10-22T17:31:14","modified_gmt":"2024-10-22T20:31:14","slug":"quais-sao-as-quatro-cores-para-sala","status":"publish","type":"post","link":"https:\/\/www.aarquiteta.com.br\/blog\/quais-sao-as-quatro-cores-para-sala\/","title":{"rendered":"4 cores que voc\u00ea deve evitar na sala de estar."},"content":{"rendered":"<p>Escolher a cor certa para a sala de estar \u00e9 fundamental para criar um ambiente acolhedor e confort\u00e1vel. Algumas cores, no entanto, podem transformar esse espa\u00e7o em um lugar menos convidativo. Neste artigo, ser\u00e3o apresentadas as quatro cores que devem ser evitadas ao pintar a sala de estar, garantindo que o ambiente mantenha sua harmonia e aconchego.<\/p>\n<h2>As cores a evitar na sala de estar<\/h2>\n<h3>Amarelo brilhante ou neon<\/h3>\n<p>O <b>amarelo brilhante<\/b> pode parecer uma escolha alegre, mas, na verdade, ele reflete muita luz, criando um ambiente que pode ser desconfort\u00e1vel. Imagine entrar em uma sala onde a luz parece gritar, em vez de sussurrar. Essa cor, especialmente em tons neon, pode dar um aspecto artificial ao espa\u00e7o. Para aqueles que amam o amarelo, uma alternativa \u00e9 optar por um fundo neutro, como o branco, e adicionar toques sutis da cor, criando um equil\u00edbrio que traz alegria sem exageros.<\/p>\n<h3>Marrom escuro<\/h3>\n<figure style=\"width: 1024px\" class=\"wp-caption aligncenter\"><img decoding=\"async\" src=\"https:\/\/www.aarquiteta.com.br\/blog\/wp-content\/uploads\/2024\/10\/quatro-cores-que-voce-nunca-deve-pintar-a-sala-de-estar.jpg\" alt=\"4 cores que voc\u00ea deve evitar na sala de estar.\" width=\"1024\" height=\"1024\" title=\"\"><figcaption class=\"wp-caption-text\">Source: <a href=\"https:\/\/ndmais.com.br\/arquitetura-e-decoracao\/quais-sao-as-quatro-cores-que-voce-nao-deve-pintar-a-sala-de-estar\/\" target=\"_blank\" rel=\"noopener\">NDMAIS<\/a><\/figcaption><\/figure>\n<p>O <b>marrom escuro<\/b> \u00e9 outra cor que deve ser evitada nas paredes da sala de estar. Essa tonalidade tende a absorver a luz, fazendo com que o ambiente pare\u00e7a menor e mais pesado. \u00c9 como se a sala estivesse vestindo um manto escuro que a impede de brilhar. Para quem aprecia tons terrosos, a sugest\u00e3o \u00e9 optar por um taupe, que combina o marrom com um toque de cinza, trazendo uma sensa\u00e7\u00e3o de sofistica\u00e7\u00e3o e leveza ao espa\u00e7o.<\/p>\n<h3>Vermelho intenso<\/h3>\n<p>Embora o <b>vermelho<\/b> possa ser uma cor vibrante e cheia de energia, ela n\u00e3o \u00e9 a melhor escolha para a sala de estar. Esse tom pode criar uma atmosfera de agita\u00e7\u00e3o, o que vai contra a ideia de um espa\u00e7o relaxante. Ao inv\u00e9s de pintar todas as paredes de vermelho, uma boa estrat\u00e9gia \u00e9 us\u00e1-lo como uma cor de destaque, talvez em uma parede ou em acess\u00f3rios decorativos, permitindo que a energia da cor seja sentida sem dominar o ambiente.<\/p>\n<h3>Branco frio<\/h3>\n<h3>Assista agora a minha recomenda\u00e7\u00e3o de video abaixo sobre o tema que estamos tratando neste artigo: <\/h3>\n<p><iframe title=\"YouTube video player\" src=\"\" width=\"560\" height=\"315\" frameborder=\"0\" allowfullscreen=\"allowfullscreen\"><\/iframe><\/p>\n<p>O <b>branco frio<\/b> \u00e9 frequentemente associado a ambientes cl\u00ednicos e pode n\u00e3o transmitir a sensa\u00e7\u00e3o de conforto que se espera de uma sala de estar. Ao inv\u00e9s de criar um espa\u00e7o acolhedor, essa cor pode fazer com que o ambiente pare\u00e7a impessoal. Uma alternativa mais convidativa \u00e9 mesclar o branco com tons quentes, como o bege claro ou off-white, que trazem uma sensa\u00e7\u00e3o de acolhimento e suavidade.<\/p>\n<h3>Outras cores a considerar<\/h3>\n<p>Al\u00e9m das cores mencionadas, \u00e9 importante considerar a paleta geral do ambiente. Cores como <b>verde suave<\/b> ou <b>azul claro<\/b> podem ser \u00f3timas op\u00e7\u00f5es para criar um espa\u00e7o relaxante. Essas tonalidades trazem a sensa\u00e7\u00e3o de tranquilidade e harmonia, fazendo com que a sala de estar se torne um verdadeiro ref\u00fagio. Ao escolher as cores, \u00e9 essencial pensar na ilumina\u00e7\u00e3o natural do espa\u00e7o e como as cores interagem com ela.<\/p>\n<h3>Dicas para uma escolha acertada<\/h3>\n<p>Na hora de escolher a cor da sala de estar, \u00e9 sempre bom lembrar que a <b>harmonia<\/b> \u00e9 a chave. Testar amostras de tinta nas paredes pode ajudar a visualizar como a cor se comporta em diferentes momentos do dia. Al\u00e9m disso, considerar a <b>decora\u00e7\u00e3o<\/b> e os m\u00f3veis j\u00e1 existentes pode evitar surpresas desagrad\u00e1veis. Um ambiente bem planejado \u00e9 aquele que reflete a personalidade dos moradores, mas que tamb\u00e9m proporciona conforto e bem-estar.<\/p>\n<h2>Conclus\u00e3o<\/h2>\n<p>Escolher a cor certa para a sala de estar \u00e9 um passo crucial para criar um ambiente acolhedor e convidativo. Ao evitar cores como o amarelo brilhante, marrom escuro, vermelho intenso e branco frio, \u00e9 poss\u00edvel garantir que o espa\u00e7o mantenha sua harmonia e conforto. Com as dicas apresentadas, qualquer um pode transformar sua sala de estar em um verdadeiro lar, onde todos se sintam \u00e0 vontade e relaxados.<\/p>\n","protected":false},"excerpt":{"rendered":"<p>Escolher a cor certa para a sala de estar \u00e9 fundamental para criar um ambiente acolhedor e confort\u00e1vel. Algumas cores, no entanto, podem transformar esse espa\u00e7o em um lugar menos convidativo. Neste artigo, ser\u00e3o apresentadas as quatro cores que devem ser evitadas ao pintar a sala de estar, garantindo que o ambiente mantenha sua harmonia [&hellip;]<\/p>\n","protected":false},"author":102,"featured_media":133078,"comment_status":"closed","ping_status":"closed","sticky":false,"template":"","format":"standard","meta":{"footnotes":""},"categories":[249,19127],"tags":[],"class_list":["post-133079","post","type-post","status-publish","format-standard","has-post-thumbnail","category-engenharia-e-construcao-civil","category-reforma-e-manutencao"],"_wp_attached_file":null,"_wp_attachment_metadata":null,"_wp_attachment_context":null,"_wp_attachment_is_custom_header":null,"geo_longitude":null,"geo_public":null,"geo_latitude":null,"_publicize_done_external":null,"_wpas_done_3897181":null,"publicize_twitter_user":null,"_wpas_done_3897175":null,"_wpas_skip_3897181":null,"_wpas_skip_3897175":null,"_wpas_skip_3924723":null,"_wpas_mess":null,"_wpas_done_3924723":null,"wps_subtitle":"","_links":{"self":[{"href":"https:\/\/www.aarquiteta.com.br\/blog\/wp-json\/wp\/v2\/posts\/133079","targetHints":{"allow":["GET"]}}],"collection":[{"href":"https:\/\/www.aarquiteta.com.br\/blog\/wp-json\/wp\/v2\/posts"}],"about":[{"href":"https:\/\/www.aarquiteta.com.br\/blog\/wp-json\/wp\/v2\/types\/post"}],"author":[{"embeddable":true,"href":"https:\/\/www.aarquiteta.com.br\/blog\/wp-json\/wp\/v2\/users\/102"}],"replies":[{"embeddable":true,"href":"https:\/\/www.aarquiteta.com.br\/blog\/wp-json\/wp\/v2\/comments?post=133079"}],"version-history":[{"count":0,"href":"https:\/\/www.aarquiteta.com.br\/blog\/wp-json\/wp\/v2\/posts\/133079\/revisions"}],"wp:featuredmedia":[{"embeddable":true,"href":"https:\/\/www.aarquiteta.com.br\/blog\/wp-json\/wp\/v2\/media\/133078"}],"wp:attachment":[{"href":"https:\/\/www.aarquiteta.com.br\/blog\/wp-json\/wp\/v2\/media?parent=133079"}],"wp:term":[{"taxonomy":"category","embeddable":true,"href":"https:\/\/www.aarquiteta.com.br\/blog\/wp-json\/wp\/v2\/categories?post=133079"},{"taxonomy":"post_tag","embeddable":true,"href":"https:\/\/www.aarquiteta.com.br\/blog\/wp-json\/wp\/v2\/tags?post=133079"}],"curies":[{"name":"wp","href":"https:\/\/api.w.org\/{rel}","templated":true}]}}