{"id":133017,"date":"2024-10-22T07:59:35","date_gmt":"2024-10-22T10:59:35","guid":{"rendered":"https:\/\/www.aarquiteta.com.br\/blog\/planta-jade-suculenta\/"},"modified":"2024-10-22T07:59:35","modified_gmt":"2024-10-22T10:59:35","slug":"planta-jade-suculenta","status":"publish","type":"post","link":"https:\/\/www.aarquiteta.com.br\/blog\/planta-jade-suculenta\/","title":{"rendered":"Como Cultivar a Planta Jade: Dicas Essenciais para um Cultivo F\u00e1cil e Pr\u00f3spero"},"content":{"rendered":"<p>A planta jade, tamb\u00e9m conhecida como &#8216;\u00c1rvore do Dinheiro&#8217;, \u00e9 uma suculenta de f\u00e1cil cultivo que simboliza prosperidade e traz beleza aos lares. Descubra como cuidar dessa planta encantadora e aproveite seus benef\u00edcios!<\/p>\n<h2>Origem da Planta Jade<\/h2>\n<h3>Hist\u00f3ria e Habitat Natural<\/h3>\n<figure style=\"width: 1024px\" class=\"wp-caption aligncenter\"><img decoding=\"async\" src=\"https:\/\/www.aarquiteta.com.br\/blog\/wp-content\/uploads\/2024\/10\/planta-jade-suculenta04.jpg\" alt=\"Como Cultivar a Planta Jade: Dicas Essenciais para um Cultivo F\u00e1cil e Pr\u00f3spero\" width=\"1024\" height=\"1024\" title=\"\"><figcaption class=\"wp-caption-text\">Como Cultivar a Planta Jade: Dicas Essenciais para um Cultivo F\u00e1cil e Pr\u00f3spero<\/figcaption><\/figure>\n<p>A planta jade, ou <b>Crassula ovata<\/b>, \u00e9 nativa dos desertos da \u00c1frica do Sul e Mo\u00e7ambique. Suas folhas carnudas e brilhantes s\u00e3o um s\u00edmbolo de resist\u00eancia e adapta\u00e7\u00e3o, refletindo a beleza e a for\u00e7a da natureza. Essa planta \u00e9 frequentemente associada \u00e0 <b>prosperidade<\/b> e \u00e0 <b>abund\u00e2ncia<\/b>, tornando-se uma escolha popular para lares e escrit\u00f3rios.<\/p>\n<h2>Simbologia da Planta Jade<\/h2>\n<h3>Significado de Prosperidade e Amizade<\/h3>\n<figure style=\"width: 1024px\" class=\"wp-caption aligncenter\"><img decoding=\"async\" src=\"https:\/\/www.aarquiteta.com.br\/blog\/wp-content\/uploads\/2024\/10\/planta-jade-suculenta03.jpg\" alt=\"Como Cultivar a Planta Jade: Dicas Essenciais para um Cultivo F\u00e1cil e Pr\u00f3spero\" width=\"1024\" height=\"1024\" title=\"\"><figcaption class=\"wp-caption-text\">Como Cultivar a Planta Jade: Dicas Essenciais para um Cultivo F\u00e1cil e Pr\u00f3spero<\/figcaption><\/figure>\n<p>Al\u00e9m de embelezar os ambientes, a planta jade \u00e9 considerada um <b>amuleto de sorte<\/b>. Muitas pessoas acreditam que ela atrai riqueza e amizade, tornando-se um presente especial para amigos e familiares. Sua presen\u00e7a em casa \u00e9 vista como um sinal de <b>calma<\/b> e <b>harmonia<\/b>.<\/p>\n<h2>Como Cultivar a Planta Jade?<\/h2>\n<h3>1- Ilumina\u00e7\u00e3o Ideal<\/h3>\n<figure style=\"width: 1024px\" class=\"wp-caption aligncenter\"><img decoding=\"async\" src=\"https:\/\/www.aarquiteta.com.br\/blog\/wp-content\/uploads\/2024\/10\/planta-jade-suculenta02.jpg\" alt=\"Como Cultivar a Planta Jade: Dicas Essenciais para um Cultivo F\u00e1cil e Pr\u00f3spero\" width=\"1024\" height=\"1024\" title=\"\"><figcaption class=\"wp-caption-text\">Como Cultivar a Planta Jade: Dicas Essenciais para um Cultivo F\u00e1cil e Pr\u00f3spero<\/figcaption><\/figure>\n<p>A planta jade adora a luz! O ideal \u00e9 cultiv\u00e1-la em um local que receba <b>sol pleno<\/b>, mas ela tamb\u00e9m se adapta \u00e0 <b>meia-sombra<\/b>. Se as folhas apresentarem um tom avermelhado, \u00e9 sinal de que est\u00e1 recebendo a quantidade certa de luz.<\/p>\n<h3>2- Escolha do Substrato<\/h3>\n<figure style=\"width: 1024px\" class=\"wp-caption aligncenter\"><img decoding=\"async\" src=\"https:\/\/www.aarquiteta.com.br\/blog\/wp-content\/uploads\/2024\/10\/planta-jade-suculenta01.jpg\" alt=\"Como Cultivar a Planta Jade: Dicas Essenciais para um Cultivo F\u00e1cil e Pr\u00f3spero\" width=\"1024\" height=\"1024\" title=\"\"><figcaption class=\"wp-caption-text\">Como Cultivar a Planta Jade: Dicas Essenciais para um Cultivo F\u00e1cil e Pr\u00f3spero<\/figcaption><\/figure>\n<p>Um bom substrato \u00e9 fundamental para o sucesso do cultivo. O solo deve ser <b>bem drenado<\/b> e arenoso. Misturas prontas para cactos e suculentas s\u00e3o uma excelente escolha, pois evitam o apodrecimento das ra\u00edzes.<\/p>\n<h3>3- Rega: A Regra de Ouro<\/h3>\n<p>Quando se trata de regar a planta jade, a regra \u00e9 clara: <b>menos \u00e9 mais<\/b>. Espere at\u00e9 que a camada superficial do substrato esteja completamente seca antes de regar novamente. Isso ajuda a prevenir problemas de umidade.<\/p>\n<h3>4- Aduba\u00e7\u00e3o Necess\u00e1ria<\/h3>\n<h3>Assista agora a minha recomenda\u00e7\u00e3o de video abaixo sobre o tema que estamos tratando neste artigo: <\/h3>\n<p>https:\/\/www.youtube.com\/watch?v=<\/p>\n<p>Durante a primavera e o ver\u00e3o, um fertilizante balanceado, aplicado uma vez por m\u00eas, \u00e9 suficiente para garantir um crescimento saud\u00e1vel. A planta jade n\u00e3o \u00e9 exigente em rela\u00e7\u00e3o \u00e0 aduba\u00e7\u00e3o, o que facilita ainda mais seu cultivo.<\/p>\n<h2>Cuidados Especiais<\/h2>\n<h3>Evitar Toxidade em Animais de Estima\u00e7\u00e3o<\/h3>\n<p>\u00c9 importante lembrar que a planta jade pode ser <b>t\u00f3xica<\/b> para c\u00e3es e gatos. Portanto, se voc\u00ea tem animais de estima\u00e7\u00e3o, \u00e9 essencial mant\u00ea-la fora do alcance deles para evitar problemas de sa\u00fade.<\/p>\n<h2>Conclus\u00e3o<\/h2>\n<p>Cuidar da planta jade \u00e9 uma experi\u00eancia gratificante que traz n\u00e3o apenas beleza ao ambiente, mas tamb\u00e9m simboliza <b>prosperidade<\/b> e <b>amizade<\/b>. Com as dicas de cultivo e cuidados especiais, voc\u00ea pode desfrutar de todos os benef\u00edcios que essa suculenta encantadora tem a oferecer. Experimente cultivar a sua e sinta a energia positiva que ela traz para o seu lar!<\/p>\n","protected":false},"excerpt":{"rendered":"<p>A planta jade, tamb\u00e9m conhecida como &#8216;\u00c1rvore do Dinheiro&#8217;, \u00e9 uma suculenta de f\u00e1cil cultivo que simboliza prosperidade e traz beleza aos lares. Descubra como cuidar dessa planta encantadora e aproveite seus benef\u00edcios! Origem da Planta Jade Hist\u00f3ria e Habitat Natural A planta jade, ou Crassula ovata, \u00e9 nativa dos desertos da \u00c1frica do Sul [&hellip;]<\/p>\n","protected":false},"author":102,"featured_media":133014,"comment_status":"closed","ping_status":"closed","sticky":false,"template":"","format":"standard","meta":{"footnotes":""},"categories":[9612,18792,18794],"tags":[],"class_list":["post-133017","post","type-post","status-publish","format-standard","has-post-thumbnail","category-jardinagem","category-decoracao-de-apartamento","category-projetos-de-decoracao-de-casas"],"_wp_attached_file":null,"_wp_attachment_metadata":null,"_wp_attachment_context":null,"_wp_attachment_is_custom_header":null,"geo_longitude":null,"geo_public":null,"geo_latitude":null,"_publicize_done_external":null,"_wpas_done_3897181":null,"publicize_twitter_user":null,"_wpas_done_3897175":null,"_wpas_skip_3897181":null,"_wpas_skip_3897175":null,"_wpas_skip_3924723":null,"_wpas_mess":null,"_wpas_done_3924723":null,"wps_subtitle":"","_links":{"self":[{"href":"https:\/\/www.aarquiteta.com.br\/blog\/wp-json\/wp\/v2\/posts\/133017","targetHints":{"allow":["GET"]}}],"collection":[{"href":"https:\/\/www.aarquiteta.com.br\/blog\/wp-json\/wp\/v2\/posts"}],"about":[{"href":"https:\/\/www.aarquiteta.com.br\/blog\/wp-json\/wp\/v2\/types\/post"}],"author":[{"embeddable":true,"href":"https:\/\/www.aarquiteta.com.br\/blog\/wp-json\/wp\/v2\/users\/102"}],"replies":[{"embeddable":true,"href":"https:\/\/www.aarquiteta.com.br\/blog\/wp-json\/wp\/v2\/comments?post=133017"}],"version-history":[{"count":0,"href":"https:\/\/www.aarquiteta.com.br\/blog\/wp-json\/wp\/v2\/posts\/133017\/revisions"}],"wp:featuredmedia":[{"embeddable":true,"href":"https:\/\/www.aarquiteta.com.br\/blog\/wp-json\/wp\/v2\/media\/133014"}],"wp:attachment":[{"href":"https:\/\/www.aarquiteta.com.br\/blog\/wp-json\/wp\/v2\/media?parent=133017"}],"wp:term":[{"taxonomy":"category","embeddable":true,"href":"https:\/\/www.aarquiteta.com.br\/blog\/wp-json\/wp\/v2\/categories?post=133017"},{"taxonomy":"post_tag","embeddable":true,"href":"https:\/\/www.aarquiteta.com.br\/blog\/wp-json\/wp\/v2\/tags?post=133017"}],"curies":[{"name":"wp","href":"https:\/\/api.w.org\/{rel}","templated":true}]}}