{"id":133012,"date":"2024-10-21T22:21:36","date_gmt":"2024-10-22T01:21:36","guid":{"rendered":"https:\/\/www.aarquiteta.com.br\/blog\/fachada-com-portao-preto\/"},"modified":"2024-10-21T22:21:36","modified_gmt":"2024-10-22T01:21:36","slug":"fachada-com-portao-preto","status":"publish","type":"post","link":"https:\/\/www.aarquiteta.com.br\/blog\/fachada-com-portao-preto\/","title":{"rendered":"4 Ideias Sofisticadas de Fachada com Port\u00e3o Preto para Valorizar sua Casa"},"content":{"rendered":"<p>Descubra como um port\u00e3o preto pode transformar a fachada da sua casa, trazendo sofistica\u00e7\u00e3o e valoriza\u00e7\u00e3o ao seu im\u00f3vel. Neste artigo, apresentamos 4 ideias criativas para integrar esse elemento de forma elegante.<\/p>\n<h2>Destaques principais<\/h2>\n<ul>\n<li><b>Port\u00e3o Preto com Detalhes em Madeira:<\/b> A combina\u00e7\u00e3o de materiais traz um toque r\u00fastico e moderno, ideal para quem busca um estilo \u00fanico.<\/li>\n<li><b>Port\u00e3o Preto com Ilumina\u00e7\u00e3o Embutida:<\/b> Al\u00e9m de seguran\u00e7a, a ilumina\u00e7\u00e3o cria um ambiente acolhedor e convidativo.<\/li>\n<li><b>Port\u00e3o Preto com Jardim Vertical:<\/b> A integra\u00e7\u00e3o com a natureza valoriza o espa\u00e7o externo e traz frescor \u00e0 fachada.<\/li>\n<\/ul>\n<h2>1. Port\u00e3o Preto com Detalhes em Madeira<\/h2>\n<p>Quando falamos em <b>port\u00e3o preto<\/b>, a primeira ideia que vem \u00e0 mente \u00e9 a eleg\u00e2ncia. Mas, e se adicion\u00e1ssemos um toque de <b>madeira<\/b>? Essa combina\u00e7\u00e3o \u00e9 a receita perfeita para quem deseja um visual sofisticado e acolhedor.<\/p>\n<h3>1.1 A combina\u00e7\u00e3o perfeita de materiais<\/h3>\n<figure style=\"width: 1024px\" class=\"wp-caption aligncenter\"><img decoding=\"async\" src=\"https:\/\/www.aarquiteta.com.br\/blog\/wp-content\/uploads\/2024\/10\/fachada-com-portao-preto04.jpg\" alt=\"4 Ideias Sofisticadas de Fachada com Port\u00e3o Preto para Valorizar sua Casa\" width=\"1024\" height=\"1024\" title=\"\"><figcaption class=\"wp-caption-text\">4 Ideias Sofisticadas de Fachada com Port\u00e3o Preto para Valorizar sua Casa<\/figcaption><\/figure>\n<p>A madeira, com suas <b>texturas<\/b> e cores quentes, contrasta lindamente com o preto do port\u00e3o. Essa mistura n\u00e3o s\u00f3 enriquece a est\u00e9tica, mas tamb\u00e9m proporciona um <b>sentido de acolhimento<\/b> ao lar.<\/p>\n<h3>1.2 Estilo r\u00fastico e moderno<\/h3>\n<figure style=\"width: 1024px\" class=\"wp-caption aligncenter\"><img decoding=\"async\" src=\"https:\/\/www.aarquiteta.com.br\/blog\/wp-content\/uploads\/2024\/10\/fachada-com-portao-preto03.jpg\" alt=\"4 Ideias Sofisticadas de Fachada com Port\u00e3o Preto para Valorizar sua Casa\" width=\"1024\" height=\"1024\" title=\"\"><figcaption class=\"wp-caption-text\">4 Ideias Sofisticadas de Fachada com Port\u00e3o Preto para Valorizar sua Casa<\/figcaption><\/figure>\n<p>O port\u00e3o preto com detalhes em madeira \u00e9 uma tend\u00eancia que une o <b>r\u00fastico<\/b> e o <b>moderno<\/b>. Essa dualidade \u00e9 perfeita para quem deseja um espa\u00e7o que dialogue com a natureza, sem abrir m\u00e3o da sofistica\u00e7\u00e3o.<\/p>\n<h2>2. Port\u00e3o Preto com Ilumina\u00e7\u00e3o Embutida<\/h2>\n<p>Imagine chegar em casa e ser recebido por um <b>port\u00e3o iluminado<\/b> que destaca a beleza da sua fachada. A ilumina\u00e7\u00e3o embutida \u00e9 uma solu\u00e7\u00e3o pr\u00e1tica e elegante.<\/p>\n<h3>2.1 Criando um ambiente acolhedor<\/h3>\n<figure style=\"width: 1024px\" class=\"wp-caption aligncenter\"><img decoding=\"async\" src=\"https:\/\/www.aarquiteta.com.br\/blog\/wp-content\/uploads\/2024\/10\/fachada-com-portao-preto02.jpg\" alt=\"4 Ideias Sofisticadas de Fachada com Port\u00e3o Preto para Valorizar sua Casa\" width=\"1024\" height=\"1024\" title=\"\"><figcaption class=\"wp-caption-text\">4 Ideias Sofisticadas de Fachada com Port\u00e3o Preto para Valorizar sua Casa<\/figcaption><\/figure>\n<p>A luz suave que emana do port\u00e3o cria um <b>clima acolhedor<\/b>, perfeito para receber amigos e familiares. \u00c9 como se o port\u00e3o dissesse: &#8220;Bem-vindo ao seu lar!&#8221;<\/p>\n<h3>2.2 Seguran\u00e7a e est\u00e9tica<\/h3>\n<figure style=\"width: 1024px\" class=\"wp-caption aligncenter\"><img decoding=\"async\" src=\"https:\/\/www.aarquiteta.com.br\/blog\/wp-content\/uploads\/2024\/10\/fachada-com-portao-preto01.jpg\" alt=\"4 Ideias Sofisticadas de Fachada com Port\u00e3o Preto para Valorizar sua Casa\" width=\"1024\" height=\"1024\" title=\"\"><figcaption class=\"wp-caption-text\">4 Ideias Sofisticadas de Fachada com Port\u00e3o Preto para Valorizar sua Casa<\/figcaption><\/figure>\n<p>Al\u00e9m de embelezar, a ilumina\u00e7\u00e3o tamb\u00e9m aumenta a <b>seguran\u00e7a<\/b>. Um port\u00e3o bem iluminado \u00e9 um forte aliado contra intrusos, garantindo que voc\u00ea e sua fam\u00edlia se sintam seguros.<\/p>\n<h2>3. Port\u00e3o Preto com Design Geom\u00e9trico<\/h2>\n<p>Se voc\u00ea \u00e9 f\u00e3 de <b>modernidade<\/b>, um port\u00e3o preto com design geom\u00e9trico \u00e9 a escolha ideal. Essa op\u00e7\u00e3o traz um ar contempor\u00e2neo e inovador \u00e0 sua fachada.<\/p>\n<h3>3.1 Modernidade e inova\u00e7\u00e3o<\/h3>\n<p>Os padr\u00f5es geom\u00e9tricos s\u00e3o uma forma de expressar <b>criatividade<\/b> e estilo. Eles podem ser adaptados para se adequar ao seu gosto pessoal, tornando seu port\u00e3o uma verdadeira obra de arte.<\/p>\n<h3>3.2 Como escolher o padr\u00e3o ideal<\/h3>\n<h3>Assista agora a minha recomenda\u00e7\u00e3o de video abaixo sobre o tema que estamos tratando neste artigo: <\/h3>\n<p>https:\/\/www.youtube.com\/watch?v=<\/p>\n<p>Ao escolher um design geom\u00e9trico, considere o estilo da sua casa. Um padr\u00e3o que complemente a arquitetura existente pode fazer toda a diferen\u00e7a na <b>harmonia visual<\/b> do espa\u00e7o.<\/p>\n<h2>4. Port\u00e3o Preto com Jardim Vertical<\/h2>\n<p>Para quem ama a natureza, um port\u00e3o preto combinado com um <b>jardim vertical<\/b> \u00e9 uma escolha perfeita. Essa integra\u00e7\u00e3o traz frescor e vida \u00e0 fachada.<\/p>\n<h3>4.1 Integra\u00e7\u00e3o com a natureza<\/h3>\n<p>Um jardim vertical ao lado do port\u00e3o cria um <b>espa\u00e7o verde<\/b> que contrasta com o preto, trazendo um toque de natureza ao ambiente urbano. \u00c9 como ter um pedacinho da floresta na sua casa!<\/p>\n<h3>4.2 Valoriza\u00e7\u00e3o do espa\u00e7o externo<\/h3>\n<p>Al\u00e9m de embelezar, essa combina\u00e7\u00e3o valoriza o espa\u00e7o externo, tornando-o mais convidativo e agrad\u00e1vel. Um port\u00e3o preto com um jardim vertical \u00e9 um verdadeiro <b>cart\u00e3o de visita<\/b> para sua casa.<\/p>\n<h2>Conclus\u00e3o<\/h2>\n<p>Um port\u00e3o preto pode ser muito mais do que uma simples entrada. Com as ideias apresentadas, \u00e9 poss\u00edvel transformar a fachada da sua casa, trazendo <b>sofistica\u00e7\u00e3o<\/b> e <b>valoriza\u00e7\u00e3o<\/b> ao seu im\u00f3vel. Seja com detalhes em madeira, ilumina\u00e7\u00e3o embutida, design geom\u00e9trico ou um jardim vertical, as op\u00e7\u00f5es s\u00e3o diversas e podem atender a diferentes estilos e gostos. Invista na beleza e seguran\u00e7a do seu lar e deixe sua marca na vizinhan\u00e7a!<\/p>\n","protected":false},"excerpt":{"rendered":"<p>Veja fachadas modernas e sofisticadas com port\u00e3o preto para dar um toque de eleg\u00e2ncia \u00e0 sua casa.<\/p>\n","protected":false},"author":102,"featured_media":133009,"comment_status":"closed","ping_status":"closed","sticky":false,"template":"","format":"standard","meta":{"footnotes":""},"categories":[1484,971,18792,18794],"tags":[],"class_list":["post-133012","post","type-post","status-publish","format-standard","has-post-thumbnail","category-decoracao","category-design-de-interiores","category-decoracao-de-apartamento","category-projetos-de-decoracao-de-casas"],"_wp_attached_file":null,"_wp_attachment_metadata":null,"_wp_attachment_context":null,"_wp_attachment_is_custom_header":null,"geo_longitude":null,"geo_public":null,"geo_latitude":null,"_publicize_done_external":null,"_wpas_done_3897181":null,"publicize_twitter_user":null,"_wpas_done_3897175":null,"_wpas_skip_3897181":null,"_wpas_skip_3897175":null,"_wpas_skip_3924723":null,"_wpas_mess":null,"_wpas_done_3924723":null,"wps_subtitle":"","_links":{"self":[{"href":"https:\/\/www.aarquiteta.com.br\/blog\/wp-json\/wp\/v2\/posts\/133012","targetHints":{"allow":["GET"]}}],"collection":[{"href":"https:\/\/www.aarquiteta.com.br\/blog\/wp-json\/wp\/v2\/posts"}],"about":[{"href":"https:\/\/www.aarquiteta.com.br\/blog\/wp-json\/wp\/v2\/types\/post"}],"author":[{"embeddable":true,"href":"https:\/\/www.aarquiteta.com.br\/blog\/wp-json\/wp\/v2\/users\/102"}],"replies":[{"embeddable":true,"href":"https:\/\/www.aarquiteta.com.br\/blog\/wp-json\/wp\/v2\/comments?post=133012"}],"version-history":[{"count":0,"href":"https:\/\/www.aarquiteta.com.br\/blog\/wp-json\/wp\/v2\/posts\/133012\/revisions"}],"wp:featuredmedia":[{"embeddable":true,"href":"https:\/\/www.aarquiteta.com.br\/blog\/wp-json\/wp\/v2\/media\/133009"}],"wp:attachment":[{"href":"https:\/\/www.aarquiteta.com.br\/blog\/wp-json\/wp\/v2\/media?parent=133012"}],"wp:term":[{"taxonomy":"category","embeddable":true,"href":"https:\/\/www.aarquiteta.com.br\/blog\/wp-json\/wp\/v2\/categories?post=133012"},{"taxonomy":"post_tag","embeddable":true,"href":"https:\/\/www.aarquiteta.com.br\/blog\/wp-json\/wp\/v2\/tags?post=133012"}],"curies":[{"name":"wp","href":"https:\/\/api.w.org\/{rel}","templated":true}]}}